{"id":5752,"date":"2022-08-25T02:19:44","date_gmt":"2022-08-25T05:19:44","guid":{"rendered":"https:\/\/vimagazine.com.br\/?p=5752"},"modified":"2022-08-25T02:19:48","modified_gmt":"2022-08-25T05:19:48","slug":"insonia-temos-uma-live-hoje-a-meia-noite","status":"publish","type":"post","link":"https:\/\/vimagazine.com.br\/?p=5752","title":{"rendered":"Ins\u00f4nia? Temos uma live hoje a meia noite!"},"content":{"rendered":"\n<p><\/p>\n\n\n\n<p>De acordo com pesquisa realizada pelo Instituto Brasileiro de Opini\u00e3o P\u00fablica e Estat\u00edstica (Ibope), 65% dos brasileiros t\u00eam baixa qualidade do sono. Do total, contudo, somente 7% procuram ajuda m\u00e9dica.<\/p>\n\n\n\n<p><\/p>\n\n\n\n<p>Os tratamentos alternativos ou conjugados v\u00eam apresentando uma \u00f3tima melhora na qualidade do sono e consequentemente proporcionando uma vida mais saud\u00e1vel para as pessoas que sofrem com a ins\u00f4nia. Em meio a tantas novidades que chegam ao mercado, a terapia combinada de Canabinoides \u00e9 uma delas e, conforme estudos cient\u00edficos, promete combater os dist\u00farbios do sono com efic\u00e1cia e seguran\u00e7a al\u00e9m de tratar os transtornos de ansiedade e dor cr\u00f4nica que normalmente vem associados \u00e0s noites mal dormidas.<\/p>\n\n\n\n<p><\/p>\n\n\n\n<p>Portanto se voc\u00ea est\u00e1 nesse grupo e busca uma solu\u00e7\u00e3o fitoter\u00e1pica e eficaz para o seu problema, o neurocirurgi\u00e3o e diretor cient\u00edfico do Sechat, Dr. Pedro Pierro juntamente com o diretor t\u00e9cnico da FarmaUSA, Helder Colmenero te esperam para um bate papo na \u201cLive da Ins\u00f4nia\u201d, que acontecer\u00e1 hoje, as 23:59hs de quinta para sexta no instagram do @sechat_oficial em parceria com a @farmausaoficial.<\/p>\n\n\n\n<p><\/p>\n\n\n\n<p>N\u00e3o perca essa oportunidade de se atualizar!<\/p>\n\n\n\n<p>Com certeza as boas not\u00edcias far\u00e3o voc\u00ea desfrutar de muitas noites de sono profundo.<\/p>\n\n\n\n<p>Ins\u00f4nia? Temos uma live hoje a meia noite!<\/p>\n\n\n\n<p>De acordo com pesquisa realizada pelo Instituto Brasileiro de Opini\u00e3o P\u00fablica e Estat\u00edstica (Ibope), 65% dos brasileiros t\u00eam baixa qualidade do sono. Do total, contudo, somente 7% procuram ajuda m\u00e9dica.<\/p>\n\n\n\n<p>Os tratamentos alternativos ou conjugados v\u00eam apresentando uma \u00f3tima melhora na qualidade do sono e consequentemente proporcionando uma vida mais saud\u00e1vel para as pessoas que sofrem com a ins\u00f4nia. Em meio a tantas novidades que chegam ao mercado, a terapia combinada de Canabinoides \u00e9 uma delas e, conforme estudos cient\u00edficos, promete combater os dist\u00farbios do sono com efic\u00e1cia e seguran\u00e7a al\u00e9m de tratar os transtornos de ansiedade e dor cr\u00f4nica que normalmente vem associados \u00e0s noites mal dormidas.<\/p>\n\n\n\n<p>Portanto se voc\u00ea est\u00e1 nesse grupo e busca uma solu\u00e7\u00e3o fitoter\u00e1pica e eficaz para o seu problema, o neurocirurgi\u00e3o e diretor cient\u00edfico do Sechat, Dr. Pedro Pierro juntamente com o diretor t\u00e9cnico da FarmaUSA, Helder Colmenero te esperam para um bate papo na \u201cLive da Ins\u00f4nia\u201d, que acontecer\u00e1 hoje, as 23:59hs de quinta para sexta no instagram do @sechat_oficial em parceria com a @farmausaoficial.<\/p>\n\n\n\n<p>N\u00e3o perca essa oportunidade de se atualizar!<\/p>\n\n\n\n<p>Com certeza as boas not\u00edcias far\u00e3o voc\u00ea desfrutar de muitas noites de sono profundo.<\/p>\n","protected":false},"excerpt":{"rendered":"<p>De acordo com pesquisa realizada pelo Instituto Brasileiro de Opini\u00e3o P\u00fablica e Estat\u00edstica (Ibope), 65%&#8230;<\/p>\n","protected":false},"author":2,"featured_media":5753,"comment_status":"closed","ping_status":"open","sticky":false,"template":"","format":"standard","meta":{"om_disable_all_campaigns":false,"_monsterinsights_skip_tracking":false,"_monsterinsights_sitenote_active":false,"_monsterinsights_sitenote_note":"","_monsterinsights_sitenote_category":0,"spay_email":""},"categories":[1],"tags":[395,396,45,397],"jetpack_featured_media_url":"https:\/\/vimagazine.com.br\/wp-content\/uploads\/2022\/08\/a2957d27-ee71-4b70-9b0c-975de8e7197c.jpg","_links":{"self":[{"href":"https:\/\/vimagazine.com.br\/index.php?rest_route=\/wp\/v2\/posts\/5752"}],"collection":[{"href":"https:\/\/vimagazine.com.br\/index.php?rest_route=\/wp\/v2\/posts"}],"about":[{"href":"https:\/\/vimagazine.com.br\/index.php?rest_route=\/wp\/v2\/types\/post"}],"author":[{"embeddable":true,"href":"https:\/\/vimagazine.com.br\/index.php?rest_route=\/wp\/v2\/users\/2"}],"replies":[{"embeddable":true,"href":"https:\/\/vimagazine.com.br\/index.php?rest_route=%2Fwp%2Fv2%2Fcomments&post=5752"}],"version-history":[{"count":1,"href":"https:\/\/vimagazine.com.br\/index.php?rest_route=\/wp\/v2\/posts\/5752\/revisions"}],"predecessor-version":[{"id":5754,"href":"https:\/\/vimagazine.com.br\/index.php?rest_route=\/wp\/v2\/posts\/5752\/revisions\/5754"}],"wp:featuredmedia":[{"embeddable":true,"href":"https:\/\/vimagazine.com.br\/index.php?rest_route=\/wp\/v2\/media\/5753"}],"wp:attachment":[{"href":"https:\/\/vimagazine.com.br\/index.php?rest_route=%2Fwp%2Fv2%2Fmedia&parent=5752"}],"wp:term":[{"taxonomy":"category","embeddable":true,"href":"https:\/\/vimagazine.com.br\/index.php?rest_route=%2Fwp%2Fv2%2Fcategories&post=5752"},{"taxonomy":"post_tag","embeddable":true,"href":"https:\/\/vimagazine.com.br\/index.php?rest_route=%2Fwp%2Fv2%2Ftags&post=5752"}],"curies":[{"name":"wp","href":"https:\/\/api.w.org\/{rel}","templated":true}]}}