{"id":5755,"date":"2022-08-26T12:49:47","date_gmt":"2022-08-26T15:49:47","guid":{"rendered":"https:\/\/vimagazine.com.br\/?p=5755"},"modified":"2022-08-26T13:10:10","modified_gmt":"2022-08-26T16:10:10","slug":"a-bela-e-a-fera-on-ice-fara-estreia-nacional-em-brasilia","status":"publish","type":"post","link":"https:\/\/vimagazine.com.br\/?p=5755","title":{"rendered":"&#8220;A Bela e a Fera \u2013 On Ice&#8221; far\u00e1 estreia nacional em Bras\u00edlia"},"content":{"rendered":"\n<p><\/p>\n\n\n\n<p class=\"has-medium-font-size\"><em><strong>A superprodu\u00e7\u00e3o e adapta\u00e7\u00e3o musical de um dos maiores sucessos da hist\u00f3ria, &#8220;A Bela e a Fera&#8221;, de Madame de Beaumont, em sua primeira vers\u00e3o nacional no gelo, estreia em outubro, em Bras\u00edlia.<\/strong><\/em><\/p>\n\n\n\n<p style=\"font-size:18px\">&#8220;A Bela e a Fera \u2013 On Ice&#8221; \u00e9 um espet\u00e1culo da Palavra e Som Entretenimento, e conta com efeitos especiais, 60 figurinos, sensa\u00e7\u00f5es em 3D, onde a plateia poder\u00e1 se sentir imersa na hist\u00f3ria, ilusionismo, al\u00e9m \u00e9 claro de patina\u00e7\u00e3o no gelo e ser todo cantado ao vivo. Seguindo a linha Family Show o musical promete encantar todas as idades.<\/p>\n\n\n\n<p style=\"font-size:18px\">O musical conta a hist\u00f3ria de Bela, uma inteligente jovem que vive em uma pequena aldeia e \u00e9 considerada estranha pelos moradores locais. Bela \u00e9 cortejada por Gaspar, o jovem ca\u00e7ador da aldeia que pretende casar com ela, por\u00e9m a jovem n\u00e3o retribui o interesse do rapaz, pois acha Gaspar uma pessoa primitiva. A jovem tem o pai capturado pela Fera e decide entregar sua vida ao estranho ser em troca da liberdade do progenitor. No castelo, ela conhece objetos m\u00e1gicos e descobre que a Fera \u00e9 na verdade um pr\u00edncipe que precisa de amor para voltar \u00e0 forma humana.<\/p>\n\n\n\n<p style=\"font-size:18px\">Palavra e Som Entretenimento \u00e9 uma produtora cultural de S\u00e3o Paulo, comandada por Bruno Souza, durante a pandemia percorreu mais de 9 estados, realizou mais de 30 sess\u00f5es e atingiu um p\u00fablico de mais de 100 mil pessoas com apresenta\u00e7\u00e3o em Drive- in. Empregando diretamente mais de 40 pessoas durante esse per\u00edodo, entre t\u00e9cnicos, atores, camareiras e costureiras.<\/p>\n\n\n\n<p style=\"font-size:18px\">O musical far\u00e1 \u00fanica apresenta\u00e7\u00e3o em Bras\u00edlia, em S\u00e3o Paulo, no dia 08 de outubro de 2022, no Centro de Conven\u00e7\u00f5es Ulysses, \u00e0s 21h30. Os ingressos estar\u00e3o \u00e0 venda em breve.<\/p>\n","protected":false},"excerpt":{"rendered":"<p>A superprodu\u00e7\u00e3o e adapta\u00e7\u00e3o musical de um dos maiores sucessos da hist\u00f3ria, &#8220;A Bela e&#8230;<\/p>\n","protected":false},"author":1,"featured_media":5756,"comment_status":"closed","ping_status":"open","sticky":false,"template":"","format":"standard","meta":{"om_disable_all_campaigns":false,"_monsterinsights_skip_tracking":false,"_monsterinsights_sitenote_active":false,"_monsterinsights_sitenote_note":"","_monsterinsights_sitenote_category":0,"spay_email":""},"categories":[1],"tags":[],"jetpack_featured_media_url":"https:\/\/vimagazine.com.br\/wp-content\/uploads\/2022\/08\/on-ice.jpeg","_links":{"self":[{"href":"https:\/\/vimagazine.com.br\/index.php?rest_route=\/wp\/v2\/posts\/5755"}],"collection":[{"href":"https:\/\/vimagazine.com.br\/index.php?rest_route=\/wp\/v2\/posts"}],"about":[{"href":"https:\/\/vimagazine.com.br\/index.php?rest_route=\/wp\/v2\/types\/post"}],"author":[{"embeddable":true,"href":"https:\/\/vimagazine.com.br\/index.php?rest_route=\/wp\/v2\/users\/1"}],"replies":[{"embeddable":true,"href":"https:\/\/vimagazine.com.br\/index.php?rest_route=%2Fwp%2Fv2%2Fcomments&post=5755"}],"version-history":[{"count":1,"href":"https:\/\/vimagazine.com.br\/index.php?rest_route=\/wp\/v2\/posts\/5755\/revisions"}],"predecessor-version":[{"id":5757,"href":"https:\/\/vimagazine.com.br\/index.php?rest_route=\/wp\/v2\/posts\/5755\/revisions\/5757"}],"wp:featuredmedia":[{"embeddable":true,"href":"https:\/\/vimagazine.com.br\/index.php?rest_route=\/wp\/v2\/media\/5756"}],"wp:attachment":[{"href":"https:\/\/vimagazine.com.br\/index.php?rest_route=%2Fwp%2Fv2%2Fmedia&parent=5755"}],"wp:term":[{"taxonomy":"category","embeddable":true,"href":"https:\/\/vimagazine.com.br\/index.php?rest_route=%2Fwp%2Fv2%2Fcategories&post=5755"},{"taxonomy":"post_tag","embeddable":true,"href":"https:\/\/vimagazine.com.br\/index.php?rest_route=%2Fwp%2Fv2%2Ftags&post=5755"}],"curies":[{"name":"wp","href":"https:\/\/api.w.org\/{rel}","templated":true}]}}