{"id":5758,"date":"2022-08-26T12:59:43","date_gmt":"2022-08-26T15:59:43","guid":{"rendered":"https:\/\/vimagazine.com.br\/?p=5758"},"modified":"2022-08-26T13:00:57","modified_gmt":"2022-08-26T16:00:57","slug":"gestoras-falam-da-parceria-de-sucesso-por-meio-do-programa-ricos","status":"publish","type":"post","link":"https:\/\/vimagazine.com.br\/?p=5758","title":{"rendered":"Gestoras falam da parceria de sucesso por meio do  &#8216;Programa Ricos&#8217;"},"content":{"rendered":"\n<p><\/p>\n\n\n\n<p><strong>Laura Rodrigues e Aline Silva&nbsp;<\/strong>possuem mais de 4 anos no segmento de cons\u00f3rcios e, atualmente, gerenciam a unidade do \u2018Programa Ricos\u2019, em Jo\u00e3o Pessoa.<\/p>\n\n\n\n<p><\/p>\n\n\n\n<p><strong>&nbsp;<\/strong>&nbsp; &nbsp; &nbsp;Para falar sobre o poder de transforma\u00e7\u00e3o do \u2018<strong>Programa Ricos<\/strong>\u2019 \u2013 forma\u00e7\u00e3o de l\u00edderes de excel\u00eancia, voltado para tornar pessoas aptas a serem empreendedoras de sucesso, e saberem como se manterem bem-sucedidas, que eu entrevistei as diretoras e parceiras,<strong>&nbsp;Laura Rodrigues&nbsp;<\/strong>e<strong>&nbsp;Aline Silva<\/strong>.<\/p>\n\n\n\n<p><\/p>\n\n\n\n<figure class=\"wp-block-image size-large\"><img width=\"1024\" height=\"576\" src=\"https:\/\/vimagazine.com.br\/wp-content\/uploads\/2022\/08\/a0ca7132-9112-4240-b698-a79425275c51-2-1024x576.jpg\" alt=\"\" class=\"wp-image-5759\" srcset=\"https:\/\/vimagazine.com.br\/wp-content\/uploads\/2022\/08\/a0ca7132-9112-4240-b698-a79425275c51-2-1024x576.jpg 1024w, https:\/\/vimagazine.com.br\/wp-content\/uploads\/2022\/08\/a0ca7132-9112-4240-b698-a79425275c51-2-300x169.jpg 300w, https:\/\/vimagazine.com.br\/wp-content\/uploads\/2022\/08\/a0ca7132-9112-4240-b698-a79425275c51-2-768x432.jpg 768w, https:\/\/vimagazine.com.br\/wp-content\/uploads\/2022\/08\/a0ca7132-9112-4240-b698-a79425275c51-2.jpg 1280w\" sizes=\"(max-width: 1024px) 100vw, 1024px\" \/><figcaption>Foto: Rita Lima e Igor Oliveira <\/figcaption><\/figure>\n\n\n\n<p><\/p>\n\n\n\n<p><strong><em>Quando e como voc\u00eas conheceram o \u2018Programa Ricos\u2019?<\/em><\/strong><\/p>\n\n\n\n<p><\/p>\n\n\n\n<p>&nbsp;<strong>&nbsp; R:<\/strong>&nbsp;Iniciamos no cons\u00f3rcio em 2018 e, sab\u00edamos do projeto de crescimento de Rita e Igor, mas somente no inicio de 2022, que de fato come\u00e7amos a fazer parte diretamente do \u2018Programa Ricos\u2019.<\/p>\n\n\n\n<p><\/p>\n\n\n\n<p><strong><em>Qual a import\u00e2ncia do \u2018Programa Ricos\u2019 nas suas vidas?<\/em><\/strong><\/p>\n\n\n\n<p><\/p>\n\n\n\n<p>&nbsp;<strong>R:&nbsp;<\/strong>Um novo jeito de ver o mundo empresarial e saber que existe um programa com processos e direcionamentos reais que podem e fazem a gente evoluir no financeiro e no profissional.<\/p>\n\n\n\n<p><\/p>\n\n\n\n<p><strong><em>Em&nbsp;&nbsp;&nbsp;&nbsp;&nbsp;&nbsp;que&nbsp;&nbsp;&nbsp;&nbsp;&nbsp;e como&nbsp;&nbsp;&nbsp;&nbsp;&nbsp;&nbsp;&nbsp;&nbsp;&nbsp;&nbsp;&nbsp;especificamente,&nbsp;&nbsp;&nbsp;&nbsp;o \u2018Programa&nbsp;Ricos\u2019, transformou a vida de voc\u00eas?<\/em><\/strong><\/p>\n\n\n\n<p><\/p>\n\n\n\n<p>&nbsp;&nbsp;&nbsp;<strong>R:&nbsp;&nbsp;<\/strong>Algum tempo atr\u00e1s t\u00ednhamos ido procurar outras op\u00e7\u00f5es no mercado de cons\u00f3rcio e tivemos algumas frusta\u00e7\u00f5es. Quando soubemos do novo projeto, o \u2018Programa Ricos\u2019, e sab\u00edamos que os respons\u00e1veis eram Rita e Igor, que s\u00e3o grandes gestores, mentores e l\u00edderes, ficamos super felizes e confiantes. Mesmo porque j\u00e1 t\u00ednhamos trabalhado por cerca de 2 anos na base deles e, ao voltar para lideran\u00e7a com eles nos permitiu acreditar novamente na gente e, eles diariamente, nos auxiliam a melhor cada vez mais e saber que para todo o crescimento existe um processo a ser seguido.<\/p>\n\n\n\n<p><\/p>\n\n\n\n<p><strong><em>H\u00e1 quanto tempo voc\u00eas trabalham com Rita Lima e Igor Oliveira e, o que eles representam para voc\u00eas?<\/em><\/strong><\/p>\n\n\n\n<p><\/p>\n\n\n\n<p>&nbsp;&nbsp;<strong>R:&nbsp;&nbsp;<\/strong>H\u00e1 5 anos atr\u00e1s j\u00e1 trabalh\u00e1vamos na mesma plataforma, por\u00e9m somente a partir de fevereiro de 2022 que fechamos parceria direta como Gestoras no Estado da Para\u00edba, e representando o \u2018<strong><a href=\"https:\/\/www.instagram.com\/programa.ricos\/\">Programa Ricos<\/a><\/strong>\u2019. Rita e Igor representam muita determina\u00e7\u00e3o, f\u00e9 e perseveran\u00e7a de que os nossos sonhos podem se tornar realidade.<\/p>\n\n\n\n<p><\/p>\n\n\n\n<p><strong><em>Como foi para voc\u00eas chegar ao cargo de gerente de plataforma em n\u00edvel de&nbsp;&nbsp;estado as principais&nbsp;&nbsp;fun\u00e7\u00f5es de voc\u00eas?<\/em><\/strong><\/p>\n\n\n\n<p><\/p>\n\n\n\n<p>&nbsp;&nbsp;&nbsp;&nbsp;<strong>R:&nbsp;<\/strong>Passamos por diversos altos e baixos, mas chegamos aqui com muita persist\u00eancia, disciplina e, acima de tudo, com honestidade. Hoje n\u00f3s temos a miss\u00e3o de formar novos l\u00edderes, novos donos de suas pr\u00f3prias empresas e proporcionar crescimento profissional e financeiro para todos que desejam embarcar nessa maravilhosa jornada.<\/p>\n\n\n\n<p><\/p>\n\n\n\n<p><strong><em>Qual o diferencial que o Programa Ricos oferece?<\/em><\/strong><\/p>\n\n\n\n<p><\/p>\n\n\n\n<p>&nbsp;&nbsp;<strong>R:&nbsp;<\/strong>Inova\u00e7\u00e3o, amadurecimento profissional, orienta\u00e7\u00e3o financeira e treinamentos personalizados para cada integrante que faz parte do programa.<\/p>\n\n\n\n<p><\/p>\n\n\n\n<p><em>&nbsp;<strong>Qual&nbsp;&nbsp; o&nbsp; &nbsp; conselho&nbsp;&nbsp;&nbsp;&nbsp;&nbsp;&nbsp;&nbsp; que&nbsp;&nbsp;&nbsp;&nbsp; voc\u00eas&nbsp; d\u00e3o&nbsp;&nbsp;&nbsp;&nbsp; para&nbsp;&nbsp; aqueles&nbsp;&nbsp;&nbsp;&nbsp;&nbsp;&nbsp;&nbsp;&nbsp; que querem participar do \u2018Programa Ricos\u2019?<\/strong><\/em><\/p>\n\n\n\n<p><\/p>\n\n\n\n<p>&nbsp;<strong>R:&nbsp;<\/strong>Primeiro reconhe\u00e7a que precisa de auxilio e segundo se permita&nbsp;&nbsp;passar pelos processos para ter de fato seu crescimento e, esteja 110% envolvido em todas as etapas que o \u2018Programa Ricos\u2019 oferece.&nbsp;<\/p>\n\n\n\n<p><\/p>\n\n\n\n<p><strong><em>Quais os benef\u00edcios adquiridos pelo programa de forma\u00e7\u00e3o de l\u00edderes?<\/em><\/strong><\/p>\n\n\n\n<p><\/p>\n\n\n\n<p>&nbsp;&nbsp;<strong>R:&nbsp;<\/strong>Auto conhecimento, lideran\u00e7a eficaz, forma\u00e7\u00e3o e crescimento<\/p>\n\n\n\n<p><\/p>\n\n\n\n<p><strong><em>Como as pessoas podem fazer para entrar em contato com voc\u00eas?<\/em><\/strong><\/p>\n\n\n\n<p>&nbsp;&nbsp;<strong>R:&nbsp;<\/strong>Somos uma equipe preparada para te receber. Estamos sempre conectadas atrav\u00e9s do Instagram&nbsp;<a href=\"https:\/\/www.instagram.com\/laurarodrigues_consortium\/\">@laurarodrigues_consortium<\/a>&nbsp;e&nbsp;<a href=\"mailto:@silvaaline_07\">@silvaaline_07<\/a>, ou atrav\u00e9s do WhatsApp (83) 99386-7203 \/ (83) 98835-4639 e e-mail:&nbsp;<a href=\"mailto:plataformaup@outlook.com.br\">plataformaup@outlook.com.br<\/a>. &nbsp;Voc\u00ea que reside no Estado da Para\u00edba e quer fazer parte desse time estraordin\u00e1rio nos procure que lhe mostraremos o melhor caminho para o sucesso!&nbsp;<\/p>\n","protected":false},"excerpt":{"rendered":"<p>Laura Rodrigues e Aline Silva&nbsp;possuem mais de 4 anos no segmento de cons\u00f3rcios e, atualmente,&#8230;<\/p>\n","protected":false},"author":2,"featured_media":5760,"comment_status":"closed","ping_status":"open","sticky":false,"template":"","format":"standard","meta":{"om_disable_all_campaigns":false,"_monsterinsights_skip_tracking":false,"_monsterinsights_sitenote_active":false,"_monsterinsights_sitenote_note":"","_monsterinsights_sitenote_category":0,"spay_email":""},"categories":[31],"tags":[383,398,384,324],"jetpack_featured_media_url":"https:\/\/vimagazine.com.br\/wp-content\/uploads\/2022\/08\/851e5749-b6a1-488e-8b58-21a30fbf759c.jpg","_links":{"self":[{"href":"https:\/\/vimagazine.com.br\/index.php?rest_route=\/wp\/v2\/posts\/5758"}],"collection":[{"href":"https:\/\/vimagazine.com.br\/index.php?rest_route=\/wp\/v2\/posts"}],"about":[{"href":"https:\/\/vimagazine.com.br\/index.php?rest_route=\/wp\/v2\/types\/post"}],"author":[{"embeddable":true,"href":"https:\/\/vimagazine.com.br\/index.php?rest_route=\/wp\/v2\/users\/2"}],"replies":[{"embeddable":true,"href":"https:\/\/vimagazine.com.br\/index.php?rest_route=%2Fwp%2Fv2%2Fcomments&post=5758"}],"version-history":[{"count":2,"href":"https:\/\/vimagazine.com.br\/index.php?rest_route=\/wp\/v2\/posts\/5758\/revisions"}],"predecessor-version":[{"id":5762,"href":"https:\/\/vimagazine.com.br\/index.php?rest_route=\/wp\/v2\/posts\/5758\/revisions\/5762"}],"wp:featuredmedia":[{"embeddable":true,"href":"https:\/\/vimagazine.com.br\/index.php?rest_route=\/wp\/v2\/media\/5760"}],"wp:attachment":[{"href":"https:\/\/vimagazine.com.br\/index.php?rest_route=%2Fwp%2Fv2%2Fmedia&parent=5758"}],"wp:term":[{"taxonomy":"category","embeddable":true,"href":"https:\/\/vimagazine.com.br\/index.php?rest_route=%2Fwp%2Fv2%2Fcategories&post=5758"},{"taxonomy":"post_tag","embeddable":true,"href":"https:\/\/vimagazine.com.br\/index.php?rest_route=%2Fwp%2Fv2%2Ftags&post=5758"}],"curies":[{"name":"wp","href":"https:\/\/api.w.org\/{rel}","templated":true}]}}