{"id":5763,"date":"2022-08-26T16:15:05","date_gmt":"2022-08-26T19:15:05","guid":{"rendered":"https:\/\/vimagazine.com.br\/?p=5763"},"modified":"2022-08-26T16:15:08","modified_gmt":"2022-08-26T19:15:08","slug":"premio-operand-anuncia-finalistas-e-abre-votacao-popular","status":"publish","type":"post","link":"https:\/\/vimagazine.com.br\/?p=5763","title":{"rendered":"Pr\u00eamio Operand anuncia finalistas e abre vota\u00e7\u00e3o popular"},"content":{"rendered":"\n<h1>Premia\u00e7\u00e3o reconhece o talento das ag\u00eancias de publicidade e resultado sai no dia 14 de setembro<\/h1>\n\n\n\n<p>Em sua segunda edi\u00e7\u00e3o, o Pr\u00eamio Operand, que tem como objetivo principal reconhecer o talento e a originalidade das ag\u00eancias de publicidade, revelou nesta semana os nomes indicados pelo j\u00fari para concorrer ao trof\u00e9u nas quatro categorias. Os ganhadores ser\u00e3o revelados no dia 14 de setembro, dentro da edi\u00e7\u00e3o da <a href=\"https:\/\/www.eventoopcon.com.br\/\" target=\"_blank\" rel=\"noreferrer noopener\">Opcon Criatividade<\/a>, evento gratuito e online, voltado para as equipes criativas das ag\u00eancias.&nbsp;<\/p>\n\n\n\n<p>A premia\u00e7\u00e3o celebra as melhores campanhas e processos de gest\u00e3o desenvolvidos pelas ag\u00eancias, e \u00e9 exclusiva para os clientes do sistema de gest\u00e3o Operand. As campanhas inscritas passaram pela avalia\u00e7\u00e3o de quatro profissionais da \u00e1rea: Felipe Silva (Co-fundador da GANA), Juliana Duarte (Executiva de neg\u00f3cios da Globo para ag\u00eancias), Samira Cardoso (CEO da LayerUp) e Vinicius Gambeta (Fundador da Ag\u00eancia de Bolso), e agora contam com a participa\u00e7\u00e3o do p\u00fablico para definir o p\u00f3dio por meio de uma vota\u00e7\u00e3o aberta no <a href=\"https:\/\/www.operand.com.br\/premio-operand\/\" target=\"_blank\" rel=\"noreferrer noopener\">site oficial <\/a>do pr\u00eamio, at\u00e9 o dia 31 de agosto.<\/p>\n\n\n\n<p>Confira os finalistas de cada categoria:<\/p>\n\n\n\n<p><strong>M\u00eddia Impressa<\/strong><\/p>\n\n\n\n<p>Ag\u00eancia SALA &#8211; Campanha: O isolamento n\u00e3o \u00e9 para todos &#8211; Cliente: RENCTAS<\/p>\n\n\n\n<p>Moon.ag &#8211; Campanha: O tubinho m\u00e1gico &#8211; Cliente: Prodiet Medical Nutrition<\/p>\n\n\n\n<p>Tatticas Comunica\u00e7\u00e3o &#8211; Campanha: Combate \u00e0 viol\u00eancia contra a mulher &#8211; Cliente: Prefeitura de Navegantes (SC)<\/p>\n\n\n\n<p><strong>M\u00eddia digital<\/strong><\/p>\n\n\n\n<p>Marsala &#8211; Campanha: Transforme &#8211; Cliente: Atual Escola<\/p>\n\n\n\n<p>Mondigital Marketing e Comunica\u00e7\u00e3o &#8211; Campanha: Posicionar &amp; conectar &#8211; Cliente: Mondigital<\/p>\n\n\n\n<p>Lean &#8211; Campanha: O saque mais r\u00e1pido &#8211; Cliente: Betnacional<\/p>\n\n\n\n<p><strong>Campanha 360\u00ba<\/strong><\/p>\n\n\n\n<p>Pontocom.ag &#8211; Campanha: Concorr\u00eancia NHS &#8211; Cliente: NHS Solar<\/p>\n\n\n\n<p>OLLYVA &#8211; Campanha: Empodera ela &#8211; Cliente: Aliansce Sonae<\/p>\n\n\n\n<p>Tatticas Comunica\u00e7\u00e3o &#8211; Campanha: Combate \u00e0 dengue &#8211; Cliente: Prefeitura de Navegantes\u00a0<\/p>\n\n\n\n<p><strong>Case de Gest\u00e3o da Ag\u00eancia<\/strong><\/p>\n\n\n\n<p>Gas rocket &#8211; Campanha: Crescimento e mudan\u00e7a de posicionamento da ag\u00eancia<\/p>\n\n\n\n<p>New Mind Comunica\u00e7\u00e3o &#8211; Campanha: NM acelera: fazer sentido d\u00e1 resultado<\/p>\n\n\n\n<p>Mondigital Marketing e Comunica\u00e7\u00e3o &#8211; Campanha: Nova fase da Mondigital<\/p>\n\n\n\n<p><strong>Participe!<\/strong><\/p>\n\n\n\n<p><strong>O qu\u00ea: <\/strong>Vota\u00e7\u00e3o popular Pr\u00eamio Operand 2022<\/p>\n\n\n\n<p><strong>Quando: <\/strong>At\u00e9 31 de agosto\u00a0<\/p>\n\n\n\n<p><strong>Onde: <\/strong>no site<strong> <\/strong><a href=\"http:\/\/www.operand.com.br\/premio-operand\/\" target=\"_blank\" rel=\"noreferrer noopener\"><strong>www.operand.com.br\/premio-operand\/<\/strong><\/a><\/p>\n\n\n\n<p>Fonte: Mariana Woj<\/p>\n","protected":false},"excerpt":{"rendered":"<p>Premia\u00e7\u00e3o reconhece o talento das ag\u00eancias de publicidade e resultado sai no dia 14 de&#8230;<\/p>\n","protected":false},"author":3,"featured_media":5764,"comment_status":"closed","ping_status":"open","sticky":false,"template":"","format":"standard","meta":{"om_disable_all_campaigns":false,"_monsterinsights_skip_tracking":false,"_monsterinsights_sitenote_active":false,"_monsterinsights_sitenote_note":"","_monsterinsights_sitenote_category":0,"spay_email":""},"categories":[1],"tags":[],"jetpack_featured_media_url":"https:\/\/vimagazine.com.br\/wp-content\/uploads\/2022\/08\/maxresdefault.jpg","_links":{"self":[{"href":"https:\/\/vimagazine.com.br\/index.php?rest_route=\/wp\/v2\/posts\/5763"}],"collection":[{"href":"https:\/\/vimagazine.com.br\/index.php?rest_route=\/wp\/v2\/posts"}],"about":[{"href":"https:\/\/vimagazine.com.br\/index.php?rest_route=\/wp\/v2\/types\/post"}],"author":[{"embeddable":true,"href":"https:\/\/vimagazine.com.br\/index.php?rest_route=\/wp\/v2\/users\/3"}],"replies":[{"embeddable":true,"href":"https:\/\/vimagazine.com.br\/index.php?rest_route=%2Fwp%2Fv2%2Fcomments&post=5763"}],"version-history":[{"count":2,"href":"https:\/\/vimagazine.com.br\/index.php?rest_route=\/wp\/v2\/posts\/5763\/revisions"}],"predecessor-version":[{"id":5766,"href":"https:\/\/vimagazine.com.br\/index.php?rest_route=\/wp\/v2\/posts\/5763\/revisions\/5766"}],"wp:featuredmedia":[{"embeddable":true,"href":"https:\/\/vimagazine.com.br\/index.php?rest_route=\/wp\/v2\/media\/5764"}],"wp:attachment":[{"href":"https:\/\/vimagazine.com.br\/index.php?rest_route=%2Fwp%2Fv2%2Fmedia&parent=5763"}],"wp:term":[{"taxonomy":"category","embeddable":true,"href":"https:\/\/vimagazine.com.br\/index.php?rest_route=%2Fwp%2Fv2%2Fcategories&post=5763"},{"taxonomy":"post_tag","embeddable":true,"href":"https:\/\/vimagazine.com.br\/index.php?rest_route=%2Fwp%2Fv2%2Ftags&post=5763"}],"curies":[{"name":"wp","href":"https:\/\/api.w.org\/{rel}","templated":true}]}}