{"id":5767,"date":"2022-08-26T16:26:56","date_gmt":"2022-08-26T19:26:56","guid":{"rendered":"https:\/\/vimagazine.com.br\/?p=5767"},"modified":"2022-08-26T16:26:59","modified_gmt":"2022-08-26T19:26:59","slug":"conheca-um-pouco-sobre-a-trajetoria-de-omar-da-cruz-silva-ceo-do-face-tv-brasil","status":"publish","type":"post","link":"https:\/\/vimagazine.com.br\/?p=5767","title":{"rendered":"Conhe\u00e7a um pouco sobre a trajet\u00f3ria de Omar da Cruz Silva, CEO do Face TV Brasil"},"content":{"rendered":"\n<p>Iniciando sua carreira na R\u00e1dio Alvorada, o jornalista, assessor e produtor de eventos, Omar da Cruz Silva \u00e9 dono de diversos portais de not\u00edcias super referenciados pelos profissionais da \u00e1rea. Sua carreira se deu na passagem por algumas r\u00e1dios, ganhando a aten\u00e7\u00e3o dos artistas que passaram a pedir aux\u00edlio do mesmo com o trabalho de assessoria, ramo onde o profissional tem crescido bastante.<\/p>\n\n\n\n<p>Aos poucos, seu nome foi tornando-se cada vez mais conhecido, ganhando ainda mais aten\u00e7\u00e3o. Com o tempo, criou seus primeiros portais, sendo CEO do Portal Face TV Brasil, Portal Mundo dos Famosos, Face TV Magazine, Top TV Web, entre outros.<\/p>\n\n\n\n<p>Seu trabalho de excel\u00eancia deu ao Face TV Brasil entre os anos de 2019 e 2020 o Pr\u00eamio Internacional Ibero-americano por servi\u00e7os prestados de informa\u00e7\u00f5es e conte\u00fado para todo o mundo.<\/p>\n\n\n\n<p>Colunista da Band FM Brasil, teve seu in\u00edcio na TV durante a cria\u00e7\u00e3o do Top TV que, atualmente, se chama Top TV Web. J\u00e1 s\u00e3o cerca de 10 anos desde a inaugura\u00e7\u00e3o do projeto. No momento, Omar conta tamb\u00e9m com o canal Face TV que ganhou aplicativo para celular, al\u00e9m de ter recebido lan\u00e7amento oficial pela Amazon e ROKU, com vizualizacoes em mais de 200 paises.<\/p>\n\n\n\n<p>Fonte: Assessoria Silva<\/p>\n\n\n\n<figure class=\"wp-block-image size-large\"><img width=\"1024\" height=\"1024\" src=\"https:\/\/vimagazine.com.br\/wp-content\/uploads\/2022\/08\/748b30f1-2be2-4dea-aea7-b10ae83c5d3b-1024x1024.jpg\" alt=\"\" class=\"wp-image-5769\" srcset=\"https:\/\/vimagazine.com.br\/wp-content\/uploads\/2022\/08\/748b30f1-2be2-4dea-aea7-b10ae83c5d3b-1024x1024.jpg 1024w, https:\/\/vimagazine.com.br\/wp-content\/uploads\/2022\/08\/748b30f1-2be2-4dea-aea7-b10ae83c5d3b-300x300.jpg 300w, https:\/\/vimagazine.com.br\/wp-content\/uploads\/2022\/08\/748b30f1-2be2-4dea-aea7-b10ae83c5d3b-150x150.jpg 150w, https:\/\/vimagazine.com.br\/wp-content\/uploads\/2022\/08\/748b30f1-2be2-4dea-aea7-b10ae83c5d3b-768x768.jpg 768w, https:\/\/vimagazine.com.br\/wp-content\/uploads\/2022\/08\/748b30f1-2be2-4dea-aea7-b10ae83c5d3b.jpg 1080w\" sizes=\"(max-width: 1024px) 100vw, 1024px\" \/><\/figure>\n\n\n\n<figure class=\"wp-block-image size-full\"><img width=\"960\" height=\"953\" src=\"https:\/\/vimagazine.com.br\/wp-content\/uploads\/2022\/08\/ca99d12f-3f0d-412d-ad87-7bcbb582ff8e.jpg\" alt=\"\" class=\"wp-image-5770\" srcset=\"https:\/\/vimagazine.com.br\/wp-content\/uploads\/2022\/08\/ca99d12f-3f0d-412d-ad87-7bcbb582ff8e.jpg 960w, https:\/\/vimagazine.com.br\/wp-content\/uploads\/2022\/08\/ca99d12f-3f0d-412d-ad87-7bcbb582ff8e-300x298.jpg 300w, https:\/\/vimagazine.com.br\/wp-content\/uploads\/2022\/08\/ca99d12f-3f0d-412d-ad87-7bcbb582ff8e-150x150.jpg 150w, https:\/\/vimagazine.com.br\/wp-content\/uploads\/2022\/08\/ca99d12f-3f0d-412d-ad87-7bcbb582ff8e-768x762.jpg 768w\" sizes=\"(max-width: 960px) 100vw, 960px\" \/><\/figure>\n\n\n\n<figure class=\"wp-block-image size-large\"><img width=\"1024\" height=\"764\" src=\"https:\/\/vimagazine.com.br\/wp-content\/uploads\/2022\/08\/191b632f-00dc-4af7-9edb-df3f0190338d-1024x764.jpg\" alt=\"\" class=\"wp-image-5772\" srcset=\"https:\/\/vimagazine.com.br\/wp-content\/uploads\/2022\/08\/191b632f-00dc-4af7-9edb-df3f0190338d-1024x764.jpg 1024w, https:\/\/vimagazine.com.br\/wp-content\/uploads\/2022\/08\/191b632f-00dc-4af7-9edb-df3f0190338d-300x224.jpg 300w, https:\/\/vimagazine.com.br\/wp-content\/uploads\/2022\/08\/191b632f-00dc-4af7-9edb-df3f0190338d-768x573.jpg 768w, https:\/\/vimagazine.com.br\/wp-content\/uploads\/2022\/08\/191b632f-00dc-4af7-9edb-df3f0190338d.jpg 1080w\" sizes=\"(max-width: 1024px) 100vw, 1024px\" \/><\/figure>\n","protected":false},"excerpt":{"rendered":"<p>Iniciando sua carreira na R\u00e1dio Alvorada, o jornalista, assessor e produtor de eventos, Omar da&#8230;<\/p>\n","protected":false},"author":3,"featured_media":5768,"comment_status":"closed","ping_status":"open","sticky":false,"template":"","format":"standard","meta":{"om_disable_all_campaigns":false,"_monsterinsights_skip_tracking":false,"_monsterinsights_sitenote_active":false,"_monsterinsights_sitenote_note":"","_monsterinsights_sitenote_category":0,"spay_email":""},"categories":[1],"tags":[],"jetpack_featured_media_url":"https:\/\/vimagazine.com.br\/wp-content\/uploads\/2022\/08\/90118cfc-dd76-4377-9f01-5aa66db991e5.jpg","_links":{"self":[{"href":"https:\/\/vimagazine.com.br\/index.php?rest_route=\/wp\/v2\/posts\/5767"}],"collection":[{"href":"https:\/\/vimagazine.com.br\/index.php?rest_route=\/wp\/v2\/posts"}],"about":[{"href":"https:\/\/vimagazine.com.br\/index.php?rest_route=\/wp\/v2\/types\/post"}],"author":[{"embeddable":true,"href":"https:\/\/vimagazine.com.br\/index.php?rest_route=\/wp\/v2\/users\/3"}],"replies":[{"embeddable":true,"href":"https:\/\/vimagazine.com.br\/index.php?rest_route=%2Fwp%2Fv2%2Fcomments&post=5767"}],"version-history":[{"count":1,"href":"https:\/\/vimagazine.com.br\/index.php?rest_route=\/wp\/v2\/posts\/5767\/revisions"}],"predecessor-version":[{"id":5773,"href":"https:\/\/vimagazine.com.br\/index.php?rest_route=\/wp\/v2\/posts\/5767\/revisions\/5773"}],"wp:featuredmedia":[{"embeddable":true,"href":"https:\/\/vimagazine.com.br\/index.php?rest_route=\/wp\/v2\/media\/5768"}],"wp:attachment":[{"href":"https:\/\/vimagazine.com.br\/index.php?rest_route=%2Fwp%2Fv2%2Fmedia&parent=5767"}],"wp:term":[{"taxonomy":"category","embeddable":true,"href":"https:\/\/vimagazine.com.br\/index.php?rest_route=%2Fwp%2Fv2%2Fcategories&post=5767"},{"taxonomy":"post_tag","embeddable":true,"href":"https:\/\/vimagazine.com.br\/index.php?rest_route=%2Fwp%2Fv2%2Ftags&post=5767"}],"curies":[{"name":"wp","href":"https:\/\/api.w.org\/{rel}","templated":true}]}}