{"id":5778,"date":"2022-08-27T13:57:16","date_gmt":"2022-08-27T16:57:16","guid":{"rendered":"https:\/\/vimagazine.com.br\/?p=5778"},"modified":"2022-08-27T13:57:19","modified_gmt":"2022-08-27T16:57:19","slug":"mr-dan-lanca-singles-com-participacao-de-thiaguinho","status":"publish","type":"post","link":"https:\/\/vimagazine.com.br\/?p=5778","title":{"rendered":"Mr. Dan lan\u00e7a singles com participa\u00e7\u00e3o de Thiaguinho"},"content":{"rendered":"\n<p>A cada semana, o trio libera mais uma parte do projeto Experi Colors<\/p>\n\n\n\n<p>Os lan\u00e7amentos do \u00e1lbum <strong>\u201cExperi Colors\u201d<\/strong> n\u00e3o param! Nesta quinta-feira, o trio <strong>Mr. Dan<\/strong> libera no Youtube a can\u00e7\u00e3o \u201cCalma Amor\u201d e \u201cA Fila Anda\u201d, em parceria com ningu\u00e9m menos do que <strong>Thiaguinho.<\/strong> <a href=\"https:\/\/www.youtube.com\/watch?v=rAQOLEMXX3w\" rel=\"noreferrer noopener\" target=\"_blank\"><strong>ASSISTA AQUI&nbsp;<\/strong><\/a><\/p>\n\n\n\n<p>Gravado no Rio de Janeiro, o Experi Colors \u00e9 a jun\u00e7\u00e3o de quatro projetos lan\u00e7ados anteriormente: Experi Red, White, Gray e Black. Ele une grandes sucessos dos anteriores em um show lotado no Via Music Hall.&nbsp;<\/p>\n\n\n\n<p>No in\u00edcio da semana, a banda tamb\u00e9m lan\u00e7ou no Youtube o single \u201cSeja Bem Vinda\u201d, gravado anteriormente no Experi White e que \u00e9 um verdadeiro sucesso.<\/p>\n\n\n\n<p>\u201c<em>Thiago \u00e9 um grande amigo meu e de minha fam\u00edlia e foi uma satisfa\u00e7\u00e3o gigantesca receber ele nesse projeto que temos tanto carinho. Tenho certeza que as pessoas de casa ir\u00e3o sentir a energia que foi aquele momento\u201d<\/em>, conta Dan, cantor do grupo.&nbsp;<\/p>\n\n\n\n<p>A cada semana, Mr. Dan lan\u00e7a um novo v\u00eddeo no Youtube e, em breve, a banda planeja uma grande festa de comemora\u00e7\u00e3o e&nbsp; turn\u00ea por todo Brasil.<\/p>\n\n\n\n<p><strong>Contatos Imprensa<\/strong><\/p>\n\n\n\n<p>Carol Freitas Assessoria<\/p>\n\n\n\n<p><\/p>\n\n\n\n<p><a href=\"mailto:Carolfreitas.jornalista@gmail.com\" rel=\"noreferrer noopener\" target=\"_blank\">Carolfreitas.jornalista@gmail.com<\/a><\/p>\n\n\n\n<p>Cr\u00e9dito: leletavaresphoto<\/p>\n","protected":false},"excerpt":{"rendered":"<p>A cada semana, o trio libera mais uma parte do projeto Experi Colors Os lan\u00e7amentos&#8230;<\/p>\n","protected":false},"author":3,"featured_media":5779,"comment_status":"closed","ping_status":"open","sticky":false,"template":"","format":"standard","meta":{"om_disable_all_campaigns":false,"_monsterinsights_skip_tracking":false,"_monsterinsights_sitenote_active":false,"_monsterinsights_sitenote_note":"","_monsterinsights_sitenote_category":0,"spay_email":""},"categories":[1],"tags":[],"jetpack_featured_media_url":"https:\/\/vimagazine.com.br\/wp-content\/uploads\/2022\/08\/Credito-leletavaresphoto-e1661619342381.jpg","_links":{"self":[{"href":"https:\/\/vimagazine.com.br\/index.php?rest_route=\/wp\/v2\/posts\/5778"}],"collection":[{"href":"https:\/\/vimagazine.com.br\/index.php?rest_route=\/wp\/v2\/posts"}],"about":[{"href":"https:\/\/vimagazine.com.br\/index.php?rest_route=\/wp\/v2\/types\/post"}],"author":[{"embeddable":true,"href":"https:\/\/vimagazine.com.br\/index.php?rest_route=\/wp\/v2\/users\/3"}],"replies":[{"embeddable":true,"href":"https:\/\/vimagazine.com.br\/index.php?rest_route=%2Fwp%2Fv2%2Fcomments&post=5778"}],"version-history":[{"count":1,"href":"https:\/\/vimagazine.com.br\/index.php?rest_route=\/wp\/v2\/posts\/5778\/revisions"}],"predecessor-version":[{"id":5780,"href":"https:\/\/vimagazine.com.br\/index.php?rest_route=\/wp\/v2\/posts\/5778\/revisions\/5780"}],"wp:featuredmedia":[{"embeddable":true,"href":"https:\/\/vimagazine.com.br\/index.php?rest_route=\/wp\/v2\/media\/5779"}],"wp:attachment":[{"href":"https:\/\/vimagazine.com.br\/index.php?rest_route=%2Fwp%2Fv2%2Fmedia&parent=5778"}],"wp:term":[{"taxonomy":"category","embeddable":true,"href":"https:\/\/vimagazine.com.br\/index.php?rest_route=%2Fwp%2Fv2%2Fcategories&post=5778"},{"taxonomy":"post_tag","embeddable":true,"href":"https:\/\/vimagazine.com.br\/index.php?rest_route=%2Fwp%2Fv2%2Ftags&post=5778"}],"curies":[{"name":"wp","href":"https:\/\/api.w.org\/{rel}","templated":true}]}}