{"id":5784,"date":"2022-08-27T15:21:03","date_gmt":"2022-08-27T18:21:03","guid":{"rendered":"https:\/\/vimagazine.com.br\/?p=5784"},"modified":"2022-08-27T15:27:44","modified_gmt":"2022-08-27T18:27:44","slug":"jurista-aborda-direitos-das-pessoas-com-deficiencia","status":"publish","type":"post","link":"https:\/\/vimagazine.com.br\/?p=5784","title":{"rendered":"Jurista aborda direitos das pessoas com defici\u00eancia"},"content":{"rendered":"\n<p><\/p>\n\n\n\n<p class=\"has-medium-font-size\">De 21 a 28\/08 \u00e9 a Semana Nacional da Pessoa com Defici\u00eancia Intelectual e M\u00faltipla<\/p>\n\n\n\n<p style=\"font-size:18px\">As pessoas com defici\u00eancia possuem direitos em diferentes \u00e1reas, como sa\u00fade, educa\u00e7\u00e3o, transporte, previd\u00eancia, trabalho e outros. Conhecer esses direitos \u00e9 fundamental para que possam us\u00e1-los a seu favor. \u00c9 o que alerta Dra. Priscilla Machado, p\u00f3s- Doutora em Direito e autora do livro \u201cDireitos e benef\u00edcios para Pessoas com Defici\u00eancia\u201d, que traz explica\u00e7\u00f5es sobre a legisla\u00e7\u00e3o aplic\u00e1vel \u00e0s pessoas com defici\u00eancia de forma simples, pr\u00e1tica e com linguagem acess\u00edvel e de f\u00e1cil entendimento.<\/p>\n\n\n\n<p><\/p>\n\n\n\n<p style=\"font-size:18px\">Dra. Priscilla Machado destaca que ao iniciar sua pesquisa, notou que muitas pessoas n\u00e3o sabem<br>que possuem defici\u00eancia. \u201cEssas pessoas n\u00e3o sabiam que a enfermidade ou limita\u00e7\u00e3o que tinham<br>eram consideradas defici\u00eancia,&#8221; destaca.<br>As pessoas com defici\u00eancia possuem direitos em diferentes \u00e1reas, como sa\u00fade, educa\u00e7\u00e3o,<br>transporte, previd\u00eancia, trabalho e outros. Conhecer esses direitos \u00e9 fundamental para que possam<br>us\u00e1-los a seu favor. \u00c9 o que alerta Dra. Priscilla Machado, p\u00f3s- Doutora em Direito e autora do livro<br>\u201cDireitos e benef\u00edcios para Pessoas com Defici\u00eancia,&#8221; que traz explica\u00e7\u00f5es sobre a legisla\u00e7\u00e3o<br>aplic\u00e1vel \u00e0s pessoas com defici\u00eancia de forma simples, pr\u00e1tica e com linguagem acess\u00edvel e de f\u00e1cil<br>entendimento. \u201cQuando eu comecei a pesquisar sobre os direitos que as pessoas com defici\u00eancia<br>possuem, logo percebi alguns pontos que me chamaram a aten\u00e7\u00e3o e me pareceram importantes,<br>devendo ser destacados naquele momento inicial, at\u00e9 mesmo para direcionamento de pesquisa,&#8221;<br>relata a jurista e escritora.<br>Dra. Priscilla Machado destaca que ao iniciar sua pesquisa, notou que muitas pessoas n\u00e3o sabem<br>que possuem defici\u00eancia. \u201cEssas pessoas n\u00e3o sabiam que a enfermidade e\/ou limita\u00e7\u00e3o que tinham<br>eram consideradas defici\u00eancia. Isso se deve h\u00e1 v\u00e1rios motivos, entre eles j\u00e1 estarem habituadas \u00e0s<br>dificuldades enfrentadas e as barreiras existentes na sociedade, por isso viam aquilo como se fosse<br>algo normal, acreditando que para haver defici\u00eancia era necess\u00e1ria uma limita\u00e7\u00e3o maior que a que<br>possu\u00edam,&#8221; , conta ela.<br>A jurista tamb\u00e9m ressalta o fato de que muitas pessoas com defici\u00eancia n\u00e3o sabem os direitos que<br>possuem. \u201cNa maioria das vezes at\u00e9 sabem que tem alguns direitos, mas apenas um ou outro e de<br>forma superficial, sem saber ao certo o que aquele direito abrange e que de forma pode ser aplicado.<br>A falta do conhecimento sobre os direitos faz com que as pessoas deixem de usufruir dele, afinal se<br>ela n\u00e3o sabe que possui o direito em quest\u00e3o, n\u00e3o ter\u00e1 acesso por n\u00e3o saber que aquele direito lhe<br>cabe,&#8221; alerta Dra. Priscilla.<br>Para usufruir de um direito existe um tr\u00e2mite a ser seguido e, conforme Dra. Priscilla apurou em sua<br>pesquisa, a maioria das pessoas desconhecem a burocracia a ser enfrentada. \u201cAl\u00e9m da burocracia,<br>h\u00e1 a morosidade, pois o nosso sistema &#8211; como um todo &#8211; \u00e9 lento, o que faz com que a frui\u00e7\u00e3o demore<br>a ocorrer em muitos casos,&#8221; alerta Dra. Priscilla. Dentro desse universo de d\u00favidas, incertezas e falta<br>de conhecimento apurado pela conceituada jurista e escritora, ficou evidente a necessidade de um<br>material que trouxesse informa\u00e7\u00e3o sobre os direitos para que &#8211; diante do conhecimento &#8211; as pessoas<br>com defici\u00eancia possam usufruir daquilo que \u00e9 trazido pela legisla\u00e7\u00e3o como direito.<br>O livro \u201cDireitos e benef\u00edcios para Pessoas com Defici\u00eancia,&#8221; publicado em 2020, explica de forma<br>simples e f\u00e1cil a legisla\u00e7\u00e3o existente em nosso ordenamento jur\u00eddico e aquilo que ela abrange,<br>detalhando os tr\u00e2mites a serem seguidos e como realizar os procedimentos, na pr\u00e1tica.<\/p>\n\n\n\n<p><\/p>\n\n\n\n<p><\/p>\n\n\n\n<figure class=\"wp-block-image size-large is-resized\"><img src=\"https:\/\/vimagazine.com.br\/wp-content\/uploads\/2022\/08\/image2-819x1024.jpeg\" alt=\"\" class=\"wp-image-5785\" width=\"579\" height=\"724\" srcset=\"https:\/\/vimagazine.com.br\/wp-content\/uploads\/2022\/08\/image2-819x1024.jpeg 819w, https:\/\/vimagazine.com.br\/wp-content\/uploads\/2022\/08\/image2-240x300.jpeg 240w, https:\/\/vimagazine.com.br\/wp-content\/uploads\/2022\/08\/image2-768x960.jpeg 768w, https:\/\/vimagazine.com.br\/wp-content\/uploads\/2022\/08\/image2-1229x1536.jpeg 1229w, https:\/\/vimagazine.com.br\/wp-content\/uploads\/2022\/08\/image2-1024x1280.jpeg 1024w, https:\/\/vimagazine.com.br\/wp-content\/uploads\/2022\/08\/image2.jpeg 1280w\" sizes=\"(max-width: 579px) 100vw, 579px\" \/><\/figure>\n\n\n\n<p style=\"font-size:18px\"><br> Priscilla Machado P\u00f3s-Doutora em Direito<br>Autora do livro DIREITOS E BENEF\u00cdCIOS PARA PESSOAS COM DEFICI\u00caNCIA<\/p>\n\n\n\n<p><\/p>\n\n\n\n<p><\/p>\n","protected":false},"excerpt":{"rendered":"<p>De 21 a 28\/08 \u00e9 a Semana Nacional da Pessoa com Defici\u00eancia Intelectual e M\u00faltipla&#8230;<\/p>\n","protected":false},"author":1,"featured_media":5788,"comment_status":"closed","ping_status":"open","sticky":false,"template":"","format":"standard","meta":{"om_disable_all_campaigns":false,"_monsterinsights_skip_tracking":false,"_monsterinsights_sitenote_active":false,"_monsterinsights_sitenote_note":"","_monsterinsights_sitenote_category":0,"spay_email":""},"categories":[1],"tags":[],"jetpack_featured_media_url":"https:\/\/vimagazine.com.br\/wp-content\/uploads\/2022\/08\/image1-1.jpeg","_links":{"self":[{"href":"https:\/\/vimagazine.com.br\/index.php?rest_route=\/wp\/v2\/posts\/5784"}],"collection":[{"href":"https:\/\/vimagazine.com.br\/index.php?rest_route=\/wp\/v2\/posts"}],"about":[{"href":"https:\/\/vimagazine.com.br\/index.php?rest_route=\/wp\/v2\/types\/post"}],"author":[{"embeddable":true,"href":"https:\/\/vimagazine.com.br\/index.php?rest_route=\/wp\/v2\/users\/1"}],"replies":[{"embeddable":true,"href":"https:\/\/vimagazine.com.br\/index.php?rest_route=%2Fwp%2Fv2%2Fcomments&post=5784"}],"version-history":[{"count":2,"href":"https:\/\/vimagazine.com.br\/index.php?rest_route=\/wp\/v2\/posts\/5784\/revisions"}],"predecessor-version":[{"id":5790,"href":"https:\/\/vimagazine.com.br\/index.php?rest_route=\/wp\/v2\/posts\/5784\/revisions\/5790"}],"wp:featuredmedia":[{"embeddable":true,"href":"https:\/\/vimagazine.com.br\/index.php?rest_route=\/wp\/v2\/media\/5788"}],"wp:attachment":[{"href":"https:\/\/vimagazine.com.br\/index.php?rest_route=%2Fwp%2Fv2%2Fmedia&parent=5784"}],"wp:term":[{"taxonomy":"category","embeddable":true,"href":"https:\/\/vimagazine.com.br\/index.php?rest_route=%2Fwp%2Fv2%2Fcategories&post=5784"},{"taxonomy":"post_tag","embeddable":true,"href":"https:\/\/vimagazine.com.br\/index.php?rest_route=%2Fwp%2Fv2%2Ftags&post=5784"}],"curies":[{"name":"wp","href":"https:\/\/api.w.org\/{rel}","templated":true}]}}