{"id":5831,"date":"2022-08-31T13:09:59","date_gmt":"2022-08-31T16:09:59","guid":{"rendered":"https:\/\/vimagazine.com.br\/?p=5831"},"modified":"2022-08-31T13:12:24","modified_gmt":"2022-08-31T16:12:24","slug":"estreia-uma-aprendizagem-ou-o-livro-dos-prazeres-de-clarice-lispector-direcao-de-ernesto-piccolo-com-melise-maia-e-rafael-queiroz-no-teatro-dos-4","status":"publish","type":"post","link":"https:\/\/vimagazine.com.br\/?p=5831","title":{"rendered":"Estreia teatro O livro dos Prazeres de Clarice Lispector no Teatro dos 4"},"content":{"rendered":"\n<p><strong>\u201cUMA APRENDIZAGEM OU O LIVRO DOS PRAZERES\u201d&nbsp;<\/strong><strong>de Clarice Lispector, c<\/strong><strong>om Melise Maia e Rafael Queiroz, a<\/strong><strong>dapta\u00e7\u00e3o&nbsp;de&nbsp;Melise Maia, d<\/strong><strong>ire\u00e7\u00e3o&nbsp;de Ernesto Piccolo e dire\u00e7\u00e3o&nbsp;musical&nbsp;de&nbsp;Edu Lobo&nbsp;estar\u00e1 em c<\/strong><strong>urta temporada, do dia&nbsp;02 de setembro a 02 de outubro\/2022, no&nbsp;<\/strong><strong>Teatro dos 4, no Shopping da G\u00e1vea, sempre \u00e0s sextas feiras e s\u00e1bados 20h e domingos 19h.&nbsp;<\/strong><\/p>\n\n\n\n<p><strong>A atriz e adaptadora do texto para os palcos, Melise Maia,&nbsp;<\/strong>explica que \u201cnesta adapta\u00e7\u00e3o teatral\u201d, d\u00e1 in\u00edcio ao espet\u00e1culo, com o processo criativo de Clarice Lispector escrevendo um livro onde a professora prim\u00e1ria Loreley, mais conhecida como L\u00f3ri, sai de Campos para o Rio de Janeiro, em busca de uma liberdade imposs\u00edvel de ser alcan\u00e7ada numa cidade do interior. Ela conhece Ulisses, um professor de Filosofia, que ir\u00e1 se tornar o grande amor de sua vida.<\/p>\n\n\n\n<p>A narrativa acompanha o processo angustiante e prazeroso caracter\u00edstico dos amantes.<\/p>\n\n\n\n<p>Nessa jornada, L\u00f3ri segue em busca de si mesma e do prazer sem culpa. Ulisses funciona como um farol, iluminando os caminhos para que ela possa viver um grande amor.<\/p>\n\n\n\n<p><strong>O espet\u00e1culo recebeu v\u00e1rios elogios pelos cr\u00edticos teatrais e colegas que assistiram a primeira temporada:<\/strong><\/p>\n\n\n\n<p><em>\u201cA imers\u00e3o da atriz Melise Maia, nas p\u00e1ginas de \u201cUma Aprendizagem ou o Livro dos Prazeres\u201d, publicado por Clarice Lispector (1920-1977) em 1969, com sua \u201cL\u00f3ri\u201d, inunda o palco da Casa de Cultura Laura Alvim de tens\u00e3o. Sua estrela esbanja vi\u00e7o na maneira de esgrimar frases de concreto armado. A pe\u00e7a traz a dire\u00e7\u00e3o inquieta de Ernesto Piccolo que se posiciona entre a arrancada do processo de escrita de um romance, enquanto \u201cUlisses\u201d, o professor de filosofia defendido por Rafael Queiroz apresenta um deslumbre de atua\u00e7\u00e3o, seus movimentos na dire\u00e7\u00e3o de Melise s\u00e3o de acolhimento, na percep\u00e7\u00e3o de que um abra\u00e7o pode ser um abrigo\u201d.<\/em>&nbsp;<strong>Rodrigo Fonseca (cr\u00edtico teatral \u2013 Estad\u00e3o-SP).<\/strong><\/p>\n\n\n\n<p><em>\u201cA adapta\u00e7\u00e3o de \u201cUma Aprendizagem ou o livro dos prazeres&#8221; \u00e9 um perfeito itiner\u00e1rio do que deve ser o teatro contempor\u00e2neo. A dire\u00e7\u00e3o de Ernesto Piccolo transforma as experi\u00eancias amorosas dos dois personagens em poesia do encontro. E a trilha sonora e dire\u00e7\u00e3o musical de Edu Lobo s\u00e3o uma verdadeira sinfonia do que deve ser o fazer, a educa\u00e7\u00e3o do prazer da paix\u00e3o.\u201d<\/em>&nbsp;<strong>Claudia Chaves (cr\u00edtica teatral \u2013 RJ).<\/strong><\/p>\n\n\n\n<p><em>\u201cEis que Ulisses e Lori se encontraram no bairro de Ipanema, como na aprendizagem de Clarice. Eu vi Lori e Ulisses em cena. Eu vi! O encontro de Melise Maia com \u201cO Livro dos Prazeres\u201d estava marcado h\u00e1 s\u00e9culos: paix\u00e3o e afeto. Teatro com \u201cvibra\u00e7\u00f5es transl\u00facidas, potentes e ecoantes em pleno ar da vida\u201d, como escreveu Clarice Lispector.&nbsp;<\/em><strong>Teresa Montero (Professora e uma das bi\u00f3grafas de Clarice).<\/strong><\/p>\n\n\n\n<p><em>\u201cA transposi\u00e7\u00e3o da obra de Clarice para o palco foi feita com sensibilidade. A montagem galvaniza a plateia.\u201d.&nbsp;<\/em><strong>Aloisio Abreu (ator, diretor, roteirista e j\u00fari do Pr\u00eamio APTR).<\/strong><\/p>\n\n\n\n<p><strong><em>\u201c<\/em><\/strong><em>Melise Maia<\/em><strong><em>&nbsp;<\/em><\/strong><em>e Rafael Queiroz se afinam de tal forma que o resultado revela profundo dom\u00ednio de uma plateia hipnotizada, j\u00e1 capturada pelo romance de Clarice Lispector\u201d<\/em>.&nbsp;<strong>Francis Mayer (autor e diretor teatral<\/strong>).<\/p>\n\n\n\n<p><em>\u201cO trabalho da atriz Melise Maia \u00e9 um primor! Tanto como atriz quanto como adaptadora do livro de Clarice, \u201cUma Aprendizagem ou o Livro dos Prazeres\u201d. Fiquei impactada!&nbsp;<\/em><strong>Neusa Carib\u00e9 (Atriz<\/strong>).<\/p>\n\n\n\n<p><em>\u201cClarice n\u00e3o \u00e9 para qualquer uma!\u201d<\/em><strong>&nbsp;Maria Pompeu (atriz, diretora teatral, comentando sobre o trabalho da atriz Melise Maia, ao final da apresenta\u00e7\u00e3o).<\/strong><\/p>\n\n\n\n<p><em>&nbsp;\u201cAmei o espet\u00e1culo! Os atores brilharam em cena e deram vida, com muita propriedade aos personagens. Cheguei com sono ao teatro, cansada de um dia exaustivo, mas, durante a apresenta\u00e7\u00e3o fiquei totalmente desperta! Vale muito a pena assistirem o espet\u00e1culo e garanto que, quem for, se encantar\u00e1 com a montagem. Eu garanto!&nbsp;<\/em><strong>\u201d. Aline Riscado&nbsp;(atriz e&nbsp;&#8216;musa da cervejaria Itaipava\u2019).<\/strong><\/p>\n\n\n\n<p><strong>O texto:<\/strong><\/p>\n\n\n\n<p><strong>\u201cUma Aprendizagem ou O Livro dos Prazeres\u201d \u00e9 o sexto romance da escritora Clarice Lispector,<\/strong>&nbsp;publicado em 1969. Ele come\u00e7a com uma v\u00edrgula: &#8220;, estando t\u00e3o ocupada, viera das compras de casa que a empregada fizera \u00e0s pressas porque cada vez mais matava servi\u00e7o&#8230;&#8221;<\/p>\n\n\n\n<p>A inusitada introdu\u00e7\u00e3o \u00e9 apontada, pelo cr\u00edtico Benedito Nunes, como uma indica\u00e7\u00e3o de que o romance deve ser lido como uma continua\u00e7\u00e3o das obras anteriores de Clarice Lispector, em especial de \u2018A Paix\u00e3o Segundo G.H.\u2019 (1964), que por sua vez termina com dois pontos:<\/p>\n\n\n\n<p><strong>A autora Clarice Lispector, nascida: Chaya Pinkhasivna Lispector em Chechelnyk, no dia 10 de dezembro de 1920, faleceu no Rio de Janeiro, em 9 de dezembro de 1977),<\/strong>&nbsp;foi uma escritora e jornalista brasileira nascida na Ucr\u00e2nia. Autora de romances, contos, e ensaios, \u00e9 considerada uma das escritoras brasileiras mais importantes do s\u00e9culo XX. Sua obra est\u00e1 repleta de cenas cotidianas simples e tramas psicol\u00f3gicas, reputando-se como uma de suas principais caracter\u00edsticas a epifania de personagens comuns em momentos do cotidiano. Quanto \u00e0s suas identidades nacional e regional, declarava-se brasileira e pernambucana.<\/p>\n\n\n\n<p>Nasceu em uma fam\u00edlia judaica russa que perdeu suas rendas com a Guerra Civil Russa e se viu obrigada a emigrar em decorr\u00eancia da persegui\u00e7\u00e3o a judeus, \u00e0 \u00e9poca, a qual resultou em diversos exterm\u00ednios em massa. Especula-se que a m\u00e3e de Clarice teria sido violada por soldados russos durante a Primeira Guerra Mundial. A futura escritora chegou ao Brasil, ainda pequena, em 1922, com seus pais e duas irm\u00e3s. Clarice dizia n\u00e3o ter nenhuma liga\u00e7\u00e3o com a Ucr\u00e2nia &#8211; &#8220;Naquela terra eu literalmente nunca pisei: fui carregada de colo&#8221; &#8211; e que sua verdadeira p\u00e1tria era o Brasil. Inicialmente, a fam\u00edlia passou um breve per\u00edodo em Macei\u00f3, at\u00e9 se mudar para o Recife, onde Clarice cresceu e onde, aos oito anos, perdeu a m\u00e3e. Aos quatorze anos de idade transferiu-se com o pai e as irm\u00e3s para o Rio de Janeiro, local em que a fam\u00edlia se estabilizou e onde o seu pai viria a falecer, em 1940.<\/p>\n\n\n\n<p>Estudou Direito na Universidade Federal do Rio de Janeiro, conhecida como Universidade do Brasil, apesar de, na \u00e9poca, ter demonstrado mais interesse pelo meio liter\u00e1rio, no qual ingressou precocemente como tradutora, logo se consagrando como escritora, jornalista, contista e ensa\u00edsta, tornando-se uma das figuras mais influentes da Literatura brasileira e do Modernismo, sendo considerada uma das principais influ\u00eancias da nova gera\u00e7\u00e3o de escritores brasileiros. \u00c9 inclu\u00edda pela cr\u00edtica especializada entre os principais autores brasileiros do s\u00e9culo XX.<\/p>\n\n\n\n<p>Suas principais obras marcam cada per\u00edodo de sua carreira. \u201cPerto do Cora\u00e7\u00e3o Selvagem\u201d foi seu livro de estreia, publicado quando Clarice tinha 24 anos de idade; \u201cLa\u00e7os de Fam\u00edlia\u201d, \u201cA Paix\u00e3o segundo G.H.\u201d, \u201cA Hora da Estrela\u201d e \u201cUm Sopro de Vida\u201d s\u00e3o seus \u00faltimos livros publicados. Faleceu em 1977, um dia antes de completar 57 anos, em decorr\u00eancia de um c\u00e2ncer de ov\u00e1rio. Deixou dois filhos e uma vasta obra liter\u00e1ria composta de romances, novelas, contos, cr\u00f4nicas, literatura infantil e entrevistas.<\/p>\n\n\n\n<p><strong>O diretor Ernesto Piccolo,<\/strong>&nbsp;ator e diretor, se destaca no meio cultural por sua versatilidade tanto no teatro, no cinema, como na TV. Seus \u00faltimos espet\u00e1culos como diretor foram: \u2018Div\u00e3\u2019, com L\u00edlian Cabral, \u2018A Hist\u00f3ria de N\u00f3s Dois\u2019, com Alexandra Richter, \u2018Doidas e Santas\u2019, com Cissa Guimar\u00e3es e \u2018Simples Assim\u2019, com Julia Lemmertz. Al\u00e9m do grande sucesso infantil \u2018Detetives do Pr\u00e9dio Azul\u2019.<\/p>\n\n\n\n<p><strong>A atriz Melise Maia<\/strong>&nbsp;iniciou sua carreira no in\u00edcio dos anos 80, e fez alguns espet\u00e1culos de sucesso, como: \u2018Peer Gynt\u2019, \u2018Vejo um Vulto na Janela\u2019, \u2018Me Acudam Que Eu Sou Donzela\u2019, \u2018Por um Triz N\u00e3o Sou Feliz\u2019, \u2018Tributo\u2019, \u2018Os Sete Gatinhos\u2019 (de Nelson Rodrigues), entre outros. Participou de algumas novelas como \u2018O Outro\u2019, \u2018De Corpo e Alma\u2019, \u2018Que Rei Sou Eu\u2019, entre outros. Depois partiu para experi\u00eancias mais autorais tanto no teatro, como no cinema e na TV. Escreveu e realizou as Pe\u00e7as:&nbsp; &#8220;As Absorventes&#8221; e &#8220;O Diabo Veste Saara&#8221;. Fez alguns curta metragens que participaram de v\u00e1rios festivais nacionais e internacionais, ganhando alguns pr\u00eamios com um deles &#8220;O Caso Libras&#8221; e tamb\u00e9m escreveu dirigiu e produziu uma s\u00e9rie para TV chamada:&nbsp; &#8220;Ribanceira&#8221; que ganhou um edital pela Ancine e foi ao ar no Canal Brasil em 2016.<\/p>\n\n\n\n<p><strong>O ator Rafael Queiroz<\/strong>&nbsp;tem mais de 15 anos de profiss\u00e3o. No Teatro fez \u2018Navalha na Carne\u2019, \u2018Teatro C\u00f4mico\u2019, \u2018Sonhos de um Sedutor\u2019, \u2018Cigarros Roubados\u2019, entre outros. Na TV participou da novela \u2018A Dona do Peda\u00e7o\u2019, \u2018Caras e Bocas\u2019, \u2018Cama de Gato\u2019, entre outras. Fez tamb\u00e9m a s\u00e9rie: \u2018Verdades Secretas II\u2019.<\/p>\n\n\n\n<p><strong>A pe\u00e7a comemora o Centen\u00e1rio de Clarice Lispector que aconteceu em 2020, mas que devido a pandemia teve sua estreia adiada.<\/strong><\/p>\n\n\n\n<p><strong>Ficha T\u00e9cnica:<\/strong><\/p>\n\n\n\n<p><strong>\u201cUMA APRENDIZAGEM ou O LIVRO DOS PRAZERES\u201d<\/strong><\/p>\n\n\n\n<p>Autora: CLARICE LISPECTOR<\/p>\n\n\n\n<p>Adapta\u00e7\u00e3o: MELISE MAIA<\/p>\n\n\n\n<p>Elenco: MELISE MAIA e RAFAEL QUEIROZ<\/p>\n\n\n\n<p>Dire\u00e7\u00e3o: ERNESTO PICCOLO<\/p>\n\n\n\n<p>Dire\u00e7\u00e3o Musical e Arranjos: EDU LOBO<\/p>\n\n\n\n<p>Trilha Sonora (grava\u00e7\u00e3o): BISCOITO FINO<\/p>\n\n\n\n<p>M\u00fasicos: MAURO SENISE (Sopros), CRIST\u00d3V\u00c3O BASTOS (Piano) e JORGE HELDER (Contrabaixo)<\/p>\n\n\n\n<p>Dire\u00e7\u00e3o de Movimento: MARCIA RUBIN<\/p>\n\n\n\n<p>Cenografia: ROSTAND ALBUQUERQUE<\/p>\n\n\n\n<p>Ilumina\u00e7\u00e3o: EDUARDO SALINO<\/p>\n\n\n\n<p>Opera\u00e7\u00e3o de som: JANSER BARRETO<\/p>\n\n\n\n<p>Figurino: MARCELA TREIGER<\/p>\n\n\n\n<p>Fotografia: SABRINA DA PAZ<\/p>\n\n\n\n<p>Programa\u00e7\u00e3o Visual: BEATRIZ LAMANNA<\/p>\n\n\n\n<p>Assessoria de Imprensa: JO\u00c3O LUIZ AZEVEDO<\/p>\n\n\n\n<p>Coordena\u00e7\u00e3o de Produ\u00e7\u00e3o: JOANA MOTTA<\/p>\n\n\n\n<p>Idealiza\u00e7\u00e3o: MELISE MAIA<\/p>\n\n\n\n<p>Realiza\u00e7\u00e3o: RIMEL PRODU\u00c7\u00d5ES<\/p>\n\n\n\n<p>&nbsp;Devido ao grande sucesso em sua primeira temporada na Casa de Cultura Laura Alvim, a pe\u00e7a teatral&nbsp;<strong>\u201cUMA APRENDIZAGEM OU O LIVRO DOS PRAZERES\u201d<\/strong>&nbsp;de Clarice Lispector, volta a cartaz, para mais uma temporada, agora no Teatro dos 4, no Shopping da G\u00e1vea.<\/p>\n\n\n\n<p>Curta temporada: de 02 de setembro \u00e0 02 de outubro\/2022.<\/p>\n\n\n\n<p>Sextas e s\u00e1bados \u00e0s 20h<\/p>\n\n\n\n<p>Domingos \u00e0s 19h.<\/p>\n\n\n\n<p>Indica\u00e7\u00e3o et\u00e1ria: 12 anos.<\/p>\n\n\n\n<p>Assessoria Jo\u00e3o Luiz Azevedo<\/p>\n","protected":false},"excerpt":{"rendered":"<p>\u201cUMA APRENDIZAGEM OU O LIVRO DOS PRAZERES\u201d&nbsp;de Clarice Lispector, com Melise Maia e Rafael Queiroz,&#8230;<\/p>\n","protected":false},"author":19,"featured_media":5832,"comment_status":"closed","ping_status":"open","sticky":false,"template":"","format":"standard","meta":{"om_disable_all_campaigns":false,"_monsterinsights_skip_tracking":false,"_monsterinsights_sitenote_active":false,"_monsterinsights_sitenote_note":"","_monsterinsights_sitenote_category":0,"spay_email":""},"categories":[27,1],"tags":[],"jetpack_featured_media_url":"https:\/\/vimagazine.com.br\/wp-content\/uploads\/2022\/08\/O-LIVRO-DOS-PRAZERES-03-Divulgacao.jpeg","_links":{"self":[{"href":"https:\/\/vimagazine.com.br\/index.php?rest_route=\/wp\/v2\/posts\/5831"}],"collection":[{"href":"https:\/\/vimagazine.com.br\/index.php?rest_route=\/wp\/v2\/posts"}],"about":[{"href":"https:\/\/vimagazine.com.br\/index.php?rest_route=\/wp\/v2\/types\/post"}],"author":[{"embeddable":true,"href":"https:\/\/vimagazine.com.br\/index.php?rest_route=\/wp\/v2\/users\/19"}],"replies":[{"embeddable":true,"href":"https:\/\/vimagazine.com.br\/index.php?rest_route=%2Fwp%2Fv2%2Fcomments&post=5831"}],"version-history":[{"count":2,"href":"https:\/\/vimagazine.com.br\/index.php?rest_route=\/wp\/v2\/posts\/5831\/revisions"}],"predecessor-version":[{"id":5836,"href":"https:\/\/vimagazine.com.br\/index.php?rest_route=\/wp\/v2\/posts\/5831\/revisions\/5836"}],"wp:featuredmedia":[{"embeddable":true,"href":"https:\/\/vimagazine.com.br\/index.php?rest_route=\/wp\/v2\/media\/5832"}],"wp:attachment":[{"href":"https:\/\/vimagazine.com.br\/index.php?rest_route=%2Fwp%2Fv2%2Fmedia&parent=5831"}],"wp:term":[{"taxonomy":"category","embeddable":true,"href":"https:\/\/vimagazine.com.br\/index.php?rest_route=%2Fwp%2Fv2%2Fcategories&post=5831"},{"taxonomy":"post_tag","embeddable":true,"href":"https:\/\/vimagazine.com.br\/index.php?rest_route=%2Fwp%2Fv2%2Ftags&post=5831"}],"curies":[{"name":"wp","href":"https:\/\/api.w.org\/{rel}","templated":true}]}}