{"id":5838,"date":"2022-08-31T18:48:43","date_gmt":"2022-08-31T21:48:43","guid":{"rendered":"https:\/\/vimagazine.com.br\/?p=5838"},"modified":"2022-08-31T20:56:57","modified_gmt":"2022-08-31T23:56:57","slug":"comemorando-o-sucesso-de-ai-preto-bianca-prepara-apresentacao-especial-no-rock-in-rio","status":"publish","type":"post","link":"https:\/\/vimagazine.com.br\/?p=5838","title":{"rendered":"Comemorando o sucesso de A\u00ed Preto, Bianca prepara apresenta\u00e7\u00e3o especial no Rock In Rio"},"content":{"rendered":"\n<p><strong>Carioca levar\u00e1 seu funk para o palco Supernova, no dia 11 de setembro<\/strong><\/p>\n\n\n\n<p>A partir desta sexta-feira, 02 de setembro, come\u00e7a a oitava edi\u00e7\u00e3o do Rock in Rio, que abre espa\u00e7o para muitos rostos da nova gera\u00e7\u00e3o em sua programa\u00e7\u00e3o. Diretamente de Campos dos Goytacazes, a cantora Bianca faz sua estreia no festival e promete levar o melhor do funk para o palco Supernova, no \u00faltimo dia do evento.<\/p>\n\n\n\n<p>Al\u00e9m dos sucessos \u201cAi Preto\u201d, que canta em parceria com L7nnon e DJ Biel do Furduncinho, e \u201cTudo no Sigilo\u201d, gravada junto com Vytinho NG, Bianca preparou uma setlist especial para seu show no Rock in Rio. Algumas das can\u00e7\u00f5es escolhidas j\u00e1 fazem parte de seus shows que atualmente acontecem por todo o Brasil.<\/p>\n\n\n\n<p>\u201c<em>Vai ser a minha primeira vez no Rock in Rio e \u00e9 muito gratificante cantar em um festival desse n\u00edvel depois de muita luta e supera\u00e7\u00e3o. Preparamos uma experi\u00eancia \u00fanica e n\u00e3o vejo a hora de compartilhar com quem aparecer por l\u00e1, vai ser lindo<\/em>\u201d, celebra a cantora.<\/p>\n\n\n\n<p>A artista ainda adianta que o p\u00fablico pode esperar um figurino marcante, desenvolvido por Matheus Simas, al\u00e9m de uma apresenta\u00e7\u00e3o recheada de performances e com direito a um ballet.&nbsp;&nbsp;<\/p>\n\n\n\n<p><strong>Contatos Imprensa:<\/strong><\/p>\n\n\n\n<p>Carol Freitas Assessoria<\/p>\n\n\n\n<p>Ana Carolina de Freitas <\/p>\n\n\n\n<p><a href=\"mailto:Carolfreitas.jornalista@gmail.com\" rel=\"noreferrer noopener\" target=\"_blank\">Carolfreitas.jornalista@gmail.com<\/a><\/p>\n","protected":false},"excerpt":{"rendered":"<p>Carioca levar\u00e1 seu funk para o palco Supernova, no dia 11 de setembro A partir&#8230;<\/p>\n","protected":false},"author":3,"featured_media":5842,"comment_status":"closed","ping_status":"open","sticky":false,"template":"","format":"standard","meta":{"om_disable_all_campaigns":false,"_monsterinsights_skip_tracking":false,"_monsterinsights_sitenote_active":false,"_monsterinsights_sitenote_note":"","_monsterinsights_sitenote_category":0,"spay_email":""},"categories":[1],"tags":[],"jetpack_featured_media_url":"https:\/\/vimagazine.com.br\/wp-content\/uploads\/2022\/08\/Bianca-04-1024x1536-1.jpg","_links":{"self":[{"href":"https:\/\/vimagazine.com.br\/index.php?rest_route=\/wp\/v2\/posts\/5838"}],"collection":[{"href":"https:\/\/vimagazine.com.br\/index.php?rest_route=\/wp\/v2\/posts"}],"about":[{"href":"https:\/\/vimagazine.com.br\/index.php?rest_route=\/wp\/v2\/types\/post"}],"author":[{"embeddable":true,"href":"https:\/\/vimagazine.com.br\/index.php?rest_route=\/wp\/v2\/users\/3"}],"replies":[{"embeddable":true,"href":"https:\/\/vimagazine.com.br\/index.php?rest_route=%2Fwp%2Fv2%2Fcomments&post=5838"}],"version-history":[{"count":1,"href":"https:\/\/vimagazine.com.br\/index.php?rest_route=\/wp\/v2\/posts\/5838\/revisions"}],"predecessor-version":[{"id":5840,"href":"https:\/\/vimagazine.com.br\/index.php?rest_route=\/wp\/v2\/posts\/5838\/revisions\/5840"}],"wp:featuredmedia":[{"embeddable":true,"href":"https:\/\/vimagazine.com.br\/index.php?rest_route=\/wp\/v2\/media\/5842"}],"wp:attachment":[{"href":"https:\/\/vimagazine.com.br\/index.php?rest_route=%2Fwp%2Fv2%2Fmedia&parent=5838"}],"wp:term":[{"taxonomy":"category","embeddable":true,"href":"https:\/\/vimagazine.com.br\/index.php?rest_route=%2Fwp%2Fv2%2Fcategories&post=5838"},{"taxonomy":"post_tag","embeddable":true,"href":"https:\/\/vimagazine.com.br\/index.php?rest_route=%2Fwp%2Fv2%2Ftags&post=5838"}],"curies":[{"name":"wp","href":"https:\/\/api.w.org\/{rel}","templated":true}]}}