{"id":5911,"date":"2022-09-01T05:07:44","date_gmt":"2022-09-01T08:07:44","guid":{"rendered":"https:\/\/vimagazine.com.br\/?p=5911"},"modified":"2022-09-01T05:10:32","modified_gmt":"2022-09-01T08:10:32","slug":"noite-de-lancamento-sistema-5r-index","status":"publish","type":"post","link":"https:\/\/vimagazine.com.br\/?p=5911","title":{"rendered":"&#8216;Noite de lan\u00e7amento &#8211; Sistema 5R-INDEX&#8217;."},"content":{"rendered":"\n<p><\/p>\n\n\n\n<p>Na noite do \u00faltimo dia (29), o lan\u00e7amento do &#8216;Manual de Compliance para a Comunica\u00e7\u00e3o Corporativa&#8217; de Manoel Marcondes Neto, CEO do Observatorio da Comunicacao Institucional (O.C.I.) foi marcado por momentos de muito conhecimento e emo\u00e7\u00e3o.<\/p>\n\n\n\n<p><\/p>\n\n\n\n<p>Na oportunidade, houve um bate-papo entre o professor e Marcela Argollo, s\u00f3cia da &#8216;All For U&#8217; e tamb\u00e9m docente na Funda\u00e7\u00e3o Getulio Vargas, no qual foi discutida, entre v\u00e1rios temas da gest\u00e3o contempor\u00e2nea, a relev\u00e2ncia de um Manual de Compliance que permite avaliar organiza\u00e7\u00f5es transversalmente sob o vi\u00e9s da Comunica\u00e7\u00e3o Organizacional.<\/p>\n\n\n\n<figure class=\"wp-block-image size-large\"><img width=\"1024\" height=\"682\" src=\"https:\/\/vimagazine.com.br\/wp-content\/uploads\/2022\/09\/b6a97cb7-004a-422a-bf18-bb9304892b5c-1024x682.jpg\" alt=\"\" class=\"wp-image-5913\" srcset=\"https:\/\/vimagazine.com.br\/wp-content\/uploads\/2022\/09\/b6a97cb7-004a-422a-bf18-bb9304892b5c-1024x682.jpg 1024w, https:\/\/vimagazine.com.br\/wp-content\/uploads\/2022\/09\/b6a97cb7-004a-422a-bf18-bb9304892b5c-300x200.jpg 300w, https:\/\/vimagazine.com.br\/wp-content\/uploads\/2022\/09\/b6a97cb7-004a-422a-bf18-bb9304892b5c-768x512.jpg 768w, https:\/\/vimagazine.com.br\/wp-content\/uploads\/2022\/09\/b6a97cb7-004a-422a-bf18-bb9304892b5c.jpg 1280w\" sizes=\"(max-width: 1024px) 100vw, 1024px\" \/><figcaption>Foto: C\u00e9sar Moncau <\/figcaption><\/figure>\n\n\n\n<p><\/p>\n\n\n\n<p>O lan\u00e7amento contou com a presen\u00e7a de uma das revisoras t\u00e9cnicas do &#8216;Manual de Compliance para a Comunica\u00e7\u00e3o Corporativa&#8217;, a rela\u00e7\u00f5es-p\u00fablicas Renata Ferreira, e, tamb\u00e9m, com a coordenadora do Observat\u00f3rio da Comunica\u00e7\u00e3o Institucional em S\u00e3o Paulo, Solange Villela, al\u00e9m de figuras representativas do jornalismo brasileiro, como a jornalista e apresentadora Analice Nicolau, o jornalista e apresentador Caetano Bedaque, e o jornalista, ator e candidato a deputado federal, Andr\u00e9 Gaetta.<\/p>\n\n\n\n<p><\/p>\n\n\n\n<figure class=\"wp-block-image size-large\"><img width=\"1024\" height=\"682\" src=\"https:\/\/vimagazine.com.br\/wp-content\/uploads\/2022\/09\/71d11b1a-fa48-40a0-b58a-553f1f5a21d8-1024x682.jpg\" alt=\"\" class=\"wp-image-5914\" srcset=\"https:\/\/vimagazine.com.br\/wp-content\/uploads\/2022\/09\/71d11b1a-fa48-40a0-b58a-553f1f5a21d8-1024x682.jpg 1024w, https:\/\/vimagazine.com.br\/wp-content\/uploads\/2022\/09\/71d11b1a-fa48-40a0-b58a-553f1f5a21d8-300x200.jpg 300w, https:\/\/vimagazine.com.br\/wp-content\/uploads\/2022\/09\/71d11b1a-fa48-40a0-b58a-553f1f5a21d8-768x512.jpg 768w, https:\/\/vimagazine.com.br\/wp-content\/uploads\/2022\/09\/71d11b1a-fa48-40a0-b58a-553f1f5a21d8.jpg 1280w\" sizes=\"(max-width: 1024px) 100vw, 1024px\" \/><figcaption>Foto: C\u00e9sar Moncau <\/figcaption><\/figure>\n\n\n\n<p>Manoel Marcondes Neto ressaltou \u201ca import\u00e2ncia do lan\u00e7amento como um divisor de \u00e1guas para o Observat\u00f3rio da Comunica\u00e7\u00e3o Institucional&#8221; e afirmou que o O.C.I. pretende difundir na imprensa escrita, de r\u00e1dio, de televis\u00e3o &#8211; e no meio digital &#8211; os preceitos do Sistema 5R-INDEX. Na sua avalia\u00e7\u00e3o, \u201co lan\u00e7amento do Manual de Compliance para a Comunica\u00e7\u00e3o Corporativa, agora em sua vers\u00e3o impressa, n\u00e3o teria sido poss\u00edvel sem o incentivo do professor Luis Bittencourt, colega professor e s\u00f3cio da iVentura Editora, e de todos e todas que, de algum modo, colaboraram para a realiza\u00e7\u00e3o do evento na Livraria da Vila do Shopping P\u00e1tio Higien\u00f3polis\u201d.<\/p>\n\n\n\n<p><\/p>\n\n\n\n<p><\/p>\n\n\n\n<p><\/p>\n\n\n\n<p>Imagens: C\u00e9sar Moncau<\/p>\n","protected":false},"excerpt":{"rendered":"<p>Na noite do \u00faltimo dia (29), o lan\u00e7amento do &#8216;Manual de Compliance para a Comunica\u00e7\u00e3o&#8230;<\/p>\n","protected":false},"author":2,"featured_media":5912,"comment_status":"closed","ping_status":"open","sticky":false,"template":"","format":"standard","meta":{"om_disable_all_campaigns":false,"_monsterinsights_skip_tracking":false,"_monsterinsights_sitenote_active":false,"_monsterinsights_sitenote_note":"","_monsterinsights_sitenote_category":0,"spay_email":""},"categories":[31],"tags":[405,394,137],"jetpack_featured_media_url":"https:\/\/vimagazine.com.br\/wp-content\/uploads\/2022\/09\/Manual071014_027.jpg","_links":{"self":[{"href":"https:\/\/vimagazine.com.br\/index.php?rest_route=\/wp\/v2\/posts\/5911"}],"collection":[{"href":"https:\/\/vimagazine.com.br\/index.php?rest_route=\/wp\/v2\/posts"}],"about":[{"href":"https:\/\/vimagazine.com.br\/index.php?rest_route=\/wp\/v2\/types\/post"}],"author":[{"embeddable":true,"href":"https:\/\/vimagazine.com.br\/index.php?rest_route=\/wp\/v2\/users\/2"}],"replies":[{"embeddable":true,"href":"https:\/\/vimagazine.com.br\/index.php?rest_route=%2Fwp%2Fv2%2Fcomments&post=5911"}],"version-history":[{"count":3,"href":"https:\/\/vimagazine.com.br\/index.php?rest_route=\/wp\/v2\/posts\/5911\/revisions"}],"predecessor-version":[{"id":5917,"href":"https:\/\/vimagazine.com.br\/index.php?rest_route=\/wp\/v2\/posts\/5911\/revisions\/5917"}],"wp:featuredmedia":[{"embeddable":true,"href":"https:\/\/vimagazine.com.br\/index.php?rest_route=\/wp\/v2\/media\/5912"}],"wp:attachment":[{"href":"https:\/\/vimagazine.com.br\/index.php?rest_route=%2Fwp%2Fv2%2Fmedia&parent=5911"}],"wp:term":[{"taxonomy":"category","embeddable":true,"href":"https:\/\/vimagazine.com.br\/index.php?rest_route=%2Fwp%2Fv2%2Fcategories&post=5911"},{"taxonomy":"post_tag","embeddable":true,"href":"https:\/\/vimagazine.com.br\/index.php?rest_route=%2Fwp%2Fv2%2Ftags&post=5911"}],"curies":[{"name":"wp","href":"https:\/\/api.w.org\/{rel}","templated":true}]}}