{"id":5918,"date":"2022-09-01T17:32:41","date_gmt":"2022-09-01T20:32:41","guid":{"rendered":"https:\/\/vimagazine.com.br\/?p=5918"},"modified":"2022-09-01T17:32:44","modified_gmt":"2022-09-01T20:32:44","slug":"suicidio-a-vida-e-a-melhor-escolha-setembro-amarelo-2022","status":"publish","type":"post","link":"https:\/\/vimagazine.com.br\/?p=5918","title":{"rendered":"SUIC\u00cdDIO \u2013 \u201cA vida \u00e9 a melhor escolha\u201d \u2013 Setembro Amarelo 2022."},"content":{"rendered":"\n<p>O Brasil \u00e9 considerado o pa\u00eds mais ansioso do mundo, segundo a OMS (Organiza\u00e7\u00e3o Mundial da Sa\u00fade), desde 2017 e a pandemia s\u00f3 fez agravar este quadro. Segundo ainda a USP (Universidade de S\u00e3o Paulo), 63% dos brasileiros apresentam algum quadro ansioso e 57% s\u00e3o depressivos. Desta forma, o risco de suic\u00eddio \u00e9 aumentado.<\/p>\n\n\n\n<p>Outro dado alarmante vem do DATASUS (Departamento de Inform\u00e1tica do Sistema \u00fanico de Sa\u00fade), segundo o \u00f3rg\u00e3o nos \u00faltimos 20 anos o n\u00famero de suic\u00eddios dobrou, passando de 7 mil para 14 mil eventos, praticamente uma pessoa comete suic\u00eddio a cada hora. Este n\u00famero \u00e9 maior do que o n\u00famero de mortos em acidentes de moto, no mesmo per\u00edodo.<\/p>\n\n\n\n<p>Como vimos, a pandemia causou um verdadeiro \u201cboom\u201d nos casos de transtornos mentais relacionados \u00e0 depress\u00e3o e ansiedade. No mundo o aumento dos casos de ansiedade foi da ordem 25,6% e os de depress\u00e3o 27,6% em 2020.<\/p>\n\n\n\n<div class=\"wp-block-image\"><figure class=\"alignright size-large is-resized\"><img src=\"https:\/\/vimagazine.com.br\/wp-content\/uploads\/2022\/09\/Suicidio-Setembro-Amarelo-2022-576x1024.jpg\" alt=\"\" class=\"wp-image-5919\" width=\"263\" height=\"468\" srcset=\"https:\/\/vimagazine.com.br\/wp-content\/uploads\/2022\/09\/Suicidio-Setembro-Amarelo-2022-576x1024.jpg 576w, https:\/\/vimagazine.com.br\/wp-content\/uploads\/2022\/09\/Suicidio-Setembro-Amarelo-2022-169x300.jpg 169w, https:\/\/vimagazine.com.br\/wp-content\/uploads\/2022\/09\/Suicidio-Setembro-Amarelo-2022-768x1365.jpg 768w, https:\/\/vimagazine.com.br\/wp-content\/uploads\/2022\/09\/Suicidio-Setembro-Amarelo-2022-864x1536.jpg 864w, https:\/\/vimagazine.com.br\/wp-content\/uploads\/2022\/09\/Suicidio-Setembro-Amarelo-2022-1024x1820.jpg 1024w, https:\/\/vimagazine.com.br\/wp-content\/uploads\/2022\/09\/Suicidio-Setembro-Amarelo-2022.jpg 1080w\" sizes=\"(max-width: 263px) 100vw, 263px\" \/><\/figure><\/div>\n\n\n\n<p>A campanha Setembro Amarelo veio para dar \u00eanfase nessa aten\u00e7\u00e3o, desde 2014. Infelizmente n\u00e3o s\u00e3o todos os pa\u00edses que investem neste tema, apesar de declararem que o fazem. Apenas 38 pa\u00edses t\u00eam pol\u00edticas relacionadas \u00e0 preven\u00e7\u00e3o ao suic\u00eddio.<\/p>\n\n\n\n<p>O evento suic\u00eddio \u00e9 complexo e depende de v\u00e1rios fatores. Transtornos ps\u00edquicos de ansiedade, humor e personalidade (depress\u00e3o), boderline, bipolaridade, abuso de subst\u00e2ncias entorpecentes est\u00e3o entre os principais atingidos. Por\u00e9m problemas com o bullying, perdas afetivas, dificuldades no trabalho, conflitos familiares, doen\u00e7as terminais ou cr\u00f4nicas podem desencadear idea\u00e7\u00f5es suicidas tamb\u00e9m.<\/p>\n\n\n\n<p>Pessoas que t\u00eam idea\u00e7\u00f5es suicidas costumam dar sinais e precisamos estar atentos para identifica-los e poder ajudar o quanto antes.<\/p>\n\n\n\n<p>Altera\u00e7\u00f5es comportamentais, mudan\u00e7as de humor, verbaliza\u00e7\u00f5es, isolamento social e abuso de subst\u00e2ncias (drogas, \u00e1lcool, etc.) s\u00e3o sinais de que a pessoa est\u00e1 buscando ajuda.<\/p>\n\n\n\n<p><strong><em>Mas como a pessoa se mostra no dia-a-dia?<\/em><\/strong><\/p>\n\n\n\n<p>Como vimos, as pessoas d\u00e3o sinais de que n\u00e3o est\u00e3o bem. As altera\u00e7\u00f5es comportamentais s\u00e3o mostradas quando a pessoa deixa de fazer coisas que anteriormente lhe dava prazer; deixa de fazer coisa, alegando que est\u00e1 cansada demais; ficam confusas para resolver problemas que antes eram facilmente resolvidas; tem muita dificuldade em tomar decis\u00f5es.<\/p>\n\n\n\n<p>As altera\u00e7\u00f5es de humor se mostram de forma dr\u00e1stica. A pessoa est\u00e1 otimista em rela\u00e7\u00e3o a algo e tornam-se totalmente pessimistas. Ou s\u00e3o agitadas e euf\u00f3ricas e passam a ser ap\u00e1ticas e lentas.<\/p>\n\n\n\n<p>Nas verbaliza\u00e7\u00f5es ou nos \u201calarmes verbais\u201d, como chamamos, a pessoa come\u00e7am a proferir a inten\u00e7\u00e3o de tirar a vida, que sua vida n\u00e3o vale nada, etc.. s\u00e3o sinais de que algo n\u00e3o est\u00e1 bem.<\/p>\n\n\n\n<p>Uma das principais caracter\u00edsticas do suicida \u00e9 o isolamento social. O indiv\u00edduo deixa de frequentar reuni\u00f5es familiares, profissionais, n\u00e3o procuram mais os amigos. Tem a solid\u00e3o como sua principal companhia.<\/p>\n\n\n\n<p>Por fim, os suicidas tendem a buscar o consumo excessivos de bebidas alco\u00f3licas, medicamentos e outras drogas psicoativas. Estudos demonstram que pessoas com depress\u00e3o ou outros transtornos relacionados ao uso de drogas t\u00eam 50% maiores de chances de cometer o suic\u00eddio.<\/p>\n\n\n\n<p><strong><em>Onde procurar ajuda?<\/em><\/strong><\/p>\n\n\n\n<p>No Brasil, a <strong>Rede de Aten\u00e7\u00e3o Psicossocial<\/strong> (RAPS) que foi institu\u00edda em 2011, pelo Minist\u00e9rio da Sa\u00fade, criou uma gest\u00e3o integrada e descentralizada dos meios de atendimento que passa pelas Unidades B\u00e1sicas de Sa\u00fade (<strong>UBS<\/strong>), os Centro de Apoio Psicossocial (<strong>CAPS<\/strong>), passando por leitos de hospitais gerais e o Servi\u00e7o de Atendimento M\u00f3vel de Urg\u00eancia (<strong>SAMU \u2013 Telefone 192<\/strong>) e outros servi\u00e7os de urg\u00eancia e emerg\u00eancia, com a finalidade de diagnosticar as necessidades de sa\u00fade em cada uma de suas \u00e1reas, de forma a organizar os cuidados em sa\u00fade mental e efetivar a aten\u00e7\u00e3o psicossocial \u00e0s pessoas com idea\u00e7\u00e3o suicida e a seus familiares, por meio da elabora\u00e7\u00e3o de a\u00e7\u00f5es terap\u00eauticas e monitoramento de cada caso.<\/p>\n\n\n\n<p>Outra forma de buscar ajuda \u00e9 atrav\u00e9s do <strong>Centro de Valoriza\u00e7\u00e3o da Vida (CVV),<\/strong> uma organiza\u00e7\u00e3o n\u00e3o-governamental que atual em todo o pa\u00eds pelo <strong>telefone 188 <\/strong>(24 horas por dia, todos os dias) e tamb\u00e9m por meio de atendimentos presenciais, nas principais cidades de todos os Estados da federa\u00e7\u00e3o.<\/p>\n\n\n\n<p>Em caso de emerg\u00eancia, caso voc\u00ea se depare com algu\u00e9m atentando contra a pr\u00f3pria vida, <strong>ligue 192 para o SAMU ou 193 para o Corpo de Bombeiros.<\/strong><\/p>\n\n\n\n<p>Sua aten\u00e7\u00e3o e ajuda pode salvar uma vida. A vida \u00e9 nossa melhor escolha. Sempre!<\/p>\n","protected":false},"excerpt":{"rendered":"<p>O Brasil \u00e9 considerado o pa\u00eds mais ansioso do mundo, segundo a OMS (Organiza\u00e7\u00e3o Mundial&#8230;<\/p>\n","protected":false},"author":4,"featured_media":5920,"comment_status":"closed","ping_status":"open","sticky":false,"template":"","format":"standard","meta":{"om_disable_all_campaigns":false,"_monsterinsights_skip_tracking":false,"_monsterinsights_sitenote_active":false,"_monsterinsights_sitenote_note":"","_monsterinsights_sitenote_category":0,"spay_email":""},"categories":[126],"tags":[364,407,406],"jetpack_featured_media_url":"https:\/\/vimagazine.com.br\/wp-content\/uploads\/2022\/09\/Setembro-Amarelo-Post-para-Instagram-quadrado.jpg","_links":{"self":[{"href":"https:\/\/vimagazine.com.br\/index.php?rest_route=\/wp\/v2\/posts\/5918"}],"collection":[{"href":"https:\/\/vimagazine.com.br\/index.php?rest_route=\/wp\/v2\/posts"}],"about":[{"href":"https:\/\/vimagazine.com.br\/index.php?rest_route=\/wp\/v2\/types\/post"}],"author":[{"embeddable":true,"href":"https:\/\/vimagazine.com.br\/index.php?rest_route=\/wp\/v2\/users\/4"}],"replies":[{"embeddable":true,"href":"https:\/\/vimagazine.com.br\/index.php?rest_route=%2Fwp%2Fv2%2Fcomments&post=5918"}],"version-history":[{"count":1,"href":"https:\/\/vimagazine.com.br\/index.php?rest_route=\/wp\/v2\/posts\/5918\/revisions"}],"predecessor-version":[{"id":5921,"href":"https:\/\/vimagazine.com.br\/index.php?rest_route=\/wp\/v2\/posts\/5918\/revisions\/5921"}],"wp:featuredmedia":[{"embeddable":true,"href":"https:\/\/vimagazine.com.br\/index.php?rest_route=\/wp\/v2\/media\/5920"}],"wp:attachment":[{"href":"https:\/\/vimagazine.com.br\/index.php?rest_route=%2Fwp%2Fv2%2Fmedia&parent=5918"}],"wp:term":[{"taxonomy":"category","embeddable":true,"href":"https:\/\/vimagazine.com.br\/index.php?rest_route=%2Fwp%2Fv2%2Fcategories&post=5918"},{"taxonomy":"post_tag","embeddable":true,"href":"https:\/\/vimagazine.com.br\/index.php?rest_route=%2Fwp%2Fv2%2Ftags&post=5918"}],"curies":[{"name":"wp","href":"https:\/\/api.w.org\/{rel}","templated":true}]}}