{"id":5963,"date":"2022-09-06T17:31:22","date_gmt":"2022-09-06T20:31:22","guid":{"rendered":"https:\/\/vimagazine.com.br\/?p=5963"},"modified":"2022-09-06T17:31:25","modified_gmt":"2022-09-06T20:31:25","slug":"banda-rastape-na-10a-edicao-da-fiacom-rio-das-pedras","status":"publish","type":"post","link":"https:\/\/vimagazine.com.br\/?p=5963","title":{"rendered":"Banda Rastap\u00e9 na 10\u00aa edi\u00e7\u00e3o da FIACOM \u2013 Rio das Pedras"},"content":{"rendered":"\n<p><strong>A&nbsp;<\/strong><strong>Banda<\/strong><strong>&nbsp;Rastap\u00e9<\/strong>&nbsp;leva seu show contagiante para Rio das Pedras\/SP no pr\u00f3ximo dia 08 de setembro &#8211; na d\u00e9cima edi\u00e7\u00e3o da&nbsp;<strong>FIACOM<\/strong>&nbsp;(Feira Industrial e Agro comercial). No repert\u00f3rio, can\u00e7\u00f5es que marcam 23 anos de carreira da banda e que tem levantado o p\u00fablico em todas as suas apresenta\u00e7\u00f5es.<\/p>\n\n\n\n<p>Sucessos consagrados como \u201c<strong>Colo<\/strong><strong>&nbsp;de Menina\u201d, \u201cBeijo Roubado\u201d, \u201cUm Anjo do C\u00e9u\u201d&nbsp;<\/strong>e novas faixas como o recente lan\u00e7amento \u201cMinha Felicidade\u201d. A grava\u00e7\u00e3o desta faixa foi uma ideia da cantora e compositora Roberta Campos que gravou junto com Rastap\u00e9 a m\u00fasica em ritmo de xote.<\/p>\n\n\n\n<p>Confira:&nbsp;<a href=\"https:\/\/www.youtube.com\/watch?v=sQyatUm65F8\" target=\"_blank\" rel=\"noreferrer noopener\">https:\/\/www.youtube.com\/watch?v=sQyatUm65F8<\/a><\/p>\n\n\n\n<p><strong><u>O Evento<\/u><\/strong><\/p>\n\n\n\n<p>A FIACOM (Feira Industrial e Agro Comercial) est\u00e1 chegando a sua d\u00e9cima edi\u00e7\u00e3o em Rio das Pedras. A feira acontece do dia 7 ao dia 11 de Setembro, no Poliesportivo.<\/p>\n\n\n\n<p>Al\u00e9m da exposi\u00e7\u00e3o das empresas da ind\u00fastria e com\u00e9rcio riopedrense, o evento tamb\u00e9m contar\u00e1 com atra\u00e7\u00f5es musicais para todos os gostos. Ser\u00e3o dois palcos com o melhor do mundo da m\u00fasica, com artistas locais e nomes consagrados da m\u00fasica.<\/p>\n\n\n\n<p>Al\u00e9m das atra\u00e7\u00f5es musicais, a FIACOM tamb\u00e9m contar\u00e1 com pra\u00e7a de alimenta\u00e7\u00e3o, seguran\u00e7a completa e parque de divers\u00f5es.<\/p>\n\n\n\n<p>A FIACOM \u00e9 realizada pela Prefeitura Municipal de Rio das Pedras com o apoio das Secretarias de Desenvolvimento, Ind\u00fastria e Com\u00e9rcio, Cultura e Turismo, Sa\u00fade e do Fundo Social de Solidariedade.<\/p>\n\n\n\n<p>Fotos: Jos\u00e9 Renato Mello<\/p>\n\n\n\n<p>\u00a0 \u00a0\u00a0Assessoria de Imprensa\/ Divulga\u00e7\u00e3o TV<br><strong>\u00a0\u00a0Fernanda Lara Rocca\u00a0<\/strong><br>Instagram:@fernanda.l.rocca<a href=\"http:\/\/twitter.com\/FernandaLara01\" target=\"_blank\" rel=\"noreferrer noopener\">twitter:@FernandaLara01<\/a><a href=\"https:\/\/www.facebook.com\/fernanda.l.rocca\" target=\"_blank\" rel=\"noreferrer noopener\">https:\/\/www.facebook.com\/fernanda.l.rocca<\/a><\/p>\n\n\n\n<figure class=\"wp-block-image size-large\"><img width=\"1024\" height=\"768\" src=\"https:\/\/vimagazine.com.br\/wp-content\/uploads\/2022\/09\/IMG-20220823-WA0005-1024x768.jpg\" alt=\"\" class=\"wp-image-5965\" srcset=\"https:\/\/vimagazine.com.br\/wp-content\/uploads\/2022\/09\/IMG-20220823-WA0005-1024x768.jpg 1024w, https:\/\/vimagazine.com.br\/wp-content\/uploads\/2022\/09\/IMG-20220823-WA0005-300x225.jpg 300w, https:\/\/vimagazine.com.br\/wp-content\/uploads\/2022\/09\/IMG-20220823-WA0005-768x576.jpg 768w, https:\/\/vimagazine.com.br\/wp-content\/uploads\/2022\/09\/IMG-20220823-WA0005-1536x1152.jpg 1536w, https:\/\/vimagazine.com.br\/wp-content\/uploads\/2022\/09\/IMG-20220823-WA0005.jpg 1600w\" sizes=\"(max-width: 1024px) 100vw, 1024px\" \/><\/figure>\n\n\n\n<figure class=\"wp-block-image size-large\"><img width=\"800\" height=\"1024\" src=\"https:\/\/vimagazine.com.br\/wp-content\/uploads\/2022\/09\/rastape01-800x1024.jpg\" alt=\"\" class=\"wp-image-5966\" srcset=\"https:\/\/vimagazine.com.br\/wp-content\/uploads\/2022\/09\/rastape01-800x1024.jpg 800w, https:\/\/vimagazine.com.br\/wp-content\/uploads\/2022\/09\/rastape01-234x300.jpg 234w, https:\/\/vimagazine.com.br\/wp-content\/uploads\/2022\/09\/rastape01-768x983.jpg 768w, https:\/\/vimagazine.com.br\/wp-content\/uploads\/2022\/09\/rastape01.jpg 1000w\" sizes=\"(max-width: 800px) 100vw, 800px\" \/><\/figure>\n","protected":false},"excerpt":{"rendered":"<p>A&nbsp;Banda&nbsp;Rastap\u00e9&nbsp;leva seu show contagiante para Rio das Pedras\/SP no pr\u00f3ximo dia 08 de setembro &#8211;&#8230;<\/p>\n","protected":false},"author":3,"featured_media":5964,"comment_status":"closed","ping_status":"open","sticky":false,"template":"","format":"standard","meta":{"om_disable_all_campaigns":false,"_monsterinsights_skip_tracking":false,"_monsterinsights_sitenote_active":false,"_monsterinsights_sitenote_note":"","_monsterinsights_sitenote_category":0,"spay_email":""},"categories":[1],"tags":[],"jetpack_featured_media_url":"https:\/\/vimagazine.com.br\/wp-content\/uploads\/2022\/09\/IMG-20220823-WA0003-e1662496025970.jpg","_links":{"self":[{"href":"https:\/\/vimagazine.com.br\/index.php?rest_route=\/wp\/v2\/posts\/5963"}],"collection":[{"href":"https:\/\/vimagazine.com.br\/index.php?rest_route=\/wp\/v2\/posts"}],"about":[{"href":"https:\/\/vimagazine.com.br\/index.php?rest_route=\/wp\/v2\/types\/post"}],"author":[{"embeddable":true,"href":"https:\/\/vimagazine.com.br\/index.php?rest_route=\/wp\/v2\/users\/3"}],"replies":[{"embeddable":true,"href":"https:\/\/vimagazine.com.br\/index.php?rest_route=%2Fwp%2Fv2%2Fcomments&post=5963"}],"version-history":[{"count":1,"href":"https:\/\/vimagazine.com.br\/index.php?rest_route=\/wp\/v2\/posts\/5963\/revisions"}],"predecessor-version":[{"id":5967,"href":"https:\/\/vimagazine.com.br\/index.php?rest_route=\/wp\/v2\/posts\/5963\/revisions\/5967"}],"wp:featuredmedia":[{"embeddable":true,"href":"https:\/\/vimagazine.com.br\/index.php?rest_route=\/wp\/v2\/media\/5964"}],"wp:attachment":[{"href":"https:\/\/vimagazine.com.br\/index.php?rest_route=%2Fwp%2Fv2%2Fmedia&parent=5963"}],"wp:term":[{"taxonomy":"category","embeddable":true,"href":"https:\/\/vimagazine.com.br\/index.php?rest_route=%2Fwp%2Fv2%2Fcategories&post=5963"},{"taxonomy":"post_tag","embeddable":true,"href":"https:\/\/vimagazine.com.br\/index.php?rest_route=%2Fwp%2Fv2%2Ftags&post=5963"}],"curies":[{"name":"wp","href":"https:\/\/api.w.org\/{rel}","templated":true}]}}