{"id":5974,"date":"2022-09-07T12:13:40","date_gmt":"2022-09-07T15:13:40","guid":{"rendered":"https:\/\/vimagazine.com.br\/?p=5974"},"modified":"2022-09-07T12:13:44","modified_gmt":"2022-09-07T15:13:44","slug":"voraz-lanca-novo-single-brasileiro","status":"publish","type":"post","link":"https:\/\/vimagazine.com.br\/?p=5974","title":{"rendered":"Voraz lan\u00e7a novo single \u201cBrasileiro\u201d"},"content":{"rendered":"\n<p><em>A can\u00e7\u00e3o fala sobre o orgulho de ser brasileiro<\/em><\/p>\n\n\n\n<p>Com uma sonoridade do reggae nacional misturado ao groove e flertando com brasilidades do samba, hip-hop e pop\/mpb,\u00a0 o single\u00a0<strong>\u201cBrasileiro\u201d<\/strong>\u00a0tem como tema principal o orgulho de ser brasileiro. <\/p>\n\n\n\n<p>Em meio a tantas incertezas diante do atual cen\u00e1rio no pa\u00eds, a can\u00e7\u00e3o fala sobre renova\u00e7\u00e3o\u00a0 e sintonia com a f\u00e9 \u00a0e esperan\u00e7a. A letra de &#8220;Brasileiro&#8221; mostra o que o Brasil tem de melhor ; futebol, samba , natureza e musicalidade, atrav\u00e9s de melodias marcantes \u00a0e com a esperan\u00e7a de um futuro melhor. A m\u00fasica\u00a0 que ser\u00e1 lan\u00e7ada amanh\u00e3 (07\/09)\u00a0 \u00a0em todas as plataformas digitais, traz a alegria e vibra\u00e7\u00e3o com cara de ver\u00e3o e Copa do Mundo.<\/p>\n\n\n\n<p><strong>\u201c Fizemos essa m\u00fasica para resgatar o orgulho de ser brasileiro\u201d<\/strong>&nbsp;comenta &nbsp;Diogo ferraz, vocalista da Voraz<\/p>\n\n\n\n<p>Formada em 2015 na cidade de Curitiba &#8211;&nbsp;Diogo Ferraz, Jo\u00e3o Ferraz, Lucas Elion e Renato Pucky, traz em sua ess\u00eancia um som pop \u201cgood vibes\u201d, com pitadas de Reggae e Rap.&nbsp;A Voraz que vem se destacando nas plataformas digitais com suas m\u00fasicas autorais, sempre com uma mensagem positiva , caracter\u00edstica da banda desde o primeiro lan\u00e7amento, a Voraz&nbsp; tr\u00e1s em seu hist\u00f3rico de composi\u00e7\u00f5es &nbsp;a soma de cinco milh\u00f5es de plays no Spotify.<\/p>\n\n\n\n<p>A banda vem conquistando seu espa\u00e7o no cen\u00e1rio musical, realizando sonhos e al\u00e7ando voos cada vez mais altos.\u00a0Desde 2020 teve um crescimento de 5000% nas plataformas de streaming atingindo 5.5 milh\u00f5es de plays em m\u00fasicas autorais nas principais plataformas. No Spotify, chegaram a entrar em \u201cnovidades da semana\u201d e atualmente est\u00e3o ativos nas playlists\u00a0 editoriais: &#8220;Na\u00e7\u00e3o Reggae\u201d e \u201cFesta na Praia\u201d, alcan\u00e7ando quase 200 mil plays por m\u00eas e 90 mil ouvintes mensais. J\u00e1 na plataforma Deezer, obteve m\u00fasicas nas playlists editoriais \u201cRadar Pop\u201d, \u201cPop, Good Vibe\u201d,\u201cReggae do Brasil\u201d e \u201cSol&amp;Mar\u201d. No PalcoMP3 alcan\u00e7ou destaque nacional ficando por 2 semanas no top 10 dos artistas mais ouvidos no estilo. Atualmente conta com mais de 10.000 execu\u00e7\u00f5es em r\u00e1dios de 10 estados diferentes de forma org\u00e2nica<\/p>\n\n\n\n<figure class=\"wp-block-image size-large\"><img width=\"1024\" height=\"1024\" src=\"https:\/\/vimagazine.com.br\/wp-content\/uploads\/2022\/09\/IMG-20220905-WA0106-1024x1024.jpg\" alt=\"\" class=\"wp-image-5976\" srcset=\"https:\/\/vimagazine.com.br\/wp-content\/uploads\/2022\/09\/IMG-20220905-WA0106-1024x1024.jpg 1024w, https:\/\/vimagazine.com.br\/wp-content\/uploads\/2022\/09\/IMG-20220905-WA0106-300x300.jpg 300w, https:\/\/vimagazine.com.br\/wp-content\/uploads\/2022\/09\/IMG-20220905-WA0106-150x150.jpg 150w, https:\/\/vimagazine.com.br\/wp-content\/uploads\/2022\/09\/IMG-20220905-WA0106-768x768.jpg 768w, https:\/\/vimagazine.com.br\/wp-content\/uploads\/2022\/09\/IMG-20220905-WA0106.jpg 1280w\" sizes=\"(max-width: 1024px) 100vw, 1024px\" \/><\/figure>\n\n\n\n<p><strong>&nbsp;\u201cA vida \u00e9 uma arte e depende de n\u00f3s fazer a arte da vida\u201d. Enfatizam. &nbsp;<\/strong><\/p>\n\n\n\n<p>Confira em todas as plataformas o lan\u00e7amento single \u201cBrasileiro\u201d<\/p>\n\n\n\n<figure class=\"wp-block-embed\"><div class=\"wp-block-embed__wrapper\">\nhttps:\/\/bfan.link\/brasileiro\n<\/div><\/figure>\n\n\n\n<p>Fotos Cr\u00e9dito: Larissa Amparo<\/p>\n\n\n\n<p><strong><u>Para saber mais acesse:<\/u><\/strong><\/p>\n\n\n\n<p>&nbsp;<a href=\"https:\/\/web.facebook.com\/oficialvoraz\/\" target=\"_blank\" rel=\"noreferrer noopener\">facebook.com\/oficialvoraz\/<\/a><\/p>\n\n\n\n<p>&nbsp;<a href=\"https:\/\/www.instagram.com\/vorazoficial\/\" target=\"_blank\" rel=\"noreferrer noopener\">www.instagram.com\/vorazoficial\/<\/a><\/p>\n\n\n\n<figure class=\"wp-block-embed is-type-rich is-provider-spotify wp-block-embed-spotify wp-embed-aspect-21-9 wp-has-aspect-ratio\"><div class=\"wp-block-embed__wrapper\">\n<iframe title=\"Spotify Embed: Voraz\" style=\"border-radius: 12px\" width=\"100%\" height=\"380\" frameborder=\"0\" allowfullscreen allow=\"autoplay; clipboard-write; encrypted-media; fullscreen; picture-in-picture\" loading=\"lazy\" src=\"https:\/\/open.spotify.com\/embed\/artist\/54emVun9PakI9opV4aT5Jb?utm_source=oembed\"><\/iframe>\n<\/div><\/figure>\n\n\n\n<figure class=\"wp-block-embed\"><div class=\"wp-block-embed__wrapper\">\nhttps:\/\/www.deezer.com\/br\/artist\/10052000\n<\/div><\/figure>\n\n\n\n<figure class=\"wp-block-embed\"><div class=\"wp-block-embed__wrapper\">\nhttps:\/\/www.youtube.com\/channel\/UCFXxbGnSOfNmc9xqX4fPsZQ.\n<\/div><\/figure>\n\n\n\n<p>\u00a0 \u00a0\u00a0Assessoria de Imprensa\/ Divulga\u00e7\u00e3o TV<br><strong>\u00a0\u00a0Fernanda Lara Rocca\u00a0<\/strong><br>\u00a0\u00a0Instagram:@fernanda.l.rocca<a href=\"http:\/\/twitter.com\/FernandaLara01\" target=\"_blank\" rel=\"noreferrer noopener\">twitter:@FernandaLara01<\/a><a href=\"https:\/\/www.facebook.com\/fernanda.l.rocca\" target=\"_blank\" rel=\"noreferrer noopener\">https:\/\/www.facebook.com\/fernanda.l.rocca<\/a><\/p>\n\n\n\n<figure class=\"wp-block-image size-large\"><img width=\"1024\" height=\"683\" src=\"https:\/\/vimagazine.com.br\/wp-content\/uploads\/2022\/09\/Larissa-Amparo_Brasileiro_VORAZ-24-1024x683.jpg\" alt=\"\" class=\"wp-image-5977\" srcset=\"https:\/\/vimagazine.com.br\/wp-content\/uploads\/2022\/09\/Larissa-Amparo_Brasileiro_VORAZ-24-1024x683.jpg 1024w, https:\/\/vimagazine.com.br\/wp-content\/uploads\/2022\/09\/Larissa-Amparo_Brasileiro_VORAZ-24-300x200.jpg 300w, https:\/\/vimagazine.com.br\/wp-content\/uploads\/2022\/09\/Larissa-Amparo_Brasileiro_VORAZ-24-768x512.jpg 768w, https:\/\/vimagazine.com.br\/wp-content\/uploads\/2022\/09\/Larissa-Amparo_Brasileiro_VORAZ-24-1536x1024.jpg 1536w, https:\/\/vimagazine.com.br\/wp-content\/uploads\/2022\/09\/Larissa-Amparo_Brasileiro_VORAZ-24.jpg 1920w\" sizes=\"(max-width: 1024px) 100vw, 1024px\" \/><\/figure>\n","protected":false},"excerpt":{"rendered":"<p>A can\u00e7\u00e3o fala sobre o orgulho de ser brasileiro Com uma sonoridade do reggae nacional&#8230;<\/p>\n","protected":false},"author":3,"featured_media":5975,"comment_status":"closed","ping_status":"open","sticky":false,"template":"","format":"standard","meta":{"om_disable_all_campaigns":false,"_monsterinsights_skip_tracking":false,"_monsterinsights_sitenote_active":false,"_monsterinsights_sitenote_note":"","_monsterinsights_sitenote_category":0,"spay_email":""},"categories":[1],"tags":[],"jetpack_featured_media_url":"https:\/\/vimagazine.com.br\/wp-content\/uploads\/2022\/09\/bras-e1662563403757.jpg","_links":{"self":[{"href":"https:\/\/vimagazine.com.br\/index.php?rest_route=\/wp\/v2\/posts\/5974"}],"collection":[{"href":"https:\/\/vimagazine.com.br\/index.php?rest_route=\/wp\/v2\/posts"}],"about":[{"href":"https:\/\/vimagazine.com.br\/index.php?rest_route=\/wp\/v2\/types\/post"}],"author":[{"embeddable":true,"href":"https:\/\/vimagazine.com.br\/index.php?rest_route=\/wp\/v2\/users\/3"}],"replies":[{"embeddable":true,"href":"https:\/\/vimagazine.com.br\/index.php?rest_route=%2Fwp%2Fv2%2Fcomments&post=5974"}],"version-history":[{"count":1,"href":"https:\/\/vimagazine.com.br\/index.php?rest_route=\/wp\/v2\/posts\/5974\/revisions"}],"predecessor-version":[{"id":5978,"href":"https:\/\/vimagazine.com.br\/index.php?rest_route=\/wp\/v2\/posts\/5974\/revisions\/5978"}],"wp:featuredmedia":[{"embeddable":true,"href":"https:\/\/vimagazine.com.br\/index.php?rest_route=\/wp\/v2\/media\/5975"}],"wp:attachment":[{"href":"https:\/\/vimagazine.com.br\/index.php?rest_route=%2Fwp%2Fv2%2Fmedia&parent=5974"}],"wp:term":[{"taxonomy":"category","embeddable":true,"href":"https:\/\/vimagazine.com.br\/index.php?rest_route=%2Fwp%2Fv2%2Fcategories&post=5974"},{"taxonomy":"post_tag","embeddable":true,"href":"https:\/\/vimagazine.com.br\/index.php?rest_route=%2Fwp%2Fv2%2Ftags&post=5974"}],"curies":[{"name":"wp","href":"https:\/\/api.w.org\/{rel}","templated":true}]}}