{"id":5980,"date":"2022-09-07T20:37:38","date_gmt":"2022-09-07T23:37:38","guid":{"rendered":"https:\/\/vimagazine.com.br\/?p=5980"},"modified":"2022-09-07T20:37:41","modified_gmt":"2022-09-07T23:37:41","slug":"ana-bittar-participa-da-28edicao-da-expo-arte-sp","status":"publish","type":"post","link":"https:\/\/vimagazine.com.br\/?p=5980","title":{"rendered":"Ana Bittar participa da 28\u00b0edi\u00e7\u00e3o da Expo Arte SP"},"content":{"rendered":"\n<p>Ana Bittar jornalista e artista pl\u00e1stica participou da 28\u00b0 edi\u00e7\u00e3o da Expo Arte SP,\u00a0 na Art Lab Gallery, na rua mais badalada de S\u00e3o Paulo; Oscar Freire.\u00a0 <\/p>\n\n\n\n<p>Mais uma edi\u00e7\u00e3o especial realizada pelo galerista e curador Eduardo M\u00f4naco, que\u00a0 ter\u00e1 o lan\u00e7amento do Cat\u00e1logo de Artistas.Ana participou com uma s\u00e9rie chamada &#8220;Geometric&#8221;, t\u00e9cnica mista de acr\u00edlico sobre tela com aplica\u00e7\u00e3o de l\u00e2minas de madeiras e casca de c\u00f4co.&#8221;Uma honra trabalhar com o &#8220;chefe&#8221;, (apelido carinhoso com que Ana se refere a Edu M\u00f4naco), estamos juntos na jornada da arte desde o in\u00edcio. Vale a pena&#8221;, disse Ana.<\/p>\n","protected":false},"excerpt":{"rendered":"<p>Ana Bittar jornalista e artista pl\u00e1stica participou da 28\u00b0 edi\u00e7\u00e3o da Expo Arte SP,\u00a0 na&#8230;<\/p>\n","protected":false},"author":19,"featured_media":5981,"comment_status":"closed","ping_status":"open","sticky":false,"template":"","format":"standard","meta":{"om_disable_all_campaigns":false,"_monsterinsights_skip_tracking":false,"_monsterinsights_sitenote_active":false,"_monsterinsights_sitenote_note":"","_monsterinsights_sitenote_category":0,"spay_email":""},"categories":[27],"tags":[],"jetpack_featured_media_url":"https:\/\/vimagazine.com.br\/wp-content\/uploads\/2022\/09\/IMG_20220903_121614.jpg","_links":{"self":[{"href":"https:\/\/vimagazine.com.br\/index.php?rest_route=\/wp\/v2\/posts\/5980"}],"collection":[{"href":"https:\/\/vimagazine.com.br\/index.php?rest_route=\/wp\/v2\/posts"}],"about":[{"href":"https:\/\/vimagazine.com.br\/index.php?rest_route=\/wp\/v2\/types\/post"}],"author":[{"embeddable":true,"href":"https:\/\/vimagazine.com.br\/index.php?rest_route=\/wp\/v2\/users\/19"}],"replies":[{"embeddable":true,"href":"https:\/\/vimagazine.com.br\/index.php?rest_route=%2Fwp%2Fv2%2Fcomments&post=5980"}],"version-history":[{"count":1,"href":"https:\/\/vimagazine.com.br\/index.php?rest_route=\/wp\/v2\/posts\/5980\/revisions"}],"predecessor-version":[{"id":5982,"href":"https:\/\/vimagazine.com.br\/index.php?rest_route=\/wp\/v2\/posts\/5980\/revisions\/5982"}],"wp:featuredmedia":[{"embeddable":true,"href":"https:\/\/vimagazine.com.br\/index.php?rest_route=\/wp\/v2\/media\/5981"}],"wp:attachment":[{"href":"https:\/\/vimagazine.com.br\/index.php?rest_route=%2Fwp%2Fv2%2Fmedia&parent=5980"}],"wp:term":[{"taxonomy":"category","embeddable":true,"href":"https:\/\/vimagazine.com.br\/index.php?rest_route=%2Fwp%2Fv2%2Fcategories&post=5980"},{"taxonomy":"post_tag","embeddable":true,"href":"https:\/\/vimagazine.com.br\/index.php?rest_route=%2Fwp%2Fv2%2Ftags&post=5980"}],"curies":[{"name":"wp","href":"https:\/\/api.w.org\/{rel}","templated":true}]}}