{"id":5983,"date":"2022-09-07T20:53:50","date_gmt":"2022-09-07T23:53:50","guid":{"rendered":"https:\/\/vimagazine.com.br\/?p=5983"},"modified":"2022-09-07T20:53:53","modified_gmt":"2022-09-07T23:53:53","slug":"thiago-de-moraes-uma-personalidade-marcante-nas-varias-atividades-de-sua-carreira","status":"publish","type":"post","link":"https:\/\/vimagazine.com.br\/?p=5983","title":{"rendered":"Thiago de Moraes , uma personalidade marcante nas v\u00e1rias atividades de sua carreira"},"content":{"rendered":"\n<p>Thiago de Moraes, jurista, escritor, jornalista e cientista pol\u00edtico, um vision\u00e1rio polivalente que sobre outra perspectiva, ou seja, um olhar atento de seus amigos, alunos, conhecidos e admiradores observam atentamente seu olhar po\u00e9tico e sua vida p\u00fablica.&nbsp;Thiago \u00e9 um ser humano impar em suas decis\u00f5es e \u00fanico nas suas atitudes nos v\u00e1rios aspectos de sua personalidade que encanta as pessoas ao seu redor.&nbsp;&nbsp;<\/p>\n\n\n\n<p>Pessoas que querem sempre saber mais sobre o seu ponto de vista al\u00e9m de suas opini\u00f5es a respeito de assuntos adversos que permeiam seu intelecto ao mesmo tempo que s\u00e3o envolventes, diverte as pessoas ao seu redor&nbsp;<\/p>\n\n\n\n<p>Thiago quando n\u00e3o concorda age com a verdade, contudo ele ri e brinca com a situa\u00e7\u00e3o seja ela boa ou ruim e at\u00e9 mesmo com seus problemas de sa\u00fade ele age com resili\u00eancia e determina\u00e7\u00e3o. N\u00e3o se abate e n\u00e3o se entrega.&nbsp;<\/p>\n\n\n\n<p>Thiago pensa um mundo igualit\u00e1rio apesar de ut\u00f3pico, ele sonha com uma realidade de uma sociedade justa e solid\u00e1ria. N\u00e3o nega sua ideologia como cientista pol\u00edtico, mas acredita na criatividade do ser humano na sua evolu\u00e7\u00e3o.&nbsp; &nbsp;&nbsp;&nbsp;<\/p>\n\n\n\n<p>N\u00e3o h\u00e1 como ele disfar\u00e7ar pois coloca em todos seus artigos como o defensor da&nbsp;liberdade,&nbsp;da democracia e da justi\u00e7a solid\u00e1ria. E os seus projetos s\u00e3o voltados a esses prop\u00f3sitos objetivos pensando no coletivo.&nbsp;&nbsp;<\/p>\n\n\n\n<p>Criador do Justi\u00e7a Solid\u00e1ria e do Memorial e Museu 17 de&nbsp;Mar\u00e7o, Thiago&nbsp;ministra cursos e palestras de v\u00e1rios assuntos e prepara uma agenda de entrevistas que realizar\u00e1 em&nbsp;seu canal de Podcast e TV.&nbsp;&nbsp;<br>&nbsp;<\/p>\n\n\n\n<p>Thiago de Moraes um homem a frente dos\u00a0diversos\u00a0questionamentos humanit\u00e1rios e intelectuais onde\u00a0ele aprofunda e compartilha seu conhecimento em suas diversas obras liter\u00e1rias.\u00a0\u00a0\u00a0<\/p>\n\n\n\n<p>Num determinado tempo de sua vida Thiago de Moraes aprofundou-se Frente a Frente com sua exist\u00eancia&nbsp;posiciou-se&nbsp;como:&nbsp;&nbsp;&nbsp;&nbsp;<\/p>\n\n\n\n<p><strong><em>&#8220;O Poeta tem Olhar<\/em><\/strong>&nbsp;<\/p>\n\n\n\n<p><strong><em>SEJA NO AMOR OU NA GUERRA&nbsp;<\/em><\/strong>&nbsp;<\/p>\n\n\n\n<p>Eu nasci em um ano qualquer\u2026Sentei dentro do \u00fatero s\u00f3 para chamar a aten\u00e7\u00e3o. J\u00e1 comecei a criar um tumulto. Batia e sacolejava. Como n\u00e3o sabia esperar por nada, nem por ningu\u00e9m, nasci cinco dias antes do previsto. S\u00edndrome de Inquieta\u00e7\u00e3o, de m\u00e3os e p\u00e9s inquietos, andar r\u00e1pido a olhar direto. Comecei tudo normal, menino educado. Notas \u00f3timas, mas conversava muito e adorava uma arte na companhia de bons amigos. Causar o inesperado e rir depois.&nbsp;<\/p>\n\n\n\n<p>Minha facilidade em transitar em v\u00e1rios mundos me fez conhecer milhares de pessoas. O tempo levou quase todos, surgiram os novos. Aprendi como fazer isso e essa arte n\u00e3o se aprende na escola. Gostava de ci\u00eancias, sim, mas preferia apreciar toda a engrenagem de tudo. O circo sempre me fascinou. A vida \u00e9 um teatro. mas tamb\u00e9m uma arte.&nbsp;<\/p>\n\n\n\n<p>Sempre caprichava nas qualidades, mais que nos defeitos. Mas aparecia um ser humano completo. Fui sempre a frente do meu tempo. V\u00e1rios passos adiante. Vivi sempre pensando no futuro. Via detalhes que ningu\u00e9m via. O futuro chegou e n\u00e3o conheci o teletransporte, as viagens intergal\u00e1cticas. O mundo novo se apresentou e virou refer\u00eancia. Perdi a minha. Mas aproveitei. Conheci outras culturas e&nbsp;tribos.&nbsp;Fiz amizades e aprendi com todas.&nbsp;<\/p>\n\n\n\n<p>Novos rumos, novas possibilidades. Vi possibilidades existentes dez mil anos luz de dist\u00e2ncia. Tracei planos&nbsp;perfeitos.&nbsp;Levei meu mundo junto. Mas abri portas para as novidades. Perdi-me nos detalhes, nas min\u00facias. N\u00e3o me importei, no final. Agarrei-me \u00e0s teorias, mas continuei profanando nas cabe\u00e7as&nbsp;alheias,&nbsp;bagun\u00e7ando as outras ideias e criando pol\u00eamicas. Agarrei-me a mim mesmo.&nbsp;<\/p>\n\n\n\n<p>\u201cQUEM TEM TALENTO, N\u00c3O PRECISA DE SORTE, MAS DE INICIATIVA\u201d. Tomei&nbsp;algumas,&nbsp;tomei as r\u00e9deas, reencontrei a b\u00fassola e os&nbsp;mapas.&nbsp;Voltei aos poucos para minha estrada.&nbsp;&nbsp;<\/p>\n\n\n\n<p><strong><em>O que pedir a D&#8217;us?<\/em><\/strong>&nbsp;<\/p>\n\n\n\n<p>&nbsp;Hoje sou feliz. Mas continuo debochado como minha m\u00e3e diz. Caracter\u00edsticas gerais. Falo&nbsp;Falo&nbsp;\u201cFalo \u201cmuito. \u00c0s vezes fico extremamente calado e reservado. Falo alto, muito alto. Penso alto e demonstro no olhar. \u00c0s vezes quase em sil\u00eancio. Falo com os animais e plantas. Sei que eles entendem. J\u00e1 tive provas suficientes disso. Meu perfeccionismo irrita todos. Mas \u00e0s vezes a falta dele tamb\u00e9m. Ambos tamb\u00e9m me irritam. Mas sempre resulta em caras e bocas arregaladas. Sou sincero demais. Gostaria que assim fossem comigo. Sinceridade \u00e9 um dom&nbsp;admir\u00e1vel.&nbsp;Saber como coloc\u00e1-la, sem&nbsp;ofensas,&nbsp;um dom maior ainda.&nbsp;<\/p>\n\n\n\n<p>Sou extravagante, mas ao mesmo tempo muito s\u00e9rio e nem um pouco t\u00edmido. Sei me posicionar e&nbsp;portar.&nbsp;Intui\u00e7\u00e3o e anos de aprendizagem pura,&nbsp;\u00e0s&nbsp;vezes. Assimilo nas entrelinhas. Falta de personalidade e atitude me irritam. Falta de amor pr\u00f3prio em primeira inst\u00e2ncia me deprime. Em seguida me irrita tamb\u00e9m. Odeio discursos de arrependimento\u201d.<em>&nbsp;\u201cDESCULPAS \u00c9 PASSAGEM DE IDA AO SOFRIMENTO ALHEIO, COM VOLTA INTEIRAMENTE GR\u00c1TIS\u201d.<\/em>&nbsp;&nbsp;<\/p>\n\n\n\n<p>As pessoas que se arrependem do que fizeram s\u00e3o as piores. As pessoas que n\u00e3o se arrependem do que fizeram s\u00e3o, no m\u00ednimo, interessantes. Quem s\u00f3 se escorrega perde a oportunidade de aprender a se levantar. A beleza me atrai. Pessoas bonitas s\u00e3o um perfume suave, sedutor e, luz brilhante. Gente bonita, de alma e cora\u00e7\u00e3o,&nbsp;\u00e9 necess\u00e1rio. Atraio-me por c\u00e9rebros, olhares, gestos educados e sorrisos. Sou parnasiano, mas as vezes trovador! Rom\u00e2ntico muito\u2026. Aprendi que posso escolher o jogo. Mas quem faz as regras ainda est\u00e1 al\u00e9m da minha total compreens\u00e3o. A sutilidade e a delicadeza s\u00e3o caracter\u00edsticas natas, o ber\u00e7o traz!&nbsp;<\/p>\n\n\n\n<p><strong><em>Seriedade e Compet\u00eancia<\/em><\/strong>&nbsp;<\/p>\n\n\n\n<p>Aprendi que ter amigos \u00e9&nbsp;bom.Ter&nbsp;irm\u00e3os \u00e9 reviver coisas boas do passado e que a fam\u00edlia \u00e9 algo insepar\u00e1vel. Por mais que se reclame, s\u00e3o com eles que sempre, sempre, sempre poderemos contar. E que escutar os mais, mais&nbsp;<em>\u201cvelhos e os mais novos al\u00e9m de divertido sempre se aprende\u201d.<\/em>&nbsp;Hoje percebo que a vida \u00e9 mais do que um teatro, \u00e9 uma ci\u00eancia. A simplicidade dela nos complica.&nbsp;<\/p>\n\n\n\n<p>Aprendi que amar n\u00e3o \u00e9 verbo intransitivo. E que dificilmente volto atr\u00e1s, sou determinista, persistente, n\u00e3o sei perder. Mas de uma burrice admiravelmente inteligente. Todavia tenho eu mesmo comigo e isto \u00e9 mais do se possa imaginar. \u201cPor Thiago de Moraes&nbsp;<\/p>\n\n\n\n<p><a href=\"https:\/\/word-edit.officeapps.live.com\/we\/www.thiagodemoraes.com.br\" target=\"_blank\" rel=\"noreferrer noopener\">www.thiagodemoraes.com.br<\/a>&nbsp;<\/p>\n\n\n\n<p>@thiagodmoraesoficial&nbsp;<\/p>\n","protected":false},"excerpt":{"rendered":"<p>Thiago de Moraes, jurista, escritor, jornalista e cientista pol\u00edtico, um vision\u00e1rio polivalente que sobre outra&#8230;<\/p>\n","protected":false},"author":19,"featured_media":5985,"comment_status":"closed","ping_status":"open","sticky":false,"template":"","format":"standard","meta":{"om_disable_all_campaigns":false,"_monsterinsights_skip_tracking":false,"_monsterinsights_sitenote_active":false,"_monsterinsights_sitenote_note":"","_monsterinsights_sitenote_category":0,"spay_email":""},"categories":[26,31],"tags":[],"jetpack_featured_media_url":"https:\/\/vimagazine.com.br\/wp-content\/uploads\/2022\/09\/thumbnail_image0-2.jpg","_links":{"self":[{"href":"https:\/\/vimagazine.com.br\/index.php?rest_route=\/wp\/v2\/posts\/5983"}],"collection":[{"href":"https:\/\/vimagazine.com.br\/index.php?rest_route=\/wp\/v2\/posts"}],"about":[{"href":"https:\/\/vimagazine.com.br\/index.php?rest_route=\/wp\/v2\/types\/post"}],"author":[{"embeddable":true,"href":"https:\/\/vimagazine.com.br\/index.php?rest_route=\/wp\/v2\/users\/19"}],"replies":[{"embeddable":true,"href":"https:\/\/vimagazine.com.br\/index.php?rest_route=%2Fwp%2Fv2%2Fcomments&post=5983"}],"version-history":[{"count":3,"href":"https:\/\/vimagazine.com.br\/index.php?rest_route=\/wp\/v2\/posts\/5983\/revisions"}],"predecessor-version":[{"id":5990,"href":"https:\/\/vimagazine.com.br\/index.php?rest_route=\/wp\/v2\/posts\/5983\/revisions\/5990"}],"wp:featuredmedia":[{"embeddable":true,"href":"https:\/\/vimagazine.com.br\/index.php?rest_route=\/wp\/v2\/media\/5985"}],"wp:attachment":[{"href":"https:\/\/vimagazine.com.br\/index.php?rest_route=%2Fwp%2Fv2%2Fmedia&parent=5983"}],"wp:term":[{"taxonomy":"category","embeddable":true,"href":"https:\/\/vimagazine.com.br\/index.php?rest_route=%2Fwp%2Fv2%2Fcategories&post=5983"},{"taxonomy":"post_tag","embeddable":true,"href":"https:\/\/vimagazine.com.br\/index.php?rest_route=%2Fwp%2Fv2%2Ftags&post=5983"}],"curies":[{"name":"wp","href":"https:\/\/api.w.org\/{rel}","templated":true}]}}