{"id":5996,"date":"2022-09-09T17:37:59","date_gmt":"2022-09-09T20:37:59","guid":{"rendered":"https:\/\/vimagazine.com.br\/?p=5996"},"modified":"2022-09-09T17:38:06","modified_gmt":"2022-09-09T20:38:06","slug":"sao-chico-recebe-o-espetaculo-jardim-um-solo-poetico-para-criancas","status":"publish","type":"post","link":"https:\/\/vimagazine.com.br\/?p=5996","title":{"rendered":"S\u00e3o Chico recebe o espet\u00e1culo &#8216;Jardim &#8211; Um solo po\u00e9tico para crian\u00e7as&#8217;"},"content":{"rendered":"\n<p><em>Projeto com classifica\u00e7\u00e3o livre promove teatro infantil com entrada gratuita para curtir em fam\u00edlia<\/em><\/p>\n\n\n\n<p>Com apresenta\u00e7\u00e3o gratuita, o espet\u00e1culo teatral <strong>\u201cJardim, um solo po\u00e9tico para crian\u00e7as\u201d, <\/strong>interpretado pela atriz Marina Prado, ser\u00e1 destaque no m\u00eas de setembro em S\u00e3o Francisco do Sul, no dia 17, no Cine Teatro X de Novembro.<\/p>\n\n\n\n<p>A pe\u00e7a, conduz o espectador a uma viagem pela exist\u00eancia, contemplando a vida e a passagem do tempo,<strong> <\/strong>numa atmosfera de sonho.<strong> <\/strong>Aborda quest\u00f5es sobre o viver e o morrer a partir da natureza, tendo um jardim abstrato como espa\u00e7o para vivenciar tais processos: nascer, brotar, crescer, dar frutos, voltar a ser semente. \u201cNossa inten\u00e7\u00e3o com este trabalho \u00e9 provocar os sentidos, estimular o gosto pela palavra, promover conex\u00f5es e convidar a crian\u00e7a a um mergulho em infinitas possibilidades\u201d, revela Cristine Conde, diretora art\u00edstica e idealizadora deste espet\u00e1culo.<\/p>\n\n\n\n<p>Apresentado desde 2016, o espet\u00e1culo \u00e9 da <strong>Tecer Teatro &#8211; arte, educa\u00e7\u00e3o e cultura, de Curitiba <\/strong>e j\u00e1 foi indicado ao Trof\u00e9u Gralha Azul em quatro categorias: melhor espet\u00e1culo para crian\u00e7as, dire\u00e7\u00e3o, atriz e cen\u00e1rio. Segundo a produtora e empreendedora do projeto, Fabiana Ferreira, a expectativa com esta turn\u00ea \u00e9 alcan\u00e7ar um p\u00fablico de 4 mil pessoas. \u201c\u00c9 um privil\u00e9gio poder realizar este projeto. E este espet\u00e1culo faz jus a este privil\u00e9gio pois, desde sua estreia, vem encantando plateias por onde passa. Crian\u00e7as e adultos v\u00eam desfrutando de seu texto po\u00e9tico e filos\u00f3fico onde, em meio ao cen\u00e1rio m\u00e1gico, a personagem brinca enquanto prop\u00f5e profundos questionamentos\u201d.<\/p>\n\n\n\n<p>O projeto \u00e9 patrocinado pela ArcelorMittal e realizado atrav\u00e9s da Secretaria Especial da Cultura, do Minist\u00e9rio do Turismo e da Lei de Incentivo \u00e0 Cultura. Conta com o apoio institucional<em> <\/em>da Prefeitura Municipal de Joinville, Secretaria Municipal de Educa\u00e7\u00e3o de Joinville, R\u00e1dio Udesc FM Joinville, Prefeitura Municipal de S\u00e3o Francisco do Sul, Secretaria Municipal de Educa\u00e7\u00e3o de S\u00e3o Francisco do Sul, Funda\u00e7\u00e3o Cultural Ilha de S\u00e3o Francisco do Sul e apoio da Mar Ritmos Arte e dan\u00e7a.<\/p>\n\n\n\n<p>Com classifica\u00e7\u00e3o livre, em <strong>S\u00e3o Francisco do Sul<\/strong>, ser\u00e1 realizada no dia 17 de setembro, no Cine Teatro X de Novembro, \u00e0s 18h. A entrada \u00e9 gratuita e para participar basta se inscrever atrav\u00e9s do link: <a href=\"https:\/\/www.sympla.com.br\/peca-teatral-jardim-um-solo-poetico-para-criancas__1670013\" target=\"_blank\" rel=\"noreferrer noopener\">neste link <\/a>.<\/p>\n\n\n\n<p>No dia do espet\u00e1culo os ingressos devem ser trocados uma hora antes da sess\u00e3o. Caso haja demanda na porta do teatro, os ingressos reservados no Sympla que n\u00e3o forem retirados at\u00e9 meia hora antes, ser\u00e3o distribu\u00eddos entre os presentes.\u00a0<\/p>\n\n\n\n<figure class=\"wp-block-image size-large\"><img width=\"1024\" height=\"575\" src=\"https:\/\/vimagazine.com.br\/wp-content\/uploads\/2022\/09\/Jardim_Tecer_Teatro_Foto_Ahau-8-1024x575.jpg\" alt=\"\" class=\"wp-image-5998\" srcset=\"https:\/\/vimagazine.com.br\/wp-content\/uploads\/2022\/09\/Jardim_Tecer_Teatro_Foto_Ahau-8-1024x575.jpg 1024w, https:\/\/vimagazine.com.br\/wp-content\/uploads\/2022\/09\/Jardim_Tecer_Teatro_Foto_Ahau-8-300x168.jpg 300w, https:\/\/vimagazine.com.br\/wp-content\/uploads\/2022\/09\/Jardim_Tecer_Teatro_Foto_Ahau-8-768x431.jpg 768w, https:\/\/vimagazine.com.br\/wp-content\/uploads\/2022\/09\/Jardim_Tecer_Teatro_Foto_Ahau-8-1536x862.jpg 1536w, https:\/\/vimagazine.com.br\/wp-content\/uploads\/2022\/09\/Jardim_Tecer_Teatro_Foto_Ahau-8.jpg 1920w\" sizes=\"(max-width: 1024px) 100vw, 1024px\" \/><\/figure>\n\n\n\n<p><strong>SERVI\u00c7O:<\/strong><\/p>\n\n\n\n<p><strong>Apresenta\u00e7\u00e3o em S\u00e3o Francisco do Sul<\/strong><\/p>\n\n\n\n<p>Data e hor\u00e1rio: 17\/09 \u00e0s 18h<\/p>\n\n\n\n<p>Local: Cine Teatro X de Novembro<\/p>\n\n\n\n<p>Quanto: Gratuito<\/p>\n\n\n\n<p>Ingressos: <a href=\"https:\/\/www.sympla.com.br\/peca-teatral-jardim-um-solo-poetico-para-criancas__1670013\" target=\"_blank\" rel=\"noreferrer noopener\">https:\/\/www.sympla.com.br\/peca-teatral-jardim-um-solo-poetico-para-criancas__1670013<\/a><\/p>\n\n\n\n<p><strong>FICHA T\u00c9CNICA:<\/strong><\/p>\n\n\n\n<p><strong>Realiza\u00e7\u00e3o: <\/strong>Tecer Teatro \u2013 arte, educa\u00e7\u00e3o e cultura&nbsp;<\/p>\n\n\n\n<p><strong>Dire\u00e7\u00e3o, Cen\u00e1rios e Figurinos: <\/strong>Cristine Conde<\/p>\n\n\n\n<p><strong>Diretora de Produ\u00e7\u00e3o e Palestrante: <\/strong>Fabiana Ferreira<\/p>\n\n\n\n<p><strong>Atriz: <\/strong>Marina Prado<\/p>\n\n\n\n<p><strong>Texto: <\/strong>Carolina Santana<\/p>\n\n\n\n<p><strong>Coreografia:<\/strong> Eliane Campelli<\/p>\n\n\n\n<p><strong>Trilha Sonora: <\/strong>\u00c1lvaro Antonio, Vadeco Schettini e Cristine Conde<\/p>\n\n\n\n<p><strong>Desenho&nbsp; e opera\u00e7\u00e3o de Luz: <\/strong>Lucas Amado<\/p>\n\n\n\n<p><strong>Operador de Som: <\/strong>Tiago Constante<\/p>\n\n\n\n<p><strong>Produ\u00e7\u00e3o Local: <\/strong>Cl\u00e1udia Maiole<strong>&nbsp;<\/strong><\/p>\n\n\n\n<p><strong>Arte Gr\u00e1fica, V\u00eddeos de divulga\u00e7\u00e3o e Blog do Espet\u00e1culo: <\/strong>Tiago Constante<\/p>\n\n\n\n<p><strong>T\u00e9cnico de luz e de montagem:<\/strong> Djavan Renato e Paulinho<\/p>\n\n\n\n<p><strong>Maquiagem: <\/strong>Andr\u00e9a Trist\u00e3o<\/p>\n\n\n\n<p><strong>Costureira: <\/strong>Adriana Raitz<\/p>\n\n\n\n<p><strong>Assessoria de Imprensa: <\/strong>Mariana Woj<\/p>\n\n\n\n<p><strong>Social M\u00e9dia e Marketing Digital:<\/strong> Nil Bal\u00e7anelli<\/p>\n\n\n\n<p><strong>Registro Videogr\u00e1fico:<\/strong> Jones Risso&nbsp;<\/p>\n\n\n\n<p><strong>Fotografias: <\/strong>Ivana Lima e Kelwin Grochowicz<\/p>\n\n\n\n<p><strong>Acessibilidade de Conte\u00fado em Libras:<\/strong> Adriana Klug<\/p>\n\n\n\n<p><strong>Acessibilidade de Conte\u00fado em Audiodescri\u00e7\u00e3o:<\/strong> Raquel Carrissimi<\/p>\n\n\n\n<p><strong>CONTATOS<\/strong><\/p>\n\n\n\n<p><strong>Produ\u00e7\u00e3o<\/strong><\/p>\n\n\n\n<p>Fabiana Ferreira<\/p>\n\n\n\n<p>41 99243 0322<\/p>\n\n\n\n<p><a href=\"mailto:tecerteatro@gmail.com\" target=\"_blank\" rel=\"noreferrer noopener\">tecerteatro@gmail.com<\/a><\/p>\n\n\n\n<p><\/p>\n\n\n\n<p><strong>Assessoria de Imprensa<\/strong><\/p>\n\n\n\n<p>Mariana Woj<\/p>\n\n\n\n<figure class=\"wp-block-image size-large\"><img width=\"1024\" height=\"575\" src=\"https:\/\/vimagazine.com.br\/wp-content\/uploads\/2022\/09\/Jardim_Tecer_Teatro_Foto_Ahau-12-1024x575.jpg\" alt=\"\" class=\"wp-image-5999\" srcset=\"https:\/\/vimagazine.com.br\/wp-content\/uploads\/2022\/09\/Jardim_Tecer_Teatro_Foto_Ahau-12-1024x575.jpg 1024w, https:\/\/vimagazine.com.br\/wp-content\/uploads\/2022\/09\/Jardim_Tecer_Teatro_Foto_Ahau-12-300x168.jpg 300w, https:\/\/vimagazine.com.br\/wp-content\/uploads\/2022\/09\/Jardim_Tecer_Teatro_Foto_Ahau-12-768x431.jpg 768w, https:\/\/vimagazine.com.br\/wp-content\/uploads\/2022\/09\/Jardim_Tecer_Teatro_Foto_Ahau-12-1536x862.jpg 1536w, https:\/\/vimagazine.com.br\/wp-content\/uploads\/2022\/09\/Jardim_Tecer_Teatro_Foto_Ahau-12.jpg 1920w\" sizes=\"(max-width: 1024px) 100vw, 1024px\" \/><\/figure>\n\n\n\n<figure class=\"wp-block-image size-large\"><img width=\"575\" height=\"1024\" src=\"https:\/\/vimagazine.com.br\/wp-content\/uploads\/2022\/09\/Jardim_Tecer_Teatro_Foto_Ahau-13-575x1024.jpg\" alt=\"\" class=\"wp-image-6000\" srcset=\"https:\/\/vimagazine.com.br\/wp-content\/uploads\/2022\/09\/Jardim_Tecer_Teatro_Foto_Ahau-13-575x1024.jpg 575w, https:\/\/vimagazine.com.br\/wp-content\/uploads\/2022\/09\/Jardim_Tecer_Teatro_Foto_Ahau-13-168x300.jpg 168w, https:\/\/vimagazine.com.br\/wp-content\/uploads\/2022\/09\/Jardim_Tecer_Teatro_Foto_Ahau-13-768x1368.jpg 768w, https:\/\/vimagazine.com.br\/wp-content\/uploads\/2022\/09\/Jardim_Tecer_Teatro_Foto_Ahau-13-862x1536.jpg 862w, https:\/\/vimagazine.com.br\/wp-content\/uploads\/2022\/09\/Jardim_Tecer_Teatro_Foto_Ahau-13-1024x1824.jpg 1024w, https:\/\/vimagazine.com.br\/wp-content\/uploads\/2022\/09\/Jardim_Tecer_Teatro_Foto_Ahau-13.jpg 1078w\" sizes=\"(max-width: 575px) 100vw, 575px\" \/><\/figure>\n","protected":false},"excerpt":{"rendered":"<p>Projeto com classifica\u00e7\u00e3o livre promove teatro infantil com entrada gratuita para curtir em fam\u00edlia Com&#8230;<\/p>\n","protected":false},"author":3,"featured_media":5997,"comment_status":"closed","ping_status":"open","sticky":false,"template":"","format":"standard","meta":{"om_disable_all_campaigns":false,"_monsterinsights_skip_tracking":false,"_monsterinsights_sitenote_active":false,"_monsterinsights_sitenote_note":"","_monsterinsights_sitenote_category":0,"spay_email":""},"categories":[1],"tags":[],"jetpack_featured_media_url":"https:\/\/vimagazine.com.br\/wp-content\/uploads\/2022\/09\/Jardim_Tecer_Teatro_Foto_Ahau-6-e1662755592840.jpg","_links":{"self":[{"href":"https:\/\/vimagazine.com.br\/index.php?rest_route=\/wp\/v2\/posts\/5996"}],"collection":[{"href":"https:\/\/vimagazine.com.br\/index.php?rest_route=\/wp\/v2\/posts"}],"about":[{"href":"https:\/\/vimagazine.com.br\/index.php?rest_route=\/wp\/v2\/types\/post"}],"author":[{"embeddable":true,"href":"https:\/\/vimagazine.com.br\/index.php?rest_route=\/wp\/v2\/users\/3"}],"replies":[{"embeddable":true,"href":"https:\/\/vimagazine.com.br\/index.php?rest_route=%2Fwp%2Fv2%2Fcomments&post=5996"}],"version-history":[{"count":1,"href":"https:\/\/vimagazine.com.br\/index.php?rest_route=\/wp\/v2\/posts\/5996\/revisions"}],"predecessor-version":[{"id":6001,"href":"https:\/\/vimagazine.com.br\/index.php?rest_route=\/wp\/v2\/posts\/5996\/revisions\/6001"}],"wp:featuredmedia":[{"embeddable":true,"href":"https:\/\/vimagazine.com.br\/index.php?rest_route=\/wp\/v2\/media\/5997"}],"wp:attachment":[{"href":"https:\/\/vimagazine.com.br\/index.php?rest_route=%2Fwp%2Fv2%2Fmedia&parent=5996"}],"wp:term":[{"taxonomy":"category","embeddable":true,"href":"https:\/\/vimagazine.com.br\/index.php?rest_route=%2Fwp%2Fv2%2Fcategories&post=5996"},{"taxonomy":"post_tag","embeddable":true,"href":"https:\/\/vimagazine.com.br\/index.php?rest_route=%2Fwp%2Fv2%2Ftags&post=5996"}],"curies":[{"name":"wp","href":"https:\/\/api.w.org\/{rel}","templated":true}]}}