{"id":6008,"date":"2022-09-10T11:40:18","date_gmt":"2022-09-10T14:40:18","guid":{"rendered":"https:\/\/vimagazine.com.br\/?p=6008"},"modified":"2022-09-10T11:46:31","modified_gmt":"2022-09-10T14:46:31","slug":"sindexpo-2022-balneario-camboriu-viver-em-alto-padrao","status":"publish","type":"post","link":"https:\/\/vimagazine.com.br\/?p=6008","title":{"rendered":"SINDEXPO 2022 &#8211; Balne\u00e1rio Cambori\u00fa Viver em Alto Padr\u00e3o"},"content":{"rendered":"\n<p><\/p>\n\n\n\n<p class=\"has-medium-font-size\"><strong>Feira de neg\u00f3cio em alto padr\u00e3o ter\u00e1 palestras na SindExpo 2022 que abordar\u00e3o temas como perrengue chique, ESG na constru\u00e7\u00e3o e condom\u00ednios, seguran\u00e7a e alta tecnologia. A feira tem o foco no mercado condominial, imobili\u00e1rio, produtos e servi\u00e7os de luxo.<\/strong><\/p>\n\n\n\n<p style=\"font-size:18px\"><br><\/p>\n\n\n\n<p class=\"has-medium-font-size\"><strong>Palestrantes Nacionais abordar\u00e3o a gest\u00e3o condominial de alto padr\u00e3o durante a SindExpo 2022 em Balne\u00e1rio Cambori\u00fa<\/strong><\/p>\n\n\n\n<p style=\"font-size:18px\">Cada vez mais as pessoas est\u00e3o em busca de mais conforto, comodidade e espa\u00e7os de qualidade para viver, o que tem levado muitos consumidores a procurarem im\u00f3veis que supram suas necessidades, e com isto, o mercado da constru\u00e7\u00e3o civil tem investido em condom\u00ednios com infraestrutura, equipamentos e \u00e1reas de lazer mais completas, para atender um cliente exclusivo e exigente. Mas empreendimentos t\u00e3o complexos exigem profissionais altamente qualificados para gerir e administrar tais espa\u00e7os.<\/p>\n\n\n\n<p style=\"font-size:18px\">Pensando em oferecer qualifica\u00e7\u00e3o a estes profissionais e apresentar as novidades do mercado da gest\u00e3o condominial e da Sindicatura profissional, a SindExpo Balne\u00e1rio Cambori\u00fa 2022 abordar\u00e1 o tema pela primeira vez no Brasil. Trar\u00e1 pain\u00e9is, palestras e debates, elevando o n\u00edvel dos s\u00edndicos e dos profissionais que atuam neste nicho.<\/p>\n\n\n\n<p style=\"font-size:18px\">Ser\u00e3o dois dias de uma programa\u00e7\u00e3o repleta de conte\u00fados pertinentes e com palestrantes de todo o Brasil, que trar\u00e3o temas inovadores como: \u2018Perrengue chique, \u2018ESG para condom\u00ednios\u2019, \u2018Alta Tecnologia\u2019, \u2018Luxo \u00e9 individualiza\u00e7\u00e3o\u2019, Sa\u00fade mental \u00e9 luxo\u2019 e \u2018Gest\u00e3o de pessoas nos novos tempos\u2019, \u2018Gest\u00e3o de Seguran\u00e7a\u2019 e \u2018Facilites na Gest\u00e3o Condominial\u2019. Dentre os nomes j\u00e1 confirmados est\u00e3o Andrea Cece, especialista em Mercado de Luxo, Erika Linhares escritora do \u2018Livro Gente Feliz n\u00e3o enche o saco\u2019,<br>F\u00e1bio Quintanilha (Canal S\u00edndicos de Valor), Elisabeth Vel\u00e1squez (S\u00edndica Profissional e Bacharel em Direito), Vin\u00edcius Farias (CEO da AiCram) e Alb\u00e9lio Dias (Mestre em Administra\u00e7\u00e3o de Empresas e especialista em ESG). Al\u00e9m da completa programa\u00e7\u00e3o, a SindExpo conta com um espa\u00e7o onde as empresas expositoras ir\u00e3o demonstrar as inova\u00e7\u00f5es e tecnologias \u00e0 servi\u00e7o dos condom\u00ednios.<\/p>\n\n\n\n<p style=\"font-size:18px\">A 8\u00aa SindExpo22 acontece nos dias 23 e 24 de setembro, no Expocentro Balne\u00e1rio Cambori\u00fa J\u00falio Tedesco. Ser\u00e1 a maior feira de neg\u00f3cios para condom\u00ednios do sul do pa\u00eds e ter\u00e1 uma \u00e1rea dedicada ao alto luxo no espa\u00e7o \u201cVIVER EM ALTO PADR\u00c3O\u201d, onde ser\u00e3o apresentados produtos e servi\u00e7os para suprir a demanda de um p\u00fablico exigente e sedento por novidades como im\u00f3veis, carros, lanchas, decora\u00e7\u00e3o, facilities entre outros artigos. \u201cBalne\u00e1rio Cambori\u00fa \u00e9 um mercado promissor, resolvemos trazer a SindExpo para a cidade por ser um mercado que tem muito a crescer. \u00c9 a primeira feira no Pa\u00eds voltada pa ra o segmento de condom\u00ednios de alto padr\u00e3o. Nas palestras iremos abordar os conceitos de gest\u00e3o para este p\u00fablico e agregamos ainda o mercado de luxo para suprir as necessidades deste setor\u201d, comenta Ana Paula Franco, CEO da Conectta Feiras &amp; Eventos \u2013 detentora da marca SindExpo.<\/p>\n\n\n\n<p style=\"font-size:18px\">A Feira de Neg\u00f3cios para condom\u00ednios se consolida como um dos mais importantes espa\u00e7os de inova\u00e7\u00e3o e tecnologia para todo o mercado condominial do Brasil. A edi\u00e7\u00e3o Balne\u00e1rio Cambori\u00fa ser\u00e1 um marco, apresentando pela primeira vez a gest\u00e3o de alto padr\u00e3o e import\u00e2ncia dessa qualifica\u00e7\u00e3o. \u201cOs desafios do novo momento condominial s\u00e3o imensos e englobam desde seguran\u00e7a, lazer, tecnologia, servi\u00e7os qualificados e tantas outras \u00e1reas que interferem na rotina das fam\u00edlias. A qualifica\u00e7\u00e3o profissional \u00e9 essencial nesse mercado\u201d, ressalta Ana Paula.<\/p>\n\n\n\n<p style=\"font-size:18px\">A Feira acontecer\u00e1 das 14h \u00e0s 20h e ter\u00e1 visita\u00e7\u00e3o gratuita, j\u00e1 as palestras come\u00e7am sempre \u00e0s 15h e ser\u00e1 necess\u00e1rio fazer inscri\u00e7\u00e3o no site do&nbsp;<a href=\"https:\/\/mail.hostinger.com\/#NOP\">www.sindexpo.com.br<\/a>, no valor de&nbsp;R$150,00 para um dia e R$ 250,00 para os dois dias&nbsp;de palestras.<\/p>\n\n\n\n<p style=\"font-size:18px\"><strong>PROGRAMA\u00c7\u00c3O:<\/strong><br><strong><u>23\/09\/2022 \u2013 SEXTA-FEIRA<\/u><\/strong><\/p>\n\n\n\n<p style=\"font-size:18px\"><strong>15h3omin \u2013 Abertura Oficial-<\/strong>&nbsp;Panorama geral do mercado de luxo, com a Presidente da Associa\u00e7\u00e3o dos S\u00edndicos de Bal. Cambori\u00fa &#8211; ASSBALC &#8211; S\u00f4nia Novaes Est\u00e1cio, Presidente do SECOVI -Edson Rescarolli de Souza e Presidente ASDESC -Gustavo Camacho<br><strong>16h&nbsp;&#8211; Talk&nbsp;<\/strong>&#8211; ESG na Constru\u00e7\u00e3o e Condom\u00ednios com Alb\u00e9lio Dias (MG) e&nbsp;Audrey Bello Ramos<br><strong>17h &#8211;<\/strong><strong>Palestra&nbsp;<\/strong>&#8211; Gest\u00e3o de Pessoas nos Novos Tempos com Erika Linhares<a><\/a><br><strong>17h55 &#8211; Debate:&nbsp;<\/strong>Perrengue chique \u2013 os principais desafios enfrentados por S\u00edndicos\/Gestores Condominiais no mercado de Alto Padr\u00e3o, com Sandra Holz, Fabiane Gisele Pamplona, Leandro Heitor Becker, mediador F\u00e1bio Quintandilha.<br>Um debate sobre as experi\u00eancias e principais dificuldades j\u00e1 enfrentadas por gestores e s\u00edndicos em condom\u00ednios de alto padr\u00e3o e como se sa\u00edram.<br><strong>19h &#8211; Painel: Alta tecnologia \u2013<\/strong>&nbsp;Paulo Cesar da Silva e Jos\u00e9 J\u00falio Andrade<\/p>\n\n\n\n<p style=\"font-size:18px\"><strong><u>24\/09\/2022 &#8211; S\u00e1bado<\/u><\/strong><br><strong>15h &#8211; Palestra &#8211;&nbsp;<\/strong>Luxo \u00e9 individualiza\u00e7\u00e3o com&nbsp;Andrea Cece Chammah<br><strong>16h &#8211; Palestra&nbsp;<\/strong>&#8211; Facilities na Gest\u00e3o Condominial comVin\u00edcius Farias<br><strong>16h50 &#8211; Painel de Debate:&nbsp;<\/strong>S\u00edndicos\/GestoresXCond\u00f4minos: Expectativas e o relacionamento com os clientes com&nbsp;Elisabeth Vel\u00e1squez (Bras\u00edlia\/DF), Erica Faeber, Renato Monteiro e mediador o jornalista Renato Igor.<br><strong>18h &#8211; Palestra-&nbsp;<\/strong>Sa\u00fade Mental \u00e9 luxo \u2013 Como lidar com as demandas e o stress da Gest\u00e3o Condominial comAriane Padilha<br><strong>18h50 &#8211; Talk &#8211;&nbsp;<\/strong>Gest\u00e3o de Seguran\u00e7a: Estrat\u00e9gica ao T\u00e1tico operacional&nbsp;com Andr\u00e9 Peixoto Abal, Valzira Souza, Cel. Fernando Luiz e Gerson Luiz Klock<\/p>\n\n\n\n<figure class=\"wp-block-embed is-type-video is-provider-vimeo wp-block-embed-vimeo wp-embed-aspect-16-9 wp-has-aspect-ratio\"><div class=\"wp-block-embed__wrapper\">\n<iframe loading=\"lazy\" title=\"Ariane Padilha\" src=\"https:\/\/player.vimeo.com\/video\/745750394?h=3e1ad994f3&amp;dnt=1&amp;app_id=122963\" width=\"640\" height=\"360\" frameborder=\"0\" allow=\"autoplay; fullscreen; picture-in-picture\" allowfullscreen><\/iframe>\n<\/div><\/figure>\n\n\n\n<p style=\"font-size:18px\"><strong>Sobre os palestrantes:<\/strong><\/p>\n\n\n\n<p style=\"font-size:18px\"><strong>S\u00f4nia Novaes Est\u00e1cio&nbsp;<\/strong>&#8211; Presidente da Associa\u00e7\u00e3o dos S\u00edndicos de Bal. Cambori\u00fa &#8211; ASSBALC &#8211; palestrante e conferencista, consultora empresarial, professora em cursos de p\u00f3s-gradua\u00e7\u00e3o das disciplinas de Gest\u00e3o de Pessoas, Lideran\u00e7a e Desenvolvimento Empresarial, Consultoria em RH, Planejamento Estrat\u00e9gico, Administra\u00e7\u00e3o de Servi\u00e7os. Doutorada em Intelig\u00eancia Competitiva-UFSC, Mestre em Administra\u00e7\u00e3o de Empresas \u2013 UFSC, especializa\u00e7\u00e3o em Gest\u00e3o de Pessoas, Especializa\u00e7\u00e3o em Qualidade e Produtividade, MBA para forma\u00e7\u00e3o de multiplicadores em consultori a para micro e pequenas empresas, membro da ADESG \u2013 Associa\u00e7\u00e3o dos Diplomados da Escola Superior de Guerra, orientadora de in\u00fameros trabalhos de gradua\u00e7\u00e3o e p\u00f3s-gradua\u00e7\u00e3o e membro de bancas avaliadoras.<\/p>\n\n\n\n<p style=\"font-size:18px\"><strong>Gustavo Camacho<\/strong>&nbsp;&#8211; Presidente ASDESC -p\u00f3s-graduado em Direito Processual Civil, p\u00f3s-graduado em Direito Empresarial, Master of Laws em Direito Empresarial, p\u00f3s-graduando em Direito e Neg\u00f3cios Imobili\u00e1rios, palestrante e articulista de diversas m\u00eddias especializadas em Direito Condominial, advogado, s\u00f3cio da Karpat &amp; Camacho Advogados, estudante de filosofia \u00e0 maneira cl\u00e1ssica, apresentador do programa: Condom\u00ednio Descomplicado da Record News SC, membro do IBRADIM, presidente da comiss\u00e3o de Direito do Consumidor da OAB Joinville 2016-2018, conselheiro da OAB Joinville, diretor jur\u00eddico da Associa\u00e7\u00e3o de S\u00edndicos do Es tado de Santa Catarina 2018-2020, presidente da Associa\u00e7\u00e3o de S\u00edndicos do Estado de Santa Catarina, assessor jur\u00eddico da Associa\u00e7\u00e3o Catarinense de Construtores e Afins.&nbsp;<\/p>\n\n\n\n<p style=\"font-size:18px\"><strong>Alb\u00e9lio Dias<\/strong>&nbsp;&#8211; mestre em Administra\u00e7\u00e3o de Empresa, p\u00f3s-gradua\u00e7\u00e3o em Matem\u00e1tica e Educa\u00e7\u00e3o tecnol\u00f3gica, gradua\u00e7\u00e3o em matem\u00e1tica. Professor de programas em MBA de v\u00e1rias Institui\u00e7\u00f5es de Ensino Superior em Belo Horizonte. Cursos abertos na HSM University. Membro fundador da REFAC (Rede de Profissionais de Facilities de Belo Horizonte), S\u00edndico geral do condom\u00ednio Parque Avenida com certifica\u00e7\u00e3o AQUA-HQE de alta qualidade ambiental de condom\u00ednios em opera\u00e7\u00e3o no eixo gest\u00e3o sustent\u00e1vel. Organizador de parcerias entre o condom\u00ednio e a comunidade do entorno. S\u00f3cio propriet\u00e1rio da Agere Apoio Co ndominial e da EstateHub \u2013 Neg\u00f3cios Imobili\u00e1rios<\/p>\n\n\n\n<p style=\"font-size:18px\"><strong>Audrey Bello Ramos-&nbsp;<\/strong>arquiteta e urbanista pela UFRGS, com mestrado em engenharia: Energia, Ambiente e Materiais \u2013 \u00c1rea de Concentra\u00e7\u00e3o Materiais na Ulbra. Atualmente \u00e9 arquiteta titular da Ydesign Studio de Sustentabilidade e Certifica\u00e7\u00e3o, e tamb\u00e9m s\u00f3cia na Iglesias e Bello Arquitetura e Obra. Trajet\u00f3ria de mais de 25 anos, sendo 7 anos na \u00e1rea t\u00e9cnico comercial e mais de 14 anos no escrit\u00f3rio Torres &amp; Bello com diversos pr\u00eamios nacionais e internacionais de projeto arquitet\u00f4nico, no qual destacam-se 3 Pr\u00eamios Saint Gobain de Sustentabilidade em 2017, 2018 e 2019.<\/p>\n\n\n\n<p style=\"font-size:18px\"><strong>Erika Linhares<\/strong>&nbsp;&#8211;&nbsp;executiva e pedagoga especializada em comportamento humano nas organiza\u00e7\u00f5es. Iniciou sua carreira aos 19 anos como atendente de loja e vinte anos depois, saiu como Diretora Nacional de Vendas de uma das maiores multinacionais do Brasil. Durante esses 20 anos, liderou mais de 15 mil colaboradores e mais de 600 parceiros comerciais. Com seu olhar de educadora, pedagoga e gestora, tem a habilidade de convencer e engajar pessoas. Com isso fez crescer a companhia que det\u00e9m hoje mais de 60 milh\u00f5es de clientes e os melhores resultados financeiros do setor. Esses resultados s\u00f3 aconteceram porque Erika desenvolveu as soft skills \u2013 habilidades comportamentais &#8211; de suas equipes, os tornando pessoas mais aut&amp; ocirc;nomas, engajadas, felizes e produtivas.<\/p>\n\n\n\n<p style=\"font-size:18px\"><strong>F\u00e1bio Quintanilha<\/strong>&nbsp;&#8211; graduado em Publicidade e Marketing, com p\u00f3s em Parceiros de Excel\u00eancia, MBA em Gest\u00e3o Empresarial, s\u00edndico profissional, empres\u00e1rio do ramo de tecnologia e idealizador do Sindicosdevalor.<\/p>\n\n\n\n<p style=\"font-size:18px\"><strong>Sandra Holz &#8211;<\/strong>&nbsp;bacharel em Ci\u00eancias Cont\u00e1beis, com especializa\u00e7\u00e3o em auditoria financeira empresarial e cursando p\u00f3s-gradua\u00e7\u00e3o em Gest\u00e3o Condominial &#8211; Cat\u00f3lica SC, atuou como gestora financeira no mercado hoteleiro e constru\u00e7\u00e3o civil por 25 anos.<\/p>\n\n\n\n<p style=\"font-size:18px\"><strong>Fabiane Gisele Pamplona<\/strong>&#8211; advogada e gestora condominial de alto padr\u00e3o, CEO da empresa S\u00edndica Gestora, em Balne\u00e1rio Cambori\u00fa\/SC, atua como s\u00edndica desde 2009. Advogada membro da Comiss\u00e3o de Direito Condominial da OAB\/SC- Subse\u00e7\u00e3o de Balne\u00e1rio Cambori\u00fa\/SC, associada, fundadora e Diretora Jur\u00eddica da ASBALC &#8211; Associa\u00e7\u00e3o dos S\u00edndicos de Balne\u00e1rio Cambori\u00fa\/SC.<\/p>\n\n\n\n<p style=\"font-size:18px\"><strong>Leandro Heitor Becker&nbsp;<\/strong>-empres\u00e1rio, t\u00e9cnico cont\u00e1bil, t\u00e9cnico em eletr\u00f4nica, bacharel em Ci\u00eancias Cont\u00e1beis, s\u00edndico profissional, p\u00f3s-graduado em Consultoria Empresarial, p\u00f3s-graduando em Direito e Administra\u00e7\u00e3o de condom\u00ednios. Atuando atualmente como s\u00edndico profissional prestando consultorias na \u00e1rea.<\/p>\n\n\n\n<p style=\"font-size:18px\"><strong>Andrea Cece<\/strong>&nbsp;&#8211; profissional de marketing e comunica\u00e7\u00e3o, com 28 anos de experi\u00eancia, ocupando posi\u00e7\u00f5es de lideran\u00e7a em empresas como American Express, BCP (Bell South Brazil) e Directv. Conhecimento de turismo, ind\u00fastria de luxo, ind\u00fastria de varejo de autom\u00f3veis, alta tecnologia, servi\u00e7os premium e telecomunica\u00e7\u00f5es. Ampla experi\u00eancia em branding e gest\u00e3o de produtos \/publicidade e promo\u00e7\u00e3o\/marketing de consumo e servi\u00e7os \/e-marketing\/planos estrat\u00e9gicos e de marketing com viv\u00eancia em ambiente multicultural no Brasil, Canad\u00e1, Fran\u00e7a, Reino Unido e EUA e al\u00e9m disso, professora de marketing\/E-marketing.<\/p>\n\n\n\n<p style=\"font-size:18px\"><strong>Vin\u00edcius Farias &#8211;&nbsp;<\/strong>CEO da AiCram\u00ae, bacharel em administra\u00e7\u00e3o, p\u00f3s-graduado em Facilities Management, com MBA em Gest\u00e3o Condominial, administrador condominial com expertise em sindicatura profissional, desde 2005, empreendedor, empres\u00e1rio, palestrante condominial, atua\u00e7\u00e3o na mobiliza\u00e7\u00e3o nacional pr\u00f3-sindicatura.<\/p>\n\n\n\n<p style=\"font-size:18px\"><strong>Renato Igor<\/strong>, jornalista com 27 anos de experi\u00eancia de profiss\u00e3o. Atua como comentarista da NSC TV Santa Catarina e apresentador dos programas Conversas Cruzadas e Condom\u00ednio Legal, na R\u00e1dio CBN Floripa.&nbsp; Foi o \u00fanico representante da imprensa de SC no conclave do Papa Francisco. Realizou coberturas internacionais na It\u00e1lia, R\u00fassia, Rep\u00fablica Tcheca, Portugal, Israel, Dubai, Chile, M\u00e9xico, Jap\u00e3o e Coreia do Sul.<\/p>\n\n\n\n<p style=\"font-size:18px\"><strong>Elisabeth Vel\u00e1squez<\/strong>&nbsp;&#8211; bacharel em direito pelo Uniceub; processos gerenciais pelo Instituto Processus; MBA em direito condominial pela UNEPOS; 2o Vice Presidente do Sindicondom\u00ednio\/ DF; curso de gest\u00e3o condominial integrada ministrada pelo Sindicondominio; ministra cursos e treinamentos para s\u00edndicos, subs\u00edndicos, membros do conselho consultivo e fiscal e para funcion\u00e1rios; LGPD para condom\u00ednios; autora de artigos sobre o crime de Stalker, para revistas e jornais da \u00e1rea condominial; membro partner do compliance meeting; destaque nas medidas de preven\u00e7\u00e3o \u00e0 COVID &#8211; 19 em condom\u00ednios; incentivo ao empreendedorismo local; busca cont\u00ednua pela sustentabilidade; pre miada &#8220;Sindico Inovador&#8221;, &#8220;Sindica Destaque&#8221;, &#8220;Sindica que Estuda&#8221; e &#8220;Sindica Destaque do DF&#8221;; recebeu homenagem de honra ao m\u00e9rito pela C\u00e2mera Legislativa do Distrito Federal pelo Dia do S\u00edndico, master coach integral sist\u00eamico pela Febracis, certificada pela Fl\u00f3rida Christian University; formada em intelig\u00eancia emocional e coaching e an\u00e1lise de SOAR pela Institute em New&nbsp; Jersey-EUA; Advanced Executive Coaching pela Febracis; forma\u00e7\u00e3o em curso pr\u00e1tico de s\u00edndico, pela QualiS\u00edndicos, Bras\u00edlia-DF.<\/p>\n\n\n\n<p style=\"font-size:18px\"><strong>Ariane Padilha<\/strong>&nbsp;\u2013 psic\u00f3loga, consultora e mentora da Fator G Condom\u00ednios, professora e coordenadora do curso de p\u00f3s-gradua\u00e7\u00e3o em Gest\u00e3o Condominial Famaqui, professora em cursos de p\u00f3s-gradua\u00e7\u00e3o em administra\u00e7\u00e3o de condom\u00ednios CBEPJUR, professora autora no curso de p\u00f3s-gradua\u00e7\u00e3o em gest\u00e3o de propriedades urbanas- Uniasselvi, colunista da Revista dos Condom\u00ednios e Jornal ClickS\u00edndico. P\u00f3s-Gradua\u00e7\u00e3o em gest\u00e3o de recursos humanos e marketing, forma\u00e7\u00e3o em din\u00e2mica dos grupos (SBDG), especializa\u00e7\u00e3o em forma\u00e7\u00e3o pedag\u00f3gica para ensino profissionalizante e especialista em desen volvimento da resili\u00eancia. Com experi\u00eancia de 20 anos na \u00e1rea de gest\u00e3o e desenvolvimento de pessoas e l\u00edderes, busca o desenvolvimento de s\u00edndicos e do mercado condominial como um todo.<\/p>\n\n\n\n<p style=\"font-size:18px\"><strong>Valzira Gon\u00e7alves de Souza &#8211;<\/strong>&nbsp;advogada entusiasta da advocacia preventiva, colunista condominial, professora de cursos para funcion\u00e1rios de condom\u00ednios, p\u00f3s-graduada em direito civil, p\u00f3s-graduada em direito e gest\u00e3o condominial, p\u00f3s-graduanda em Lei Geral de Prote\u00e7\u00e3o de Dados.<\/p>\n\n\n\n<p style=\"font-size:18px\"><strong>Cel. Fernando Luiz<\/strong>&nbsp;&#8211; consultor em seguran\u00e7a e palestrante do curso de forma\u00e7\u00e3o de oficiais PMSC, intelig\u00eancia policial, curso de aperfei\u00e7oamento de oficiais PMSC, an\u00e1lise de riscos e auditoria na seguran\u00e7a patrimonial, em ambientes condominiais, empresariais, portu\u00e1rios, log\u00edsticos, com a percep\u00e7\u00e3o da intelig\u00eancia estrat\u00e9gica, na tomada de decis\u00f5es. Curso de p\u00f3s-gradua\u00e7\u00e3o em gest\u00e3o estrat\u00e9gica em seguran\u00e7a p\u00fablica, com \u00e1rea de conhecimento em ci\u00eancias sociais aplicadas \u2013 UNISUL, curso de forma\u00e7\u00e3o de consultores de seguran\u00e7a \u2013 Lordello SP, curso de gest\u00e3o em an\u00e1lise de riscos &amp;nd ash; ISO 31000 \u2013 Brasiliano SP, curso de diagn\u00f3stico e an\u00e1lise de seguran\u00e7a em condom\u00ednios horizontais,&nbsp;curso de extens\u00e3o em percep\u00e7\u00e3o e rea\u00e7\u00e3o ao terrorismo, curso de intelig\u00eancia estrat\u00e9gica e seguran\u00e7a corporativa,&nbsp; curso de s\u00edndico profissional, curso Concealed Carry Combat\u2013 38 Consulting Firearms \u2013 Training 20, Operador de Intelig\u00eancia \u2013 SP<\/p>\n\n\n\n<p style=\"font-size:18px\"><strong>Paulo Cesar da Silva<\/strong>&nbsp;&#8211; graduado em administra\u00e7\u00e3o, possui MBA em gest\u00e3o de neg\u00f3cios, e mestrado em planejamento pela UTFPR. Professor universit\u00e1rio, autor do livro \u201cInstala\u00e7\u00e3o de Condom\u00ednios\u201d, e atua como s\u00edndico profissional, focando principalmente em processos e comportamento. Atualmente \u00e9 diretor das empresas Condosin e Space Condo, que fazem parte do ecossistema da fintech Plin Condom\u00ednios.<\/p>\n\n\n\n<p style=\"font-size:18px\"><strong>Jos\u00e9 J\u00falio Andrade<\/strong>&nbsp;&#8211; engenheiro de produ\u00e7\u00e3o pela POLI e AMP pela Harvard Business School. Atua\u00e7\u00e3o por mais de 30 anos em empresa e consultoria, no Brasil e na \u00c1sia, com s\u00f3lidas experi\u00eancias em gest\u00e3o de manufatura, log\u00edstica, compras, desenvolvimento de produtos, planejamento e sincroniza\u00e7\u00e3o da cadeia de abastecimento, servi\u00e7os de instala\u00e7\u00e3o e manuten\u00e7\u00e3o, p\u00f3s-vendas e tecnologia da informa\u00e7\u00e3o; com especial destaque nas ind\u00fastrias de eletrodom\u00e9sticos da linha branca e de elevadores. Investidor serial desde 2015, em v\u00e1rias start-ups, atualmente como gestor da&nbsp;<a href=\"https:\/\/mail.hostinger.com\/#NOP\">www.atendeportaria.com.br<\/a>.<\/p>\n\n\n\n<figure class=\"wp-container-2 wp-block-gallery-1 wp-block-gallery columns-3 is-cropped\"><ul class=\"blocks-gallery-grid\"><li class=\"blocks-gallery-item\"><figure><img width=\"683\" height=\"1024\" src=\"https:\/\/vimagazine.com.br\/wp-content\/uploads\/2022\/09\/Copia-de-Erika-Linhares-683x1024.jpg\" alt=\"\" data-id=\"6009\" data-full-url=\"https:\/\/vimagazine.com.br\/wp-content\/uploads\/2022\/09\/Copia-de-Erika-Linhares.jpg\" data-link=\"https:\/\/vimagazine.com.br\/?attachment_id=6009\" class=\"wp-image-6009\" srcset=\"https:\/\/vimagazine.com.br\/wp-content\/uploads\/2022\/09\/Copia-de-Erika-Linhares-683x1024.jpg 683w, https:\/\/vimagazine.com.br\/wp-content\/uploads\/2022\/09\/Copia-de-Erika-Linhares-200x300.jpg 200w, https:\/\/vimagazine.com.br\/wp-content\/uploads\/2022\/09\/Copia-de-Erika-Linhares-768x1152.jpg 768w, https:\/\/vimagazine.com.br\/wp-content\/uploads\/2022\/09\/Copia-de-Erika-Linhares-1024x1536.jpg 1024w, https:\/\/vimagazine.com.br\/wp-content\/uploads\/2022\/09\/Copia-de-Erika-Linhares.jpg 1280w\" sizes=\"(max-width: 683px) 100vw, 683px\" \/><figcaption class=\"blocks-gallery-item__caption\">Erika Linhares<\/figcaption><\/figure><\/li><li class=\"blocks-gallery-item\"><figure><img width=\"433\" height=\"504\" src=\"https:\/\/vimagazine.com.br\/wp-content\/uploads\/2022\/09\/Fabiane-Gisele-Pamplona.jpeg\" alt=\"\" data-id=\"6010\" data-full-url=\"https:\/\/vimagazine.com.br\/wp-content\/uploads\/2022\/09\/Fabiane-Gisele-Pamplona.jpeg\" data-link=\"https:\/\/vimagazine.com.br\/?attachment_id=6010\" class=\"wp-image-6010\" srcset=\"https:\/\/vimagazine.com.br\/wp-content\/uploads\/2022\/09\/Fabiane-Gisele-Pamplona.jpeg 433w, https:\/\/vimagazine.com.br\/wp-content\/uploads\/2022\/09\/Fabiane-Gisele-Pamplona-258x300.jpeg 258w\" sizes=\"(max-width: 433px) 100vw, 433px\" \/><figcaption class=\"blocks-gallery-item__caption\">Fabiane Gisele Pamplona.<\/figcaption><\/figure><\/li><li class=\"blocks-gallery-item\"><figure><img width=\"1024\" height=\"685\" src=\"https:\/\/vimagazine.com.br\/wp-content\/uploads\/2022\/09\/Renato-Monteiro--1024x685.jpeg\" alt=\"\" data-id=\"6011\" data-full-url=\"https:\/\/vimagazine.com.br\/wp-content\/uploads\/2022\/09\/Renato-Monteiro-.jpeg\" data-link=\"https:\/\/vimagazine.com.br\/?attachment_id=6011\" class=\"wp-image-6011\" srcset=\"https:\/\/vimagazine.com.br\/wp-content\/uploads\/2022\/09\/Renato-Monteiro--1024x685.jpeg 1024w, https:\/\/vimagazine.com.br\/wp-content\/uploads\/2022\/09\/Renato-Monteiro--300x201.jpeg 300w, https:\/\/vimagazine.com.br\/wp-content\/uploads\/2022\/09\/Renato-Monteiro--768x514.jpeg 768w, https:\/\/vimagazine.com.br\/wp-content\/uploads\/2022\/09\/Renato-Monteiro--1536x1027.jpeg 1536w, https:\/\/vimagazine.com.br\/wp-content\/uploads\/2022\/09\/Renato-Monteiro-.jpeg 1600w\" sizes=\"(max-width: 1024px) 100vw, 1024px\" \/><figcaption class=\"blocks-gallery-item__caption\">Renato Monteiro<\/figcaption><\/figure><\/li><li class=\"blocks-gallery-item\"><figure><img width=\"682\" height=\"1024\" src=\"https:\/\/vimagazine.com.br\/wp-content\/uploads\/2022\/09\/Leandro-Heitor-Becker-682x1024.jpeg\" alt=\"\" data-id=\"6012\" data-full-url=\"https:\/\/vimagazine.com.br\/wp-content\/uploads\/2022\/09\/Leandro-Heitor-Becker.jpeg\" data-link=\"https:\/\/vimagazine.com.br\/?attachment_id=6012\" class=\"wp-image-6012\" srcset=\"https:\/\/vimagazine.com.br\/wp-content\/uploads\/2022\/09\/Leandro-Heitor-Becker-682x1024.jpeg 682w, https:\/\/vimagazine.com.br\/wp-content\/uploads\/2022\/09\/Leandro-Heitor-Becker-200x300.jpeg 200w, https:\/\/vimagazine.com.br\/wp-content\/uploads\/2022\/09\/Leandro-Heitor-Becker-768x1152.jpeg 768w, https:\/\/vimagazine.com.br\/wp-content\/uploads\/2022\/09\/Leandro-Heitor-Becker.jpeg 853w\" sizes=\"(max-width: 682px) 100vw, 682px\" \/><figcaption class=\"blocks-gallery-item__caption\">Leandro Heitor Becker<\/figcaption><\/figure><\/li><li class=\"blocks-gallery-item\"><figure><img width=\"704\" height=\"1024\" src=\"https:\/\/vimagazine.com.br\/wp-content\/uploads\/2022\/09\/Andrea-Cece-704x1024.jpeg\" alt=\"\" data-id=\"6013\" data-full-url=\"https:\/\/vimagazine.com.br\/wp-content\/uploads\/2022\/09\/Andrea-Cece.jpeg\" data-link=\"https:\/\/vimagazine.com.br\/?attachment_id=6013\" class=\"wp-image-6013\" srcset=\"https:\/\/vimagazine.com.br\/wp-content\/uploads\/2022\/09\/Andrea-Cece-704x1024.jpeg 704w, https:\/\/vimagazine.com.br\/wp-content\/uploads\/2022\/09\/Andrea-Cece-206x300.jpeg 206w, https:\/\/vimagazine.com.br\/wp-content\/uploads\/2022\/09\/Andrea-Cece-768x1117.jpeg 768w, https:\/\/vimagazine.com.br\/wp-content\/uploads\/2022\/09\/Andrea-Cece.jpeg 772w\" sizes=\"(max-width: 704px) 100vw, 704px\" \/><figcaption class=\"blocks-gallery-item__caption\">Andrea Cece<\/figcaption><\/figure><\/li><\/ul><\/figure>\n\n\n\n<p><strong><u>Servi\u00e7o:<\/u><\/strong><br><strong>SindExpo BC<\/strong><br><strong>Dias 23 e 24 de setembro 2022<\/strong><br><strong>Local<\/strong>: Expocentro<br><strong>Feira:<\/strong>&nbsp;14h \u00e0s 20h \u2013 visita\u00e7\u00e3o gratuita<br><strong>Palestras:<\/strong>&nbsp;a partir das 15h<br><strong>Inscri\u00e7\u00f5es para as palestras:&nbsp;<\/strong>no site&nbsp;<a href=\"https:\/\/mail.hostinger.com\/#NOP\">www.sindexpo.com.br<\/a><br><strong>Valor:&nbsp;<\/strong>R$150,00 para um dia e R$ 250,00 para os dois dias<br><strong>Mais informa\u00e7\u00f5es:&nbsp;<\/strong><br>Ana Paula Franco: 48- 99170-1278<\/p>\n","protected":false},"excerpt":{"rendered":"<p>Feira de neg\u00f3cio em alto padr\u00e3o ter\u00e1 palestras na SindExpo 2022 que abordar\u00e3o temas como&#8230;<\/p>\n","protected":false},"author":1,"featured_media":6014,"comment_status":"closed","ping_status":"open","sticky":false,"template":"","format":"standard","meta":{"om_disable_all_campaigns":false,"_monsterinsights_skip_tracking":false,"_monsterinsights_sitenote_active":false,"_monsterinsights_sitenote_note":"","_monsterinsights_sitenote_category":0,"spay_email":""},"categories":[26,1],"tags":[],"jetpack_featured_media_url":"https:\/\/vimagazine.com.br\/wp-content\/uploads\/2022\/09\/Programacao-1.jpeg","_links":{"self":[{"href":"https:\/\/vimagazine.com.br\/index.php?rest_route=\/wp\/v2\/posts\/6008"}],"collection":[{"href":"https:\/\/vimagazine.com.br\/index.php?rest_route=\/wp\/v2\/posts"}],"about":[{"href":"https:\/\/vimagazine.com.br\/index.php?rest_route=\/wp\/v2\/types\/post"}],"author":[{"embeddable":true,"href":"https:\/\/vimagazine.com.br\/index.php?rest_route=\/wp\/v2\/users\/1"}],"replies":[{"embeddable":true,"href":"https:\/\/vimagazine.com.br\/index.php?rest_route=%2Fwp%2Fv2%2Fcomments&post=6008"}],"version-history":[{"count":3,"href":"https:\/\/vimagazine.com.br\/index.php?rest_route=\/wp\/v2\/posts\/6008\/revisions"}],"predecessor-version":[{"id":6018,"href":"https:\/\/vimagazine.com.br\/index.php?rest_route=\/wp\/v2\/posts\/6008\/revisions\/6018"}],"wp:featuredmedia":[{"embeddable":true,"href":"https:\/\/vimagazine.com.br\/index.php?rest_route=\/wp\/v2\/media\/6014"}],"wp:attachment":[{"href":"https:\/\/vimagazine.com.br\/index.php?rest_route=%2Fwp%2Fv2%2Fmedia&parent=6008"}],"wp:term":[{"taxonomy":"category","embeddable":true,"href":"https:\/\/vimagazine.com.br\/index.php?rest_route=%2Fwp%2Fv2%2Fcategories&post=6008"},{"taxonomy":"post_tag","embeddable":true,"href":"https:\/\/vimagazine.com.br\/index.php?rest_route=%2Fwp%2Fv2%2Ftags&post=6008"}],"curies":[{"name":"wp","href":"https:\/\/api.w.org\/{rel}","templated":true}]}}