{"id":6019,"date":"2022-09-11T04:33:26","date_gmt":"2022-09-11T07:33:26","guid":{"rendered":"https:\/\/vimagazine.com.br\/?p=6019"},"modified":"2022-09-11T04:33:27","modified_gmt":"2022-09-11T07:33:27","slug":"marcelo-misailidis-abre-o-coracao-e-fala-sobre-os-seus-projetos-o-seu-amor-pela-danca-e-muito-mais","status":"publish","type":"post","link":"https:\/\/vimagazine.com.br\/?p=6019","title":{"rendered":"Marcelo Misailidis abre o cora\u00e7\u00e3o e fala sobre os seus projetos, o seu amor pela dan\u00e7a e muito mais&#8230;"},"content":{"rendered":"\n<p><\/p>\n\n\n\n<p><strong>\u00a0 Marcelo Misailidis<\/strong> \u00e9 primeiro bailarino do Theatro Municipal e Embaixador Cultural do Rio de Janeiro. \u00a0Misailidis \u00e9 um premiado idealizador e diretor cultural que atua na concep\u00e7\u00e3o de espet\u00e1culos musicais e c\u00eanicos. Em suas cria\u00e7\u00f5es, utiliza de suas experi\u00eancias acumuladas em mais de 25 anos de carreira, atuando em projetos das \u00e1reas de teatro, dan\u00e7a, canto, cenografia, figurino e ilumina\u00e7\u00e3o, al\u00e9m de ser um dos core\u00f3grafos de comiss\u00e3o de frente mais destacados do carnaval carioca.<\/p>\n\n\n\n<p><\/p>\n\n\n\n<p>\u00a0 Para falar sobre o seu amor pela dan\u00e7a, carreira, carnaval, projetos e perspectivas entre outros assuntos, que entrevistei com exclusividade, <strong>Marcelo Misailidis.<\/strong><\/p>\n\n\n\n<p><\/p>\n\n\n\n<p><strong><em>Voc\u00ea foi o primeiro bailarino do teatro Municipal do Rio de Janeiro. \u00a0Como foi conquistar esta posi\u00e7\u00e3o?<\/em><\/strong><\/p>\n\n\n\n<p><\/p>\n\n\n\n<p><strong>R:<\/strong> &nbsp;Chegar a ocupar posi\u00e7\u00f5es de destaque sempre s\u00e3o metas naturais em qualquer profiss\u00e3o, que geram satisfa\u00e7\u00e3o, realiza\u00e7\u00e3o e orgulho daquilo que conquistamos, mas s\u00e3o s\u00f3 marcas se n\u00e3o aproveitadas e utilizadas conscientemente.<\/p>\n\n\n\n<p>\u00a0&#8211; Atingir cumes na carreira profissional e marcas de excel\u00eancia \u00e9 relativamente comum na trajet\u00f3ria de qualquer pessoa, dif\u00edcil \u00e9 manter com dignidade e qualidade esses \u00edndices.<\/p>\n\n\n\n<p><\/p>\n\n\n\n<p><strong><em>\u00a0 Quais foram os maiores desafios de sua carreira profissional?<\/em><\/strong><\/p>\n\n\n\n<p><\/p>\n\n\n\n<p><strong>\u00a0R:<em>\u00a0 <\/em><\/strong>Todos os desafios levados a s\u00e9rio s\u00e3o muito dif\u00edceis no momento em que nos deparamos com eles, projetos novos e originais sempre nos coloca de frente com o desconhecido, e isso \u00e9 assustador muitas vezes.<\/p>\n\n\n\n<p><\/p>\n\n\n\n<p>\u00a0 &#8211; Mas por mais alto que seja o sarrafo, sempre a um modo de conseguir super\u00e1-lo, basta dedica\u00e7\u00e3o e trabalho. Talento e inspira\u00e7\u00e3o s\u00e3o s\u00f3 precondi\u00e7\u00f5es que representam uma pequena parte do caminho. Portanto o desafio mais dif\u00edcil \u00e9 o que est\u00e1 por vir.<\/p>\n\n\n\n<p><\/p>\n\n\n\n<p><em>Voc\u00ea ser\u00e1 o respons\u00e1vel pela a coreografia da comiss\u00e3o de frente da escola de samba Imperatriz Leopoldinense para o ano de 2023. \u00a0<strong>A equipe j\u00e1 foi escalada? Quais as novidades que o p\u00fablico pode esperar dessa coreografia? O que voc\u00ea pode adiantar?<\/strong><\/em><\/p>\n\n\n\n<p><\/p>\n\n\n\n<p>\u00a0<strong>R:<\/strong> \u00a0O que posso adiantar \u00e9 que o elenco j\u00e1 est\u00e1 parcialmente formado, e que a dedica\u00e7\u00e3o, o empenho e a luta ser\u00e3o enormes, o resto pertence ao futuro.<\/p>\n\n\n\n<p><\/p>\n\n\n\n<p><strong><em>\u00a0Como idealizador e diretor cultural como voc\u00ea avalia a distribui\u00e7\u00e3o de verbas da lei rouanet e a forma como o governo atual tem conduzido essa quest\u00e3o?<\/em><\/strong><\/p>\n\n\n\n<p><\/p>\n\n\n\n<p>\u00a0\u00a0\u00a0 <strong>R:<\/strong> \u00a0N\u00e3o sou ligado a quest\u00f5es pol\u00edticas, se fosse me sentiria um em idiota completo, porque as \u00faltimas d\u00e9cadas votamos em candidatos que foram ou ainda ir\u00e3o para a pris\u00e3o.<\/p>\n\n\n\n<p><\/p>\n\n\n\n<p>\u00a0&#8211; N\u00e3o me iludo com o que n\u00e3o tem solu\u00e7\u00e3o, o problema institucional \u00e9 maior do que podemos vislumbrar.<\/p>\n\n\n\n<p><\/p>\n\n\n\n<p><strong><em>Como embaixador Cultural do Rio de Janeiro, quais foram os maiores desafios enfrentados na pandemia e, agora, com a retomada da vida normal? Quais foram e t\u00eam sido os seus projetos enquanto Embaixador cultural?<\/em><\/strong><\/p>\n\n\n\n<p><\/p>\n\n\n\n<p>\u00a0\u00a0 <strong>R:<\/strong>\u00a0 Embaixador Cultural \u00e9 um reconhecimento oferecido pelo curso de turismo da Faculdade <strong>CESGRANRIO<\/strong>, que enaltece personalidades que fazem a diferen\u00e7a na sociedade carioca pelas suas atividades sejam elas profissionais ou filantr\u00f3picas.<\/p>\n\n\n\n<p><\/p>\n\n\n\n<p>\u00a0 &#8211; No decorrer da pandemia me envolvi em diversas a\u00e7\u00f5es sociais ligadas a institui\u00e7\u00f5es filantr\u00f3picas ou n\u00e3o, atuei individualmente no cuidado daqueles que estavam mais pr\u00f3ximo bem como amigos, vizinhos, moradores de rua do bairro, em fim busquei fazer a minha parte como cidad\u00e3o comum sem buscar holofotes com isso. Procurei manter todos os compromissos profissionais e de servi\u00e7os j\u00e1 assumidos com terceiros, para n\u00e3o abalar ainda mais a economia informal, e acho que isso foi o que mais me gratificou pois pude ver o resultado dar certo a partir das a\u00e7\u00f5es que eu podia fazer.<\/p>\n\n\n\n<p><\/p>\n\n\n\n<p>\u00a0&#8211; A retomada \u00e9 um al\u00edvio para uma situa\u00e7\u00e3o que por vezes parecia n\u00e3o ter mais fim.<\/p>\n\n\n\n<p><\/p>\n\n\n\n<p><strong><em>\u00a0Na sua avalia\u00e7\u00e3o, o que o levou a ser considerado um dos mais destacados core\u00f3grafos de comiss\u00e3o do carnaval carioca?<\/em><\/strong><\/p>\n\n\n\n<p><\/p>\n\n\n\n<p>\u00a0<strong>R:<\/strong> \u00a0A busca verdadeira por uma identidade pr\u00f3pria.<\/p>\n\n\n\n<p><\/p>\n\n\n\n<p><strong><em>Qual ou quais os seus principais conselhos para quem est\u00e1 iniciando na dan\u00e7a?<\/em><\/strong><\/p>\n\n\n\n<p><\/p>\n\n\n\n<p>\u00a0<strong>R:<\/strong> \u00a0\u00a0Aproveitar ao m\u00e1ximo o momento presente no sentido de estar consciente, que o tempo desperdi\u00e7ado vira passado no segundo seguinte, e este n\u00e3o volta atr\u00e1s. N\u00e3o desperdice o tempo ele \u00e9 um presente \u00fanico para voc\u00ea.<\/p>\n\n\n\n<p><\/p>\n\n\n\n<p><strong><em>\u00a0Como foi dirigir junto com a Ana Botafogo, a apresenta\u00e7\u00e3o \u2018ST Trag\u00e9dias\u2019 na remontagem de Romeu e Julieta?<\/em><\/strong><\/p>\n\n\n\n<p><\/p>\n\n\n\n<p>\u00a0\u00a0 <strong>R:<\/strong> \u00a0\u00a0\u00c9 sempre um prazer estar junto das pessoas que admiramos e ainda mais trabalhar tornando cada momento uma divers\u00e3o.<\/p>\n\n\n\n<p><\/p>\n\n\n\n<p><strong><em>\u00a0Qual a sua avalia\u00e7\u00e3o acerca do preconceito racial e de g\u00eanero no pa\u00eds?<\/em><\/strong><\/p>\n\n\n\n<p><\/p>\n\n\n\n<p>\u00a0\u00a0 <strong>R:<\/strong> \u00a0Este \u00e9 um problema intr\u00ednseco do ser humano em qualquer lugar do planeta, diga-se de passagem, que estes s\u00e3o infinitamente piores em diversos pa\u00edses, mas aqui ainda assim, \u00e9 um assunto que tem muito a ser debatido, muito a ser constru\u00eddo no sentido de gerar pontes de melhor conviv\u00eancia com as diferen\u00e7as e com a dificuldade de aceita\u00e7\u00e3o do outro.<\/p>\n\n\n\n<p><\/p>\n\n\n\n<p>\u00a0&#8211; Quest\u00f5es estruturais do comportamento humano n\u00e3o se resolvem de um dia para o outro, se modificam educando e transformando as gera\u00e7\u00f5es futuras.<\/p>\n\n\n\n<p><\/p>\n\n\n\n<p>Para saber mais sobre o entrevistado clique <a href=\"https:\/\/marcelomisailidis.\">aqui<\/a> ou acesse o Instagram. <a href=\"https:\/\/www.instagram.com\/marcelomisailidis\/\">Aqui<\/a>.<\/p>\n\n\n\n<p><\/p>\n","protected":false},"excerpt":{"rendered":"<p>\u00a0 Marcelo Misailidis \u00e9 primeiro bailarino do Theatro Municipal e Embaixador Cultural do Rio de&#8230;<\/p>\n","protected":false},"author":2,"featured_media":6020,"comment_status":"closed","ping_status":"open","sticky":false,"template":"","format":"standard","meta":{"om_disable_all_campaigns":false,"_monsterinsights_skip_tracking":false,"_monsterinsights_sitenote_active":false,"_monsterinsights_sitenote_note":"","_monsterinsights_sitenote_category":0,"spay_email":""},"categories":[31],"tags":[415,95,363,413],"jetpack_featured_media_url":"https:\/\/vimagazine.com.br\/wp-content\/uploads\/2022\/09\/831364a2-a68d-4483-8076-ab1bcad12ddd.jpg","_links":{"self":[{"href":"https:\/\/vimagazine.com.br\/index.php?rest_route=\/wp\/v2\/posts\/6019"}],"collection":[{"href":"https:\/\/vimagazine.com.br\/index.php?rest_route=\/wp\/v2\/posts"}],"about":[{"href":"https:\/\/vimagazine.com.br\/index.php?rest_route=\/wp\/v2\/types\/post"}],"author":[{"embeddable":true,"href":"https:\/\/vimagazine.com.br\/index.php?rest_route=\/wp\/v2\/users\/2"}],"replies":[{"embeddable":true,"href":"https:\/\/vimagazine.com.br\/index.php?rest_route=%2Fwp%2Fv2%2Fcomments&post=6019"}],"version-history":[{"count":1,"href":"https:\/\/vimagazine.com.br\/index.php?rest_route=\/wp\/v2\/posts\/6019\/revisions"}],"predecessor-version":[{"id":6021,"href":"https:\/\/vimagazine.com.br\/index.php?rest_route=\/wp\/v2\/posts\/6019\/revisions\/6021"}],"wp:featuredmedia":[{"embeddable":true,"href":"https:\/\/vimagazine.com.br\/index.php?rest_route=\/wp\/v2\/media\/6020"}],"wp:attachment":[{"href":"https:\/\/vimagazine.com.br\/index.php?rest_route=%2Fwp%2Fv2%2Fmedia&parent=6019"}],"wp:term":[{"taxonomy":"category","embeddable":true,"href":"https:\/\/vimagazine.com.br\/index.php?rest_route=%2Fwp%2Fv2%2Fcategories&post=6019"},{"taxonomy":"post_tag","embeddable":true,"href":"https:\/\/vimagazine.com.br\/index.php?rest_route=%2Fwp%2Fv2%2Ftags&post=6019"}],"curies":[{"name":"wp","href":"https:\/\/api.w.org\/{rel}","templated":true}]}}