{"id":6022,"date":"2022-09-13T09:00:00","date_gmt":"2022-09-13T12:00:00","guid":{"rendered":"https:\/\/vimagazine.com.br\/?p=6022"},"modified":"2022-09-11T23:38:58","modified_gmt":"2022-09-12T02:38:58","slug":"atriz-evelyn-montesano-fala-de-sua-experiencia-em-alem-da-ilusao","status":"publish","type":"post","link":"https:\/\/vimagazine.com.br\/?p=6022","title":{"rendered":"Atriz Evelyn Montesano fala de sua experi\u00eancia em Al\u00e9m da Ilus\u00e3o"},"content":{"rendered":"\n<p>A atriz Evelyn Montesano comentou sobre sua participa\u00e7\u00e3o em &#8220;Al\u00e9m da Ilus\u00e3o&#8221;, seu quinto trabalho na Rede Globo.<\/p>\n\n\n\n<p>A personagem entrou na segunda fase da novela que acaba de ser exibida na faixa das 18h na emissora. Evelyn viveu Celeste, uma jogadora, amiga de Julinha (Alexandra Richter).<\/p>\n\n\n\n<figure class=\"wp-container-2 wp-block-gallery-1 wp-block-gallery columns-2 is-cropped\"><ul class=\"blocks-gallery-grid\"><li class=\"blocks-gallery-item\"><figure><img width=\"603\" height=\"800\" src=\"https:\/\/vimagazine.com.br\/wp-content\/uploads\/2022\/09\/WhatsApp-Image-2022-09-08-at-23.39.59-1.jpeg\" alt=\"\" data-id=\"6026\" data-full-url=\"https:\/\/vimagazine.com.br\/wp-content\/uploads\/2022\/09\/WhatsApp-Image-2022-09-08-at-23.39.59-1.jpeg\" data-link=\"https:\/\/vimagazine.com.br\/?attachment_id=6026\" class=\"wp-image-6026\" srcset=\"https:\/\/vimagazine.com.br\/wp-content\/uploads\/2022\/09\/WhatsApp-Image-2022-09-08-at-23.39.59-1.jpeg 603w, https:\/\/vimagazine.com.br\/wp-content\/uploads\/2022\/09\/WhatsApp-Image-2022-09-08-at-23.39.59-1-226x300.jpeg 226w\" sizes=\"(max-width: 603px) 100vw, 603px\" \/><figcaption class=\"blocks-gallery-item__caption\">Evelyn Montesano <\/figcaption><\/figure><\/li><li class=\"blocks-gallery-item\"><figure><img width=\"558\" height=\"800\" src=\"https:\/\/vimagazine.com.br\/wp-content\/uploads\/2022\/09\/WhatsApp-Image-2022-09-08-at-23.39.59.jpeg\" alt=\"\" data-id=\"6024\" data-full-url=\"https:\/\/vimagazine.com.br\/wp-content\/uploads\/2022\/09\/WhatsApp-Image-2022-09-08-at-23.39.59.jpeg\" data-link=\"https:\/\/vimagazine.com.br\/?attachment_id=6024\" class=\"wp-image-6024\" srcset=\"https:\/\/vimagazine.com.br\/wp-content\/uploads\/2022\/09\/WhatsApp-Image-2022-09-08-at-23.39.59.jpeg 558w, https:\/\/vimagazine.com.br\/wp-content\/uploads\/2022\/09\/WhatsApp-Image-2022-09-08-at-23.39.59-209x300.jpeg 209w\" sizes=\"(max-width: 558px) 100vw, 558px\" \/><figcaption class=\"blocks-gallery-item__caption\">Evelyn Montesano <\/figcaption><\/figure><\/li><\/ul><\/figure>\n\n\n\n<p><em>&#8220;Ser convidada para fazer &#8216;Al\u00e9m da Ilus\u00e3o&#8217; foi um grande presente que ganhei da produ\u00e7\u00e3o de elenco da novela. J\u00e1 tinha feito &#8216;Pega Pega&#8217; com eles, portanto algumas pessoas da equipe j\u00e1 conheciam o meu trabalho. Um dia estava em casa e recebi a liga\u00e7\u00e3o para fazer uma das jogadoras do cassino. Era uma sexta-feira e na segunda j\u00e1 come\u00e7avam as minhas grava\u00e7\u00f5es. Topei o desafio na hora e fiquei muito feliz com o resultado. Tive e ainda estou tendo um retorno muito positivo do p\u00fablico, ainda estou colhendo os frutos desse trabalho, apesar de j\u00e1 estar analisando novos projetos. O convite para fazer &#8216;Al\u00e9m da Ilus\u00e3o&#8217; foi uma grata surpresa em minha vida. Sou sempre muito agradecida por todas as oportunidades que surgem no meu caminho e procuro aproveit\u00e1-las ao m\u00e1ximo.&#8221;,<\/em> comentou a atriz.<\/p>\n","protected":false},"excerpt":{"rendered":"<p>A atriz Evelyn Montesano comentou sobre sua participa\u00e7\u00e3o em &#8220;Al\u00e9m da Ilus\u00e3o&#8221;, seu quinto trabalho&#8230;<\/p>\n","protected":false},"author":18,"featured_media":6023,"comment_status":"closed","ping_status":"open","sticky":false,"template":"","format":"standard","meta":{"om_disable_all_campaigns":false,"_monsterinsights_skip_tracking":false,"_monsterinsights_sitenote_active":false,"_monsterinsights_sitenote_note":"","_monsterinsights_sitenote_category":0,"spay_email":""},"categories":[1],"tags":[],"jetpack_featured_media_url":"https:\/\/vimagazine.com.br\/wp-content\/uploads\/2022\/09\/WhatsApp-Image-2022-09-08-at-23.39.58.jpg","_links":{"self":[{"href":"https:\/\/vimagazine.com.br\/index.php?rest_route=\/wp\/v2\/posts\/6022"}],"collection":[{"href":"https:\/\/vimagazine.com.br\/index.php?rest_route=\/wp\/v2\/posts"}],"about":[{"href":"https:\/\/vimagazine.com.br\/index.php?rest_route=\/wp\/v2\/types\/post"}],"author":[{"embeddable":true,"href":"https:\/\/vimagazine.com.br\/index.php?rest_route=\/wp\/v2\/users\/18"}],"replies":[{"embeddable":true,"href":"https:\/\/vimagazine.com.br\/index.php?rest_route=%2Fwp%2Fv2%2Fcomments&post=6022"}],"version-history":[{"count":1,"href":"https:\/\/vimagazine.com.br\/index.php?rest_route=\/wp\/v2\/posts\/6022\/revisions"}],"predecessor-version":[{"id":6027,"href":"https:\/\/vimagazine.com.br\/index.php?rest_route=\/wp\/v2\/posts\/6022\/revisions\/6027"}],"wp:featuredmedia":[{"embeddable":true,"href":"https:\/\/vimagazine.com.br\/index.php?rest_route=\/wp\/v2\/media\/6023"}],"wp:attachment":[{"href":"https:\/\/vimagazine.com.br\/index.php?rest_route=%2Fwp%2Fv2%2Fmedia&parent=6022"}],"wp:term":[{"taxonomy":"category","embeddable":true,"href":"https:\/\/vimagazine.com.br\/index.php?rest_route=%2Fwp%2Fv2%2Fcategories&post=6022"},{"taxonomy":"post_tag","embeddable":true,"href":"https:\/\/vimagazine.com.br\/index.php?rest_route=%2Fwp%2Fv2%2Ftags&post=6022"}],"curies":[{"name":"wp","href":"https:\/\/api.w.org\/{rel}","templated":true}]}}