{"id":6028,"date":"2022-09-12T10:58:13","date_gmt":"2022-09-12T13:58:13","guid":{"rendered":"https:\/\/vimagazine.com.br\/?p=6028"},"modified":"2022-09-12T11:00:18","modified_gmt":"2022-09-12T14:00:18","slug":"ana-bittar-realiza-exposicao-art-pet-na-linha-5-lilas-do-metro-onde-reune-aquarelas-com-forte-expressao-da-causa-animal","status":"publish","type":"post","link":"https:\/\/vimagazine.com.br\/?p=6028","title":{"rendered":"Ana Bittar realiza exposi\u00e7\u00e3o \u201cArt Pet\u201d na Linha 5-Lil\u00e1s do Metr\u00f4 onde re\u00fane aquarelas com forte express\u00e3o da causa animal"},"content":{"rendered":"\n<p><\/p>\n\n\n\n<p class=\"has-medium-font-size\"><strong>Linha 5-Lil\u00e1s recebe exposi\u00e7\u00e3o Art Pet, voltada \u00e0 causa animal<\/strong><\/p>\n\n\n\n<p>A Linha 5-Lil\u00e1s recebe a exposi\u00e7\u00e3o &#8220;Art Pet&#8221;, voltada para a causa animal. A abertura da mostra contou com a abertura no \u00faltimo dia , 09, \u00e0s 14h, na Esta\u00e7\u00e3o Moema.&nbsp;<\/p>\n\n\n\n<p>Dentre as muitas qualidades dos cachorros est\u00e3o a lealdade, o carinho e a total sociabilidade junto a fam\u00edlia, presentes em milhares de casas pelo mundo afora. Baseando-se nesses dados, a exposi\u00e7\u00e3o &#8220;Art Pet&#8221;, sob a curadoria do jornalista Maur\u00edcio Coutinho, procura colocar em vinte pain\u00e9is, uma lupa de aumento sobre a causa animal, que \u00e9 um conjunto de a\u00e7\u00f5es voltada para o bem-estar, cuidado, abrigo, castra\u00e7\u00e3o e alimenta\u00e7\u00e3o.&nbsp;<\/p>\n\n\n\n<p>A exposi\u00e7\u00e3o re\u00fane telas da artista pl\u00e1stica Ana Bittar, que utiliza fortes tra\u00e7os realistas em obras contempor\u00e2neas, em parceria com o protetor Alessandro Desco, da ONG Pits Ales.&nbsp;A mostra tem a produ\u00e7\u00e3o de Mara Porto, revis\u00e3o de J. Ivo Brasil, an\u00e1lise de Eli Hayasaka, assessoria de Cec\u00edlia Coutinho e consultoria da veterin\u00e1ria, cl\u00ednica e cirurgi\u00e3 de pequenos animais, Dra. Luciane da Cunha Rosa.&nbsp;<\/p>\n\n\n\n<p>Utilizando softwares de \u00faltima gera\u00e7\u00e3o, Ana Bittar colocou a sua criatividade na elabora\u00e7\u00e3o de aquarela digital, gerando obras de rara beleza e est\u00e9tica, tendo como refer\u00eancia as fotos de animais do Pits Ales, cedidas pelo fot\u00f3grafo Philippe Loyola.&nbsp;<\/p>\n\n\n\n<p><strong>Servi\u00e7o&nbsp;<\/strong><\/p>\n\n\n\n<p>Abertura da exposi\u00e7\u00e3o Art Pet&nbsp;<\/p>\n\n\n\n<p>Esta\u00e7\u00e3o Moema da Linha 5-Lil\u00e1s \u2013 sexta-feira, 09 de setembro, \u00e0s 14h&nbsp;<\/p>\n\n\n\n<p><strong>Sobre a ViaMobilidade&nbsp;<\/strong><\/p>\n\n\n\n<p>A ViaMobilidade \u00e9 a concession\u00e1ria respons\u00e1vel pela opera\u00e7\u00e3o e manuten\u00e7\u00e3o das linhas 5-Lil\u00e1s de metr\u00f4 e 17-Ouro de monotrilho em S\u00e3o Paulo. A Linha 5-Lil\u00e1s \u00e9 composta por 17 esta\u00e7\u00f5es e atende a Zona Sul de S\u00e3o Paulo, de Cap\u00e3o Redondo a Ch\u00e1cara Klabin.&nbsp;<\/p>\n\n\n\n<p><\/p>\n\n\n\n<figure class=\"wp-container-2 wp-block-gallery-1 wp-block-gallery columns-3 is-cropped\"><ul class=\"blocks-gallery-grid\"><li class=\"blocks-gallery-item\"><figure><img width=\"682\" height=\"1024\" src=\"https:\/\/vimagazine.com.br\/wp-content\/uploads\/2022\/09\/WhatsApp-Image-2022-09-11-at-14.36.19-682x1024.jpeg\" alt=\"\" data-id=\"6029\" data-full-url=\"https:\/\/vimagazine.com.br\/wp-content\/uploads\/2022\/09\/WhatsApp-Image-2022-09-11-at-14.36.19.jpeg\" data-link=\"https:\/\/vimagazine.com.br\/?attachment_id=6029\" class=\"wp-image-6029\" srcset=\"https:\/\/vimagazine.com.br\/wp-content\/uploads\/2022\/09\/WhatsApp-Image-2022-09-11-at-14.36.19-682x1024.jpeg 682w, https:\/\/vimagazine.com.br\/wp-content\/uploads\/2022\/09\/WhatsApp-Image-2022-09-11-at-14.36.19-200x300.jpeg 200w, https:\/\/vimagazine.com.br\/wp-content\/uploads\/2022\/09\/WhatsApp-Image-2022-09-11-at-14.36.19-768x1152.jpeg 768w, https:\/\/vimagazine.com.br\/wp-content\/uploads\/2022\/09\/WhatsApp-Image-2022-09-11-at-14.36.19.jpeg 853w\" sizes=\"(max-width: 682px) 100vw, 682px\" \/><figcaption class=\"blocks-gallery-item__caption\">Alessandro Desco<\/figcaption><\/figure><\/li><li class=\"blocks-gallery-item\"><figure><img width=\"682\" height=\"1024\" src=\"https:\/\/vimagazine.com.br\/wp-content\/uploads\/2022\/09\/WhatsApp-Image-2022-09-11-at-14.36.19-3-682x1024.jpeg\" alt=\"\" data-id=\"6030\" data-full-url=\"https:\/\/vimagazine.com.br\/wp-content\/uploads\/2022\/09\/WhatsApp-Image-2022-09-11-at-14.36.19-3.jpeg\" data-link=\"https:\/\/vimagazine.com.br\/?attachment_id=6030\" class=\"wp-image-6030\" srcset=\"https:\/\/vimagazine.com.br\/wp-content\/uploads\/2022\/09\/WhatsApp-Image-2022-09-11-at-14.36.19-3-682x1024.jpeg 682w, https:\/\/vimagazine.com.br\/wp-content\/uploads\/2022\/09\/WhatsApp-Image-2022-09-11-at-14.36.19-3-200x300.jpeg 200w, https:\/\/vimagazine.com.br\/wp-content\/uploads\/2022\/09\/WhatsApp-Image-2022-09-11-at-14.36.19-3-768x1152.jpeg 768w, https:\/\/vimagazine.com.br\/wp-content\/uploads\/2022\/09\/WhatsApp-Image-2022-09-11-at-14.36.19-3.jpeg 853w\" sizes=\"(max-width: 682px) 100vw, 682px\" \/><figcaption class=\"blocks-gallery-item__caption\">Maur\u00edcio Coutinho<\/figcaption><\/figure><\/li><li class=\"blocks-gallery-item\"><figure><img width=\"682\" height=\"1024\" src=\"https:\/\/vimagazine.com.br\/wp-content\/uploads\/2022\/09\/WhatsApp-Image-2022-09-11-at-14.36.19-2-682x1024.jpeg\" alt=\"\" data-id=\"6031\" data-full-url=\"https:\/\/vimagazine.com.br\/wp-content\/uploads\/2022\/09\/WhatsApp-Image-2022-09-11-at-14.36.19-2.jpeg\" data-link=\"https:\/\/vimagazine.com.br\/?attachment_id=6031\" class=\"wp-image-6031\" srcset=\"https:\/\/vimagazine.com.br\/wp-content\/uploads\/2022\/09\/WhatsApp-Image-2022-09-11-at-14.36.19-2-682x1024.jpeg 682w, https:\/\/vimagazine.com.br\/wp-content\/uploads\/2022\/09\/WhatsApp-Image-2022-09-11-at-14.36.19-2-200x300.jpeg 200w, https:\/\/vimagazine.com.br\/wp-content\/uploads\/2022\/09\/WhatsApp-Image-2022-09-11-at-14.36.19-2-768x1152.jpeg 768w, https:\/\/vimagazine.com.br\/wp-content\/uploads\/2022\/09\/WhatsApp-Image-2022-09-11-at-14.36.19-2.jpeg 853w\" sizes=\"(max-width: 682px) 100vw, 682px\" \/><figcaption class=\"blocks-gallery-item__caption\">Philippe Loyola<\/figcaption><\/figure><\/li><li class=\"blocks-gallery-item\"><figure><img width=\"1024\" height=\"682\" src=\"https:\/\/vimagazine.com.br\/wp-content\/uploads\/2022\/09\/WhatsApp-Image-2022-09-11-at-14.35.04-1024x682.jpeg\" alt=\"\" data-id=\"6032\" data-full-url=\"https:\/\/vimagazine.com.br\/wp-content\/uploads\/2022\/09\/WhatsApp-Image-2022-09-11-at-14.35.04.jpeg\" data-link=\"https:\/\/vimagazine.com.br\/?attachment_id=6032\" class=\"wp-image-6032\" srcset=\"https:\/\/vimagazine.com.br\/wp-content\/uploads\/2022\/09\/WhatsApp-Image-2022-09-11-at-14.35.04-1024x682.jpeg 1024w, https:\/\/vimagazine.com.br\/wp-content\/uploads\/2022\/09\/WhatsApp-Image-2022-09-11-at-14.35.04-300x200.jpeg 300w, https:\/\/vimagazine.com.br\/wp-content\/uploads\/2022\/09\/WhatsApp-Image-2022-09-11-at-14.35.04-768x512.jpeg 768w, https:\/\/vimagazine.com.br\/wp-content\/uploads\/2022\/09\/WhatsApp-Image-2022-09-11-at-14.35.04.jpeg 1280w\" sizes=\"(max-width: 1024px) 100vw, 1024px\" \/><\/figure><\/li><\/ul><figcaption class=\"blocks-gallery-caption\">Maur\u00edcio Coutinho, Ana Bittar, Alessandro Desco, Philippe Loyola<br><\/figcaption><\/figure>\n\n\n\n<p>Fotos de: Eli Hayasaka<\/p>\n","protected":false},"excerpt":{"rendered":"<p>Linha 5-Lil\u00e1s recebe exposi\u00e7\u00e3o Art Pet, voltada \u00e0 causa animal A Linha 5-Lil\u00e1s recebe a&#8230;<\/p>\n","protected":false},"author":1,"featured_media":6036,"comment_status":"closed","ping_status":"open","sticky":false,"template":"","format":"standard","meta":{"om_disable_all_campaigns":false,"_monsterinsights_skip_tracking":false,"_monsterinsights_sitenote_active":false,"_monsterinsights_sitenote_note":"","_monsterinsights_sitenote_category":0,"spay_email":""},"categories":[26],"tags":[],"jetpack_featured_media_url":"https:\/\/vimagazine.com.br\/wp-content\/uploads\/2022\/09\/WhatsApp-Image-2022-09-11-at-14.36.19-1-1.jpeg","_links":{"self":[{"href":"https:\/\/vimagazine.com.br\/index.php?rest_route=\/wp\/v2\/posts\/6028"}],"collection":[{"href":"https:\/\/vimagazine.com.br\/index.php?rest_route=\/wp\/v2\/posts"}],"about":[{"href":"https:\/\/vimagazine.com.br\/index.php?rest_route=\/wp\/v2\/types\/post"}],"author":[{"embeddable":true,"href":"https:\/\/vimagazine.com.br\/index.php?rest_route=\/wp\/v2\/users\/1"}],"replies":[{"embeddable":true,"href":"https:\/\/vimagazine.com.br\/index.php?rest_route=%2Fwp%2Fv2%2Fcomments&post=6028"}],"version-history":[{"count":2,"href":"https:\/\/vimagazine.com.br\/index.php?rest_route=\/wp\/v2\/posts\/6028\/revisions"}],"predecessor-version":[{"id":6037,"href":"https:\/\/vimagazine.com.br\/index.php?rest_route=\/wp\/v2\/posts\/6028\/revisions\/6037"}],"wp:featuredmedia":[{"embeddable":true,"href":"https:\/\/vimagazine.com.br\/index.php?rest_route=\/wp\/v2\/media\/6036"}],"wp:attachment":[{"href":"https:\/\/vimagazine.com.br\/index.php?rest_route=%2Fwp%2Fv2%2Fmedia&parent=6028"}],"wp:term":[{"taxonomy":"category","embeddable":true,"href":"https:\/\/vimagazine.com.br\/index.php?rest_route=%2Fwp%2Fv2%2Fcategories&post=6028"},{"taxonomy":"post_tag","embeddable":true,"href":"https:\/\/vimagazine.com.br\/index.php?rest_route=%2Fwp%2Fv2%2Ftags&post=6028"}],"curies":[{"name":"wp","href":"https:\/\/api.w.org\/{rel}","templated":true}]}}