{"id":6042,"date":"2022-09-13T12:02:27","date_gmt":"2022-09-13T15:02:27","guid":{"rendered":"https:\/\/vimagazine.com.br\/?p=6042"},"modified":"2022-09-13T12:02:30","modified_gmt":"2022-09-13T15:02:30","slug":"com-tema-da-barbie-biah-rodrigues-e-sorocaba-comemoram-10-meses-da-nanda-relembrei-minha-infancia","status":"publish","type":"post","link":"https:\/\/vimagazine.com.br\/?p=6042","title":{"rendered":"Com tema da Barbie, Biah Rodrigues e Sorocaba comemoram 10 meses da Nanda: \u201crelembrei minha inf\u00e2ncia\u201d"},"content":{"rendered":"\n<p>Com tema da Barbie, Biah Rodrigues e Sorocaba comemoram 10 meses da Nanda: \u201crelembrei minha inf\u00e2ncia\u201d<\/p>\n\n\n\n<p>Biah Rodrigues e o cantor Sorocaba comemoraram nessa tarde de segunda, 12, o d\u00e9cimo m\u00eas da ca\u00e7ula Nanda.&nbsp;<\/p>\n\n\n\n<p>Sempre surpreendendo, Biah escolheu o tema Barbie: \u201cRealiza\u00e7\u00e3o do sonho de toda menina, o mundo encantado das bonecas, relembrei minha inf\u00e2ncia\u201d conta Biah.&nbsp;<\/p>\n\n\n\n<p>Com direito a caixa de boneca gigante, muitos bal\u00f5es e decora\u00e7\u00e3o toda clean rosa, a fam\u00edlia posou para os registros<\/p>\n\n\n\n<p>Foto: Thai Lazarini I CG Comunica\u00e7\u00e3o (divulga\u00e7\u00e3o)<\/p>\n","protected":false},"excerpt":{"rendered":"<p>Com tema da Barbie, Biah Rodrigues e Sorocaba comemoram 10 meses da Nanda: \u201crelembrei minha&#8230;<\/p>\n","protected":false},"author":19,"featured_media":6043,"comment_status":"closed","ping_status":"open","sticky":false,"template":"","format":"standard","meta":{"om_disable_all_campaigns":false,"_monsterinsights_skip_tracking":false,"_monsterinsights_sitenote_active":false,"_monsterinsights_sitenote_note":"","_monsterinsights_sitenote_category":0,"spay_email":""},"categories":[26],"tags":[],"jetpack_featured_media_url":"https:\/\/vimagazine.com.br\/wp-content\/uploads\/2022\/09\/Nanda9.jpeg","_links":{"self":[{"href":"https:\/\/vimagazine.com.br\/index.php?rest_route=\/wp\/v2\/posts\/6042"}],"collection":[{"href":"https:\/\/vimagazine.com.br\/index.php?rest_route=\/wp\/v2\/posts"}],"about":[{"href":"https:\/\/vimagazine.com.br\/index.php?rest_route=\/wp\/v2\/types\/post"}],"author":[{"embeddable":true,"href":"https:\/\/vimagazine.com.br\/index.php?rest_route=\/wp\/v2\/users\/19"}],"replies":[{"embeddable":true,"href":"https:\/\/vimagazine.com.br\/index.php?rest_route=%2Fwp%2Fv2%2Fcomments&post=6042"}],"version-history":[{"count":1,"href":"https:\/\/vimagazine.com.br\/index.php?rest_route=\/wp\/v2\/posts\/6042\/revisions"}],"predecessor-version":[{"id":6044,"href":"https:\/\/vimagazine.com.br\/index.php?rest_route=\/wp\/v2\/posts\/6042\/revisions\/6044"}],"wp:featuredmedia":[{"embeddable":true,"href":"https:\/\/vimagazine.com.br\/index.php?rest_route=\/wp\/v2\/media\/6043"}],"wp:attachment":[{"href":"https:\/\/vimagazine.com.br\/index.php?rest_route=%2Fwp%2Fv2%2Fmedia&parent=6042"}],"wp:term":[{"taxonomy":"category","embeddable":true,"href":"https:\/\/vimagazine.com.br\/index.php?rest_route=%2Fwp%2Fv2%2Fcategories&post=6042"},{"taxonomy":"post_tag","embeddable":true,"href":"https:\/\/vimagazine.com.br\/index.php?rest_route=%2Fwp%2Fv2%2Ftags&post=6042"}],"curies":[{"name":"wp","href":"https:\/\/api.w.org\/{rel}","templated":true}]}}