{"id":6046,"date":"2022-09-13T21:00:52","date_gmt":"2022-09-14T00:00:52","guid":{"rendered":"https:\/\/vimagazine.com.br\/?p=6046"},"modified":"2022-09-13T21:00:57","modified_gmt":"2022-09-14T00:00:57","slug":"joinvilenses-sao-premiadas-na-etapa-estadual-do-premio-sebrae-mulher-de-negocios-2022","status":"publish","type":"post","link":"https:\/\/vimagazine.com.br\/?p=6046","title":{"rendered":"Joinvilenses s\u00e3o premiadas na etapa estadual do Pr\u00eamio Sebrae Mulher de Neg\u00f3cios 2022"},"content":{"rendered":"\n<p><em>As vencedoras de cada categoria ir\u00e3o concorrer na etapa regional, e, posteriormente, na etapa nacional<\/em><\/p>\n\n\n\n<p>O Sebrae\/SC divulgou o resultado da etapa estadual do Pr\u00eamio Sebrae Mulher de Neg\u00f3cios 2022. O pr\u00eamio \u00e9 dividido em tr\u00eas etapas: estadual, regional e nacional e contempla tr\u00eas categorias, Produtora Rural, Microempreendedora Individual e&nbsp; Pequenos Neg\u00f3cios. As premia\u00e7\u00f5es est\u00e3o distribu\u00eddas em cinco cidades, como Florian\u00f3polis (3), Joinville (2), Crici\u00fama (1), Rio do Sul (1) e Bra\u00e7o do Norte (1).&nbsp;<\/p>\n\n\n\n<p>Em Joinville, Sandra Beninca Nascimento, da empresa Pupunha Brasil e&nbsp; Fernanda Sant\u2019Ana Furtado, da Turma da Pulga, ficaram em segundo lugar nas categorias Produtora Rural e Categoria Microempreendedora Individual.&nbsp;<\/p>\n\n\n\n<p>A partir de agora, as vencedoras de cada categoria ser\u00e3o avaliadas por um j\u00fari regional, e as selecionadas seguir\u00e3o para a etapa nacional.<\/p>\n\n\n\n<p>As ganhadoras nacionais ser\u00e3o conhecidas em novembro, durante solenidade na sede do Sebrae Nacional, em Bras\u00edlia (DF). Elas ter\u00e3o direito a uma viagem para participar de uma miss\u00e3o t\u00e9cnica com foco em capacita\u00e7\u00e3o, al\u00e9m de mentoria, aparelho de \u00faltima gera\u00e7\u00e3o (tablet ou celular) e o trof\u00e9u.<\/p>\n\n\n\n<p>\u201cAs empres\u00e1rias catarinenses demonstraram grande potencial para participarem das pr\u00f3ximas etapas. S\u00e3o hist\u00f3rias inspiradoras, com a capacidade de influenciar muitas mulheres que est\u00e3o nesta trajet\u00f3ria empreendedora. Estou confiante de que teremos participantes de Santa Catarina na etapa nacional\u201d, afirma a Gestora do Programa Sebrae Delas Mulher de Neg\u00f3cios, Marina Barbieri.&nbsp;&nbsp;<\/p>\n\n\n\n<p><strong>Confira o resultado da etapa estadual:<\/strong><\/p>\n\n\n\n<p><strong>Categoria Produtora Rural<\/strong><\/p>\n\n\n\n<p>1\u00ba Lugar &#8211; Maria Rosinete Souza Effting \u2013 Cabanha Guinther &#8211; Bra\u00e7o do Norte<\/p>\n\n\n\n<p>2\u00ba Lugar &#8211; Sandra Beninca Nascimento \u2013 Pupunha Brasil &#8211; Joinville<\/p>\n\n\n\n<p><strong>Categoria Microempreendedora Individual<\/strong><\/p>\n\n\n\n<p>1\u00ba Lugar &#8211; Amanda Magalh\u00e3es Schneider Franz \u2013 Tor\u00e9 Chocolates &#8211; Florian\u00f3polis<\/p>\n\n\n\n<p>&nbsp;2\u00ba Lugar &#8211; Fernanda Sant\u2019Ana Furtado \u2013 Turma da Pulga &#8211; Joinville<\/p>\n\n\n\n<p>3\u00ba Lugar &#8211; Stef\u00e2nia Hofmann Mohedano \u2013 Urbees Meliponicultura Urbana &#8211; Florian\u00f3polis<\/p>\n\n\n\n<p><strong>Categoria Pequenos Neg\u00f3cios<\/strong><\/p>\n\n\n\n<p>1\u00ba Lugar &#8211; Gislaine dos Santos Leopoldo &#8211; Facto Assessoria e Cobran\u00e7a Ltda &#8211; Crici\u00fama<\/p>\n\n\n\n<p>&nbsp;2\u00ba Lugar &#8211; Monica Aparecida Coelho Schmidt &#8211; Dom Bombom Chocolates &#8211; Rio do Sul<\/p>\n\n\n\n<p>3\u00ba Lugar \u2013 Roseneide Mendes de Borba \u2013 Arms Est\u00e9tica &#8211; Florian\u00f3polis<\/p>\n\n\n\n<p><strong>Sobre o pr\u00eamio<\/strong><\/p>\n\n\n\n<p>O tradicional e renomado \u201cPr\u00eamio Sebrae Mulher de Neg\u00f3cios\u201d, criado pelo Sebrae, tem o prop\u00f3sito de reconhecer hist\u00f3rias inspiradoras de empresas lideradas por mulheres. Mais de 80 mil empreendedoras j\u00e1 se inscreveram desde a primeira edi\u00e7\u00e3o, realizada em 2004.<\/p>\n\n\n\n<p>Fonte: Mariana Woj<\/p>\n","protected":false},"excerpt":{"rendered":"<p>As vencedoras de cada categoria ir\u00e3o concorrer na etapa regional, e, posteriormente, na etapa nacional&#8230;<\/p>\n","protected":false},"author":3,"featured_media":6047,"comment_status":"closed","ping_status":"open","sticky":false,"template":"","format":"standard","meta":{"om_disable_all_campaigns":false,"_monsterinsights_skip_tracking":false,"_monsterinsights_sitenote_active":false,"_monsterinsights_sitenote_note":"","_monsterinsights_sitenote_category":0,"spay_email":""},"categories":[1],"tags":[],"jetpack_featured_media_url":"https:\/\/vimagazine.com.br\/wp-content\/uploads\/2022\/09\/148ED790-91C0-4083-A910-7F8C431772C5.jpg","_links":{"self":[{"href":"https:\/\/vimagazine.com.br\/index.php?rest_route=\/wp\/v2\/posts\/6046"}],"collection":[{"href":"https:\/\/vimagazine.com.br\/index.php?rest_route=\/wp\/v2\/posts"}],"about":[{"href":"https:\/\/vimagazine.com.br\/index.php?rest_route=\/wp\/v2\/types\/post"}],"author":[{"embeddable":true,"href":"https:\/\/vimagazine.com.br\/index.php?rest_route=\/wp\/v2\/users\/3"}],"replies":[{"embeddable":true,"href":"https:\/\/vimagazine.com.br\/index.php?rest_route=%2Fwp%2Fv2%2Fcomments&post=6046"}],"version-history":[{"count":1,"href":"https:\/\/vimagazine.com.br\/index.php?rest_route=\/wp\/v2\/posts\/6046\/revisions"}],"predecessor-version":[{"id":6048,"href":"https:\/\/vimagazine.com.br\/index.php?rest_route=\/wp\/v2\/posts\/6046\/revisions\/6048"}],"wp:featuredmedia":[{"embeddable":true,"href":"https:\/\/vimagazine.com.br\/index.php?rest_route=\/wp\/v2\/media\/6047"}],"wp:attachment":[{"href":"https:\/\/vimagazine.com.br\/index.php?rest_route=%2Fwp%2Fv2%2Fmedia&parent=6046"}],"wp:term":[{"taxonomy":"category","embeddable":true,"href":"https:\/\/vimagazine.com.br\/index.php?rest_route=%2Fwp%2Fv2%2Fcategories&post=6046"},{"taxonomy":"post_tag","embeddable":true,"href":"https:\/\/vimagazine.com.br\/index.php?rest_route=%2Fwp%2Fv2%2Ftags&post=6046"}],"curies":[{"name":"wp","href":"https:\/\/api.w.org\/{rel}","templated":true}]}}