{"id":6066,"date":"2022-09-14T21:55:13","date_gmt":"2022-09-15T00:55:13","guid":{"rendered":"https:\/\/vimagazine.com.br\/?p=6066"},"modified":"2022-09-14T21:55:18","modified_gmt":"2022-09-15T00:55:18","slug":"edmila-castro-a-pastora-e-musicista-transformando-frustracoes-em-realizacoes","status":"publish","type":"post","link":"https:\/\/vimagazine.com.br\/?p=6066","title":{"rendered":"Edmila Castro, a pastora e musicista &#8211; Transformando frustra\u00e7\u00f5es em realiza\u00e7\u00f5es"},"content":{"rendered":"\n<p>A pastora e musicista Edmila Castro tornou-se uma verdadeira inspira\u00e7\u00e3o para mulheres que sofreram viol\u00eancia dom\u00e9stica em todos os sentidos: f\u00edsica, psicol\u00f3gica e moral.<\/p>\n\n\n\n<p>Nascida em Cachoeiro de Macacu, interior do estado do Rio de Janeiro, Edmila tornou p\u00fablico seu testemunho de vida para incentivar outras mulheres a transformarem suas frustra\u00e7\u00f5es em realiza\u00e7\u00f5es. Ela deu a volta por cima ao denunciar o agressor e conseguir retomar sua vida, sua carreira na m\u00fasica e seu minist\u00e9rio pastoral!<\/p>\n\n\n\n<p>Aqui ela conversou com esta colunista que vos fala e al\u00e9m da entrevista, sugiro que assistam o testemunho dela completo no canal do YouTube vale a pena conferir o link est\u00e1 no final da mat\u00e9ria!<\/p>\n\n\n\n<figure class=\"wp-container-2 wp-block-gallery-1 wp-block-gallery columns-2 is-cropped\"><ul class=\"blocks-gallery-grid\"><li class=\"blocks-gallery-item\"><figure><img width=\"1004\" height=\"1024\" src=\"https:\/\/vimagazine.com.br\/wp-content\/uploads\/2022\/09\/WhatsApp-Image-2022-09-13-at-16.20.28-3.jpeg\" alt=\"\" data-id=\"6079\" data-full-url=\"https:\/\/vimagazine.com.br\/wp-content\/uploads\/2022\/09\/WhatsApp-Image-2022-09-13-at-16.20.28-3.jpeg\" data-link=\"https:\/\/vimagazine.com.br\/?attachment_id=6079\" class=\"wp-image-6079\" srcset=\"https:\/\/vimagazine.com.br\/wp-content\/uploads\/2022\/09\/WhatsApp-Image-2022-09-13-at-16.20.28-3.jpeg 1004w, https:\/\/vimagazine.com.br\/wp-content\/uploads\/2022\/09\/WhatsApp-Image-2022-09-13-at-16.20.28-3-294x300.jpeg 294w, https:\/\/vimagazine.com.br\/wp-content\/uploads\/2022\/09\/WhatsApp-Image-2022-09-13-at-16.20.28-3-768x783.jpeg 768w\" sizes=\"(max-width: 1004px) 100vw, 1004px\" \/><\/figure><\/li><li class=\"blocks-gallery-item\"><figure><img width=\"1024\" height=\"768\" src=\"https:\/\/vimagazine.com.br\/wp-content\/uploads\/2022\/09\/WhatsApp-Image-2022-09-13-at-16.20.28-8.jpeg\" alt=\"\" data-id=\"6075\" data-full-url=\"https:\/\/vimagazine.com.br\/wp-content\/uploads\/2022\/09\/WhatsApp-Image-2022-09-13-at-16.20.28-8.jpeg\" data-link=\"https:\/\/vimagazine.com.br\/?attachment_id=6075\" class=\"wp-image-6075\" srcset=\"https:\/\/vimagazine.com.br\/wp-content\/uploads\/2022\/09\/WhatsApp-Image-2022-09-13-at-16.20.28-8.jpeg 1024w, https:\/\/vimagazine.com.br\/wp-content\/uploads\/2022\/09\/WhatsApp-Image-2022-09-13-at-16.20.28-8-300x225.jpeg 300w, https:\/\/vimagazine.com.br\/wp-content\/uploads\/2022\/09\/WhatsApp-Image-2022-09-13-at-16.20.28-8-768x576.jpeg 768w\" sizes=\"(max-width: 1024px) 100vw, 1024px\" \/><\/figure><\/li><\/ul><\/figure>\n\n\n\n<p><strong>Voc\u00ea \u00e9 ligada \u00e0 m\u00fasica desde muito nova. Em que momento percebeu que seria sua profiss\u00e3o?<br><\/strong><em>Aos 9 aninhos quando eu fiz participa\u00e7\u00e3o especial no CD da cantora Clevenice, onde eu fui pela primeira vez ao est\u00fadio e tive um contato mais profissional com algo que eu fazia at\u00e9 ent\u00e3o como hobby.<\/em><\/p>\n\n\n\n<p><strong>Qual a sua rela\u00e7\u00e3o com os instrumentos? Al\u00e9m do canto voc\u00ea toca v\u00e1rios\u2026<br><\/strong><em>Eu sempre fui autodidata, sempre aprendi muitas coisas observando e como j\u00e1 cantava e tinha um bom ouvido musical, eu aprendi sozinha aos 10 aninhos tocar bateria apenas de observar. Depois, uma amiga me ensinou as 7 notas b\u00e1sicas dos acordes de viol\u00e3o e depois eu aprendi sozinha de ouvido a tocar todas as m\u00fasicas poss\u00edveis. Eu ganhei um teclado e comecei a reproduzir os sons que eu ouvia no viol\u00e3o no teclado e aprendi tamb\u00e9m o b\u00e1sico de teclado e hoje, eu toco viol\u00e3o, guitarra, contrabaixo, teclado e bateria. Como bateria \u00e9 um instrumento de muita express\u00e3o, \u00e9 o meu favorito.<\/em><\/p>\n\n\n\n<p><strong>Voc\u00ea tem algum \u00eddolo ou inspira\u00e7\u00e3o?<br><\/strong><em>Na parte vocal, minha inspira\u00e7\u00e3o \u00e9 Whitney Houston, ela tem um timbre incr\u00edvel e me assemelho a ela em meus graves e agudos. Para a parte instrumental, o minist\u00e9rio de louvor da igreja australiana Hillsong. Na inf\u00e2ncia, minha inspira\u00e7\u00e3o era Cassiane, Shirley e Lauriete, mas hoje em dia, s\u00e3o os mencionados.<\/em><\/p>\n\n\n\n<figure class=\"wp-container-4 wp-block-gallery-3 wp-block-gallery columns-3 is-cropped\"><ul class=\"blocks-gallery-grid\"><li class=\"blocks-gallery-item\"><figure><img width=\"1024\" height=\"852\" src=\"https:\/\/vimagazine.com.br\/wp-content\/uploads\/2022\/09\/WhatsApp-Image-2022-09-13-at-16.20.28-16.jpeg\" alt=\"\" data-id=\"6070\" data-full-url=\"https:\/\/vimagazine.com.br\/wp-content\/uploads\/2022\/09\/WhatsApp-Image-2022-09-13-at-16.20.28-16.jpeg\" data-link=\"https:\/\/vimagazine.com.br\/?attachment_id=6070\" class=\"wp-image-6070\" srcset=\"https:\/\/vimagazine.com.br\/wp-content\/uploads\/2022\/09\/WhatsApp-Image-2022-09-13-at-16.20.28-16.jpeg 1024w, https:\/\/vimagazine.com.br\/wp-content\/uploads\/2022\/09\/WhatsApp-Image-2022-09-13-at-16.20.28-16-300x250.jpeg 300w, https:\/\/vimagazine.com.br\/wp-content\/uploads\/2022\/09\/WhatsApp-Image-2022-09-13-at-16.20.28-16-768x639.jpeg 768w\" sizes=\"(max-width: 1024px) 100vw, 1024px\" \/><\/figure><\/li><li class=\"blocks-gallery-item\"><figure><img width=\"960\" height=\"720\" src=\"https:\/\/vimagazine.com.br\/wp-content\/uploads\/2022\/09\/WhatsApp-Image-2022-09-13-at-16.20.28-15.jpeg\" alt=\"\" data-id=\"6071\" data-full-url=\"https:\/\/vimagazine.com.br\/wp-content\/uploads\/2022\/09\/WhatsApp-Image-2022-09-13-at-16.20.28-15.jpeg\" data-link=\"https:\/\/vimagazine.com.br\/?attachment_id=6071\" class=\"wp-image-6071\" srcset=\"https:\/\/vimagazine.com.br\/wp-content\/uploads\/2022\/09\/WhatsApp-Image-2022-09-13-at-16.20.28-15.jpeg 960w, https:\/\/vimagazine.com.br\/wp-content\/uploads\/2022\/09\/WhatsApp-Image-2022-09-13-at-16.20.28-15-300x225.jpeg 300w, https:\/\/vimagazine.com.br\/wp-content\/uploads\/2022\/09\/WhatsApp-Image-2022-09-13-at-16.20.28-15-768x576.jpeg 768w\" sizes=\"(max-width: 960px) 100vw, 960px\" \/><\/figure><\/li><li class=\"blocks-gallery-item\"><figure><img width=\"720\" height=\"960\" src=\"https:\/\/vimagazine.com.br\/wp-content\/uploads\/2022\/09\/WhatsApp-Image-2022-09-13-at-16.20.28-13.jpeg\" alt=\"\" data-id=\"6072\" data-full-url=\"https:\/\/vimagazine.com.br\/wp-content\/uploads\/2022\/09\/WhatsApp-Image-2022-09-13-at-16.20.28-13.jpeg\" data-link=\"https:\/\/vimagazine.com.br\/?attachment_id=6072\" class=\"wp-image-6072\" srcset=\"https:\/\/vimagazine.com.br\/wp-content\/uploads\/2022\/09\/WhatsApp-Image-2022-09-13-at-16.20.28-13.jpeg 720w, https:\/\/vimagazine.com.br\/wp-content\/uploads\/2022\/09\/WhatsApp-Image-2022-09-13-at-16.20.28-13-225x300.jpeg 225w\" sizes=\"(max-width: 720px) 100vw, 720px\" \/><\/figure><\/li><li class=\"blocks-gallery-item\"><figure><img width=\"768\" height=\"1024\" src=\"https:\/\/vimagazine.com.br\/wp-content\/uploads\/2022\/09\/WhatsApp-Image-2022-09-13-at-16.20.28-4.jpeg\" alt=\"\" data-id=\"6078\" data-full-url=\"https:\/\/vimagazine.com.br\/wp-content\/uploads\/2022\/09\/WhatsApp-Image-2022-09-13-at-16.20.28-4.jpeg\" data-link=\"https:\/\/vimagazine.com.br\/?attachment_id=6078\" class=\"wp-image-6078\" srcset=\"https:\/\/vimagazine.com.br\/wp-content\/uploads\/2022\/09\/WhatsApp-Image-2022-09-13-at-16.20.28-4.jpeg 768w, https:\/\/vimagazine.com.br\/wp-content\/uploads\/2022\/09\/WhatsApp-Image-2022-09-13-at-16.20.28-4-225x300.jpeg 225w\" sizes=\"(max-width: 768px) 100vw, 768px\" \/><\/figure><\/li><\/ul><\/figure>\n\n\n\n<p><strong>Aos 20 anos, voc\u00ea foi cantar representando o Brasil em eventos do pastor Apollo C. Como foi essa experi\u00eancia?<br><\/strong><em>Uma das melhores que j\u00e1 tive na minha \u00e1rea profissional. Tive contato direto com emissora de tv, r\u00e1dio, jornais, revistas, cabeleireiros, figurinistas, roupas feitas sob medida para mim, todos os bastidores que eu nunca tinha tido contato antes, me senti mesmo uma estrela de Hollywood. Daquele dia em diante, eu pude rever meu potencial e queria algo a mais, queria ir mais longe, essa experi\u00eancia me trouxe muita esperan\u00e7a de que as promessas de Deus se cumprem, pois desde o ventre, Ele disse que eu iria aos 4 cantos da terra e foi o in\u00edcio das promessas. Isso despertou ainda mais a artista que mora aqui dentro de mim. Percebi que mais pessoas admiravam meu dom.<\/em><\/p>\n\n\n\n<p><strong>O que a m\u00fasica significa na sua vida?<br><\/strong><em>Significa minha religa\u00e7\u00e3o com minha f\u00e9 e minha ess\u00eancia. Significa al\u00edvio para a alma, express\u00e3o do cora\u00e7\u00e3o para as pessoas ao redor e uma forma de colocar as minhas emo\u00e7\u00f5es em sons com musicoterapia. A m\u00fasica liberta.<\/em><\/p>\n\n\n\n<p><strong>Ao longo da sua carreira voc\u00ea j\u00e1 gravou diversos clipes super bem produzidos e em diversos locais. Voc\u00ea se envolve com a produ\u00e7\u00e3o, a concep\u00e7\u00e3o das produ\u00e7\u00f5es?<br><\/strong><em>Sim, com certeza, sou muito criativa e sempre fui curiosa com designer e produ\u00e7\u00e3o desde muito nova manjo disso e quando chego com as produ\u00e7\u00f5es, eu j\u00e1 trago tudo basicamente estruturado e sempre agregamos mais coisas, mas a base eu sempre monto. Amo fazer isso. Eu interajo muito com a produ\u00e7\u00e3o. Cada clipe \u00e9 um filho, ent\u00e3o, gero com muito cuidado e autenticidade.<\/em><\/p>\n\n\n\n<figure class=\"wp-container-6 wp-block-gallery-5 wp-block-gallery columns-2 is-cropped\"><ul class=\"blocks-gallery-grid\"><li class=\"blocks-gallery-item\"><figure><img width=\"683\" height=\"1024\" src=\"https:\/\/vimagazine.com.br\/wp-content\/uploads\/2022\/09\/WhatsApp-Image-2022-09-13-at-17.56.18-1-683x1024.jpeg\" alt=\"\" data-id=\"6068\" data-full-url=\"https:\/\/vimagazine.com.br\/wp-content\/uploads\/2022\/09\/WhatsApp-Image-2022-09-13-at-17.56.18-1.jpeg\" data-link=\"https:\/\/vimagazine.com.br\/?attachment_id=6068\" class=\"wp-image-6068\" srcset=\"https:\/\/vimagazine.com.br\/wp-content\/uploads\/2022\/09\/WhatsApp-Image-2022-09-13-at-17.56.18-1-683x1024.jpeg 683w, https:\/\/vimagazine.com.br\/wp-content\/uploads\/2022\/09\/WhatsApp-Image-2022-09-13-at-17.56.18-1-200x300.jpeg 200w, https:\/\/vimagazine.com.br\/wp-content\/uploads\/2022\/09\/WhatsApp-Image-2022-09-13-at-17.56.18-1-768x1151.jpeg 768w, https:\/\/vimagazine.com.br\/wp-content\/uploads\/2022\/09\/WhatsApp-Image-2022-09-13-at-17.56.18-1-1025x1536.jpeg 1025w, https:\/\/vimagazine.com.br\/wp-content\/uploads\/2022\/09\/WhatsApp-Image-2022-09-13-at-17.56.18-1-1024x1535.jpeg 1024w, https:\/\/vimagazine.com.br\/wp-content\/uploads\/2022\/09\/WhatsApp-Image-2022-09-13-at-17.56.18-1.jpeg 1281w\" sizes=\"(max-width: 683px) 100vw, 683px\" \/><\/figure><\/li><li class=\"blocks-gallery-item\"><figure><img width=\"1024\" height=\"683\" src=\"https:\/\/vimagazine.com.br\/wp-content\/uploads\/2022\/09\/WhatsApp-Image-2022-09-13-at-17.56.18-2-1024x683.jpeg\" alt=\"\" data-id=\"6067\" data-full-url=\"https:\/\/vimagazine.com.br\/wp-content\/uploads\/2022\/09\/WhatsApp-Image-2022-09-13-at-17.56.18-2.jpeg\" data-link=\"https:\/\/vimagazine.com.br\/?attachment_id=6067\" class=\"wp-image-6067\" srcset=\"https:\/\/vimagazine.com.br\/wp-content\/uploads\/2022\/09\/WhatsApp-Image-2022-09-13-at-17.56.18-2-1024x683.jpeg 1024w, https:\/\/vimagazine.com.br\/wp-content\/uploads\/2022\/09\/WhatsApp-Image-2022-09-13-at-17.56.18-2-300x200.jpeg 300w, https:\/\/vimagazine.com.br\/wp-content\/uploads\/2022\/09\/WhatsApp-Image-2022-09-13-at-17.56.18-2-768x512.jpeg 768w, https:\/\/vimagazine.com.br\/wp-content\/uploads\/2022\/09\/WhatsApp-Image-2022-09-13-at-17.56.18-2-1536x1025.jpeg 1536w, https:\/\/vimagazine.com.br\/wp-content\/uploads\/2022\/09\/WhatsApp-Image-2022-09-13-at-17.56.18-2.jpeg 1920w\" sizes=\"(max-width: 1024px) 100vw, 1024px\" \/><\/figure><\/li><\/ul><\/figure>\n\n\n\n<p><strong>O que voc\u00ea pode adiantar do clipe que gravou em homenagem ao seu esposo ?<br><\/strong><em>Posso adiantar que foi a experi\u00eancia musical mais profunda em que eu me envolvi em toda a minha vida. Foi gerado no meu lugar dos sonhos (no castelo de Itaipava), na virada da noite em que foi meu casamento e com um bel\u00edssimo piano de caldas. Foi perfeito. Foi a maior express\u00e3o da minha alma em uma can\u00e7\u00e3o e foi a primeira can\u00e7\u00e3o completa que eu fiz, pois eu j\u00e1 ajudei em composi\u00e7\u00f5es, j\u00e1 compus em cima de uma melodia que j\u00e1 existia, mas nunca havia feito tudo em uma m\u00fasica como foi desta vez.<\/em><\/p>\n\n\n\n<p><strong>Quando veio em voc\u00ea o desejo de escrever um livro?<br><\/strong><em>Eu sempre tive a ideia de escrever um livro, mas quando eu passei pela minha primeira grande decep\u00e7\u00e3o amorosa aos 19 anos de idade isso foi mais latente.<\/em><\/p>\n\n\n\n<p><strong>Conte um pouco mais sobre o seu livro e o processo para escrever.<br><\/strong><em>Depois dessa decep\u00e7\u00e3o amorosa aos 19 anos, passei por muitas outras, eu comecei a escrever e n\u00e3o conseguia finalizar, pois nesse meio tempo, eu tinha que lidar com minhas frustra\u00e7\u00f5es e ainda finalizar minha faculdade de psicologia, cuidar de muitas outras coisas e n\u00e3o conseguia terminar, embora j\u00e1 o tinha todo estruturado em minha mente. Foi ent\u00e3o que em 2021, ano passado, efetivamente consegui finalizar e lan\u00e7ar meu livro, pois eu tinha um final feliz para o meu livro que at\u00e9 2020 eu n\u00e3o tinha e hoje, estou viajando pela Europa lan\u00e7ando em pa\u00edses diferentes.<\/em><\/p>\n\n\n\n<figure class=\"wp-container-8 wp-block-gallery-7 wp-block-gallery columns-3 is-cropped\"><ul class=\"blocks-gallery-grid\"><li class=\"blocks-gallery-item\"><figure><img width=\"960\" height=\"640\" src=\"https:\/\/vimagazine.com.br\/wp-content\/uploads\/2022\/09\/WhatsApp-Image-2022-09-13-at-16.20.28-10.jpeg\" alt=\"\" data-id=\"6074\" data-full-url=\"https:\/\/vimagazine.com.br\/wp-content\/uploads\/2022\/09\/WhatsApp-Image-2022-09-13-at-16.20.28-10.jpeg\" data-link=\"https:\/\/vimagazine.com.br\/?attachment_id=6074\" class=\"wp-image-6074\" srcset=\"https:\/\/vimagazine.com.br\/wp-content\/uploads\/2022\/09\/WhatsApp-Image-2022-09-13-at-16.20.28-10.jpeg 960w, https:\/\/vimagazine.com.br\/wp-content\/uploads\/2022\/09\/WhatsApp-Image-2022-09-13-at-16.20.28-10-300x200.jpeg 300w, https:\/\/vimagazine.com.br\/wp-content\/uploads\/2022\/09\/WhatsApp-Image-2022-09-13-at-16.20.28-10-768x512.jpeg 768w\" sizes=\"(max-width: 960px) 100vw, 960px\" \/><\/figure><\/li><li class=\"blocks-gallery-item\"><figure><img width=\"960\" height=\"579\" src=\"https:\/\/vimagazine.com.br\/wp-content\/uploads\/2022\/09\/WhatsApp-Image-2022-09-13-at-16.20.28-12.jpeg\" alt=\"\" data-id=\"6073\" data-full-url=\"https:\/\/vimagazine.com.br\/wp-content\/uploads\/2022\/09\/WhatsApp-Image-2022-09-13-at-16.20.28-12.jpeg\" data-link=\"https:\/\/vimagazine.com.br\/?attachment_id=6073\" class=\"wp-image-6073\" srcset=\"https:\/\/vimagazine.com.br\/wp-content\/uploads\/2022\/09\/WhatsApp-Image-2022-09-13-at-16.20.28-12.jpeg 960w, https:\/\/vimagazine.com.br\/wp-content\/uploads\/2022\/09\/WhatsApp-Image-2022-09-13-at-16.20.28-12-300x181.jpeg 300w, https:\/\/vimagazine.com.br\/wp-content\/uploads\/2022\/09\/WhatsApp-Image-2022-09-13-at-16.20.28-12-768x463.jpeg 768w\" sizes=\"(max-width: 960px) 100vw, 960px\" \/><\/figure><\/li><li class=\"blocks-gallery-item\"><figure><img width=\"960\" height=\"720\" src=\"https:\/\/vimagazine.com.br\/wp-content\/uploads\/2022\/09\/WhatsApp-Image-2022-09-13-at-16.20.28-7.jpeg\" alt=\"\" data-id=\"6076\" data-full-url=\"https:\/\/vimagazine.com.br\/wp-content\/uploads\/2022\/09\/WhatsApp-Image-2022-09-13-at-16.20.28-7.jpeg\" data-link=\"https:\/\/vimagazine.com.br\/?attachment_id=6076\" class=\"wp-image-6076\" srcset=\"https:\/\/vimagazine.com.br\/wp-content\/uploads\/2022\/09\/WhatsApp-Image-2022-09-13-at-16.20.28-7.jpeg 960w, https:\/\/vimagazine.com.br\/wp-content\/uploads\/2022\/09\/WhatsApp-Image-2022-09-13-at-16.20.28-7-300x225.jpeg 300w, https:\/\/vimagazine.com.br\/wp-content\/uploads\/2022\/09\/WhatsApp-Image-2022-09-13-at-16.20.28-7-768x576.jpeg 768w\" sizes=\"(max-width: 960px) 100vw, 960px\" \/><\/figure><\/li><\/ul><\/figure>\n\n\n\n<p><strong>Em algum momento voc\u00ea pensou em focar sua carreira em outro estilo musical?<br><\/strong><em>N\u00e3o. Amo o meu estilo e j\u00e1 tive propostas para mudar, mas n\u00e3o me atrai outros estilos.<\/em><\/p>\n\n\n\n<p><strong>O que mais te conquista na vida?<br><\/strong><em>O que mais me conquista na vida \u00e9 ver que pessoas mudam de vida com minhas can\u00e7\u00f5es e minhas experi\u00eancias retratadas no livro. Eu amo ajudar pessoas! Quando percebo que o que eu vivi n\u00e3o foi apenas para gerar dor e sim curar outras pessoas \u00e9 o que mais me motiva a continuar. Quando alguma coisa d\u00e1 errado para mim, ao inv\u00e9s de reclamar, eu penso que ser\u00e1 mais uma experi\u00eancia e que tem pessoas que precisam disso.<\/em><\/p>\n\n\n\n<p>Assista abaixo os v\u00eddeos que contam um pouco mais sobre o testemunho de Edmila Castro.<\/p>\n\n\n\n<figure class=\"wp-block-embed is-type-video is-provider-youtube wp-block-embed-youtube wp-embed-aspect-16-9 wp-has-aspect-ratio\"><div class=\"wp-block-embed__wrapper\">\n<iframe loading=\"lazy\" title=\"Edmila Castro - Pastora Divorciada aos 21 Anos - Testemunho na \u00edntegra (Parte 1)\" width=\"640\" height=\"360\" src=\"https:\/\/www.youtube.com\/embed\/5D5WERWM--U?feature=oembed\" frameborder=\"0\" allow=\"accelerometer; autoplay; clipboard-write; encrypted-media; gyroscope; picture-in-picture\" allowfullscreen><\/iframe>\n<\/div><\/figure>\n\n\n\n<figure class=\"wp-block-embed is-type-video is-provider-youtube wp-block-embed-youtube wp-embed-aspect-16-9 wp-has-aspect-ratio\"><div class=\"wp-block-embed__wrapper\">\n<iframe loading=\"lazy\" title=\"Edmila Castro (Parte 2) - Pastora Divorciada aos 21 anos - Testemunho na \u00edntegra\" width=\"640\" height=\"360\" src=\"https:\/\/www.youtube.com\/embed\/hQpkOjeqEXE?feature=oembed\" frameborder=\"0\" allow=\"accelerometer; autoplay; clipboard-write; encrypted-media; gyroscope; picture-in-picture\" allowfullscreen><\/iframe>\n<\/div><\/figure>\n\n\n\n<p><br><br><\/p>\n","protected":false},"excerpt":{"rendered":"<p>A pastora e musicista Edmila Castro tornou-se uma verdadeira inspira\u00e7\u00e3o para mulheres que sofreram viol\u00eancia&#8230;<\/p>\n","protected":false},"author":18,"featured_media":6069,"comment_status":"closed","ping_status":"open","sticky":false,"template":"","format":"standard","meta":{"om_disable_all_campaigns":false,"_monsterinsights_skip_tracking":false,"_monsterinsights_sitenote_active":false,"_monsterinsights_sitenote_note":"","_monsterinsights_sitenote_category":0,"spay_email":""},"categories":[1],"tags":[426,424,72,288,422,423,425],"jetpack_featured_media_url":"https:\/\/vimagazine.com.br\/wp-content\/uploads\/2022\/09\/WhatsApp-Image-2022-09-13-at-17.54.31-1.jpeg","_links":{"self":[{"href":"https:\/\/vimagazine.com.br\/index.php?rest_route=\/wp\/v2\/posts\/6066"}],"collection":[{"href":"https:\/\/vimagazine.com.br\/index.php?rest_route=\/wp\/v2\/posts"}],"about":[{"href":"https:\/\/vimagazine.com.br\/index.php?rest_route=\/wp\/v2\/types\/post"}],"author":[{"embeddable":true,"href":"https:\/\/vimagazine.com.br\/index.php?rest_route=\/wp\/v2\/users\/18"}],"replies":[{"embeddable":true,"href":"https:\/\/vimagazine.com.br\/index.php?rest_route=%2Fwp%2Fv2%2Fcomments&post=6066"}],"version-history":[{"count":1,"href":"https:\/\/vimagazine.com.br\/index.php?rest_route=\/wp\/v2\/posts\/6066\/revisions"}],"predecessor-version":[{"id":6080,"href":"https:\/\/vimagazine.com.br\/index.php?rest_route=\/wp\/v2\/posts\/6066\/revisions\/6080"}],"wp:featuredmedia":[{"embeddable":true,"href":"https:\/\/vimagazine.com.br\/index.php?rest_route=\/wp\/v2\/media\/6069"}],"wp:attachment":[{"href":"https:\/\/vimagazine.com.br\/index.php?rest_route=%2Fwp%2Fv2%2Fmedia&parent=6066"}],"wp:term":[{"taxonomy":"category","embeddable":true,"href":"https:\/\/vimagazine.com.br\/index.php?rest_route=%2Fwp%2Fv2%2Fcategories&post=6066"},{"taxonomy":"post_tag","embeddable":true,"href":"https:\/\/vimagazine.com.br\/index.php?rest_route=%2Fwp%2Fv2%2Ftags&post=6066"}],"curies":[{"name":"wp","href":"https:\/\/api.w.org\/{rel}","templated":true}]}}