{"id":6081,"date":"2022-09-15T20:25:22","date_gmt":"2022-09-15T23:25:22","guid":{"rendered":"https:\/\/vimagazine.com.br\/?p=6081"},"modified":"2022-09-15T20:25:53","modified_gmt":"2022-09-15T23:25:53","slug":"novo-terrace-bistro-rooftop-reabre-para-quem-aprecia-exclusividade-e-alta-gastronomia","status":"publish","type":"post","link":"https:\/\/vimagazine.com.br\/?p=6081","title":{"rendered":"Novo Terrace Bistr\u00f4 Rooftop reabre para quem aprecia exclusividade e alta gastronomia"},"content":{"rendered":"\n<p><\/p>\n\n\n\n<p style=\"font-size:18px\">Um espa\u00e7o elegante, moderno e sofisticado, desenhado especialmente para clientes que apreciam a exclusividade e que desejam vivenciar as emo\u00e7\u00f5es e sensa\u00e7\u00f5es transmitidas pela alta gastronomia, este \u00e9 o novo conceito do Terrace Bistr\u00f4, o \u00fanico rooftop de Balne\u00e1rio Cambori\u00fa. E quem assina o novo layout do espa\u00e7o \u00e9 o arquiteto Geovani Capelina.&nbsp;<em>\u201cMateriais, texturas e cores que transmitem sensa\u00e7\u00f5es \u00fanicas e criam um palco para uma imers\u00e3o a alta gastronomia, onde os visitantes podem contemplar a vista emoldurada do verdadeiro Skyline de Balne\u00e1rio Cambori\u00fa\u201d,<\/em>&nbsp;fala Capelina sobre sua inspira\u00e7\u00e3o para elaborar o projeto do bistr&amp;\u00f4 c;.<\/p>\n\n\n\n<p style=\"font-size:18px\">A proposta do local \u00e9 proporcionar um ambiente quase priv\u00ea, j\u00e1 que o estabelecimento acomoda apenas 36 pessoas por noite, tornando bastante \u00edntimo. &nbsp;Com espa\u00e7os flu\u00eddos, integrados e contempor\u00e2neos, o d\u00e9cor, foi feito buscando solu\u00e7\u00f5es confort\u00e1veis, elegantes e acomodassem pequenos grupos para festas particulares, encontros empresariais ou mesmo reuni\u00f5es de neg\u00f3cios. Destaque para arejada varanda, com um charmoso balan\u00e7o para apreciar a bela vista da cidade.<\/p>\n\n\n\n<p style=\"font-size:18px\">Uma cozinha gourmet foi instalada no sal\u00e3o principal do bistr\u00f4, para que os clientes possam preparar junto com o chef o jantar para seus convidados.&nbsp;<em>\u201cA cozinha gourmet foi pensada para um jantar intimista, onde todos podem acompanhar o preparo do prato, trocar ideias, e ao mesmo tempo ter dicas de preparo, de ingredientes, um momento muito exclusivo\u201d,<\/em>&nbsp;explica Juliano Fleck, chef do Terrace.<\/p>\n\n\n\n<p style=\"font-size:18px\">Para brindar esta nova fase o Terrace Bistr\u00f4 Rooftop est\u00e1 com sua&nbsp;7\u00aa edi\u00e7\u00e3o do Restaurante 30 dias, onde oferece aos comensais uma viagem de sabores, aromas e texturas. Desta vez a inspira\u00e7\u00e3o para a cria\u00e7\u00e3o do menu veio do extremo norte da Espanha, na regi\u00e3o de Barcelona e o extremo sul dos Brasil, nas serras catarinense e ga\u00facha. O menu inicia com um convert surpresa do chef e uma ta\u00e7a de espumante Brut Rose Malbec, seguido do primeiro prato, uma paella de arroz negro com camar\u00f5es e Jam\u00f3n, segundo prato rol\u00ea de entrec\u00f4te empanado com queijo da Serra Catarinense e para encerrar a sobremesa \u00e9 um sorvete de Malbec com farofa de nozes Pecan da Serra ga\u00facha.<\/p>\n\n\n\n<p style=\"font-size:18px\">O menu Restaurante 30 dias acontecer\u00e1 todas as sextas e s\u00e1bados de setembro, \u00e9 necess\u00e1rio fazer reserva pelo fone: (47) 99917-9983. O valor por pessoa \u00e9 R$ 160,00 por pessoa.<\/p>\n\n\n\n<figure class=\"wp-container-2 wp-block-gallery-1 wp-block-gallery columns-3 is-cropped\"><ul class=\"blocks-gallery-grid\"><li class=\"blocks-gallery-item\"><figure><img width=\"719\" height=\"1024\" src=\"https:\/\/vimagazine.com.br\/wp-content\/uploads\/2022\/09\/Paella-de-arroz-negro-com-camaroes-e-Jamon-1-719x1024.jpeg\" alt=\"\" data-id=\"6084\" data-full-url=\"https:\/\/vimagazine.com.br\/wp-content\/uploads\/2022\/09\/Paella-de-arroz-negro-com-camaroes-e-Jamon-1.jpeg\" data-link=\"https:\/\/vimagazine.com.br\/?attachment_id=6084\" class=\"wp-image-6084\" srcset=\"https:\/\/vimagazine.com.br\/wp-content\/uploads\/2022\/09\/Paella-de-arroz-negro-com-camaroes-e-Jamon-1-719x1024.jpeg 719w, https:\/\/vimagazine.com.br\/wp-content\/uploads\/2022\/09\/Paella-de-arroz-negro-com-camaroes-e-Jamon-1-211x300.jpeg 211w, https:\/\/vimagazine.com.br\/wp-content\/uploads\/2022\/09\/Paella-de-arroz-negro-com-camaroes-e-Jamon-1-768x1093.jpeg 768w, https:\/\/vimagazine.com.br\/wp-content\/uploads\/2022\/09\/Paella-de-arroz-negro-com-camaroes-e-Jamon-1-1079x1536.jpeg 1079w, https:\/\/vimagazine.com.br\/wp-content\/uploads\/2022\/09\/Paella-de-arroz-negro-com-camaroes-e-Jamon-1-1024x1458.jpeg 1024w, https:\/\/vimagazine.com.br\/wp-content\/uploads\/2022\/09\/Paella-de-arroz-negro-com-camaroes-e-Jamon-1.jpeg 1124w\" sizes=\"(max-width: 719px) 100vw, 719px\" \/><\/figure><\/li><li class=\"blocks-gallery-item\"><figure><img width=\"744\" height=\"1024\" src=\"https:\/\/vimagazine.com.br\/wp-content\/uploads\/2022\/09\/Terrace-interna-744x1024.jpeg\" alt=\"\" data-id=\"6085\" data-full-url=\"https:\/\/vimagazine.com.br\/wp-content\/uploads\/2022\/09\/Terrace-interna.jpeg\" data-link=\"https:\/\/vimagazine.com.br\/?attachment_id=6085\" class=\"wp-image-6085\" srcset=\"https:\/\/vimagazine.com.br\/wp-content\/uploads\/2022\/09\/Terrace-interna-744x1024.jpeg 744w, https:\/\/vimagazine.com.br\/wp-content\/uploads\/2022\/09\/Terrace-interna-218x300.jpeg 218w, https:\/\/vimagazine.com.br\/wp-content\/uploads\/2022\/09\/Terrace-interna-768x1057.jpeg 768w, https:\/\/vimagazine.com.br\/wp-content\/uploads\/2022\/09\/Terrace-interna-1116x1536.jpeg 1116w, https:\/\/vimagazine.com.br\/wp-content\/uploads\/2022\/09\/Terrace-interna-1024x1409.jpeg 1024w, https:\/\/vimagazine.com.br\/wp-content\/uploads\/2022\/09\/Terrace-interna.jpeg 1163w\" sizes=\"(max-width: 744px) 100vw, 744px\" \/><\/figure><\/li><li class=\"blocks-gallery-item\"><figure><img width=\"621\" height=\"1024\" src=\"https:\/\/vimagazine.com.br\/wp-content\/uploads\/2022\/09\/Terrace--621x1024.jpeg\" alt=\"\" data-id=\"6086\" data-full-url=\"https:\/\/vimagazine.com.br\/wp-content\/uploads\/2022\/09\/Terrace-.jpeg\" data-link=\"https:\/\/vimagazine.com.br\/?attachment_id=6086\" class=\"wp-image-6086\" srcset=\"https:\/\/vimagazine.com.br\/wp-content\/uploads\/2022\/09\/Terrace--621x1024.jpeg 621w, https:\/\/vimagazine.com.br\/wp-content\/uploads\/2022\/09\/Terrace--182x300.jpeg 182w, https:\/\/vimagazine.com.br\/wp-content\/uploads\/2022\/09\/Terrace--768x1266.jpeg 768w, https:\/\/vimagazine.com.br\/wp-content\/uploads\/2022\/09\/Terrace--932x1536.jpeg 932w, https:\/\/vimagazine.com.br\/wp-content\/uploads\/2022\/09\/Terrace-.jpeg 970w\" sizes=\"(max-width: 621px) 100vw, 621px\" \/><\/figure><\/li><\/ul><\/figure>\n\n\n\n<p><\/p>\n\n\n\n<p><\/p>\n\n\n\n<div class=\"wp-block-image\"><figure class=\"aligncenter size-large is-resized\"><img src=\"https:\/\/vimagazine.com.br\/wp-content\/uploads\/2022\/09\/GEOVANI-CAPELINA-FOTO-BRUNO-COSTA-678x1024.jpg\" alt=\"\" class=\"wp-image-6083\" width=\"-68\" height=\"-102\" srcset=\"https:\/\/vimagazine.com.br\/wp-content\/uploads\/2022\/09\/GEOVANI-CAPELINA-FOTO-BRUNO-COSTA-678x1024.jpg 678w, https:\/\/vimagazine.com.br\/wp-content\/uploads\/2022\/09\/GEOVANI-CAPELINA-FOTO-BRUNO-COSTA-199x300.jpg 199w, https:\/\/vimagazine.com.br\/wp-content\/uploads\/2022\/09\/GEOVANI-CAPELINA-FOTO-BRUNO-COSTA-768x1159.jpg 768w, https:\/\/vimagazine.com.br\/wp-content\/uploads\/2022\/09\/GEOVANI-CAPELINA-FOTO-BRUNO-COSTA-1018x1536.jpg 1018w, https:\/\/vimagazine.com.br\/wp-content\/uploads\/2022\/09\/GEOVANI-CAPELINA-FOTO-BRUNO-COSTA-1024x1546.jpg 1024w, https:\/\/vimagazine.com.br\/wp-content\/uploads\/2022\/09\/GEOVANI-CAPELINA-FOTO-BRUNO-COSTA.jpg 1272w\" sizes=\"(max-width: 678px) 100vw, 678px\" \/><figcaption>Giovane Capelina &#8211; Foto By  Bruno Costa<\/figcaption><\/figure><\/div>\n\n\n\n<p style=\"font-size:18px\"><strong>Sobre o arquiteto<\/strong><\/p>\n\n\n\n<p style=\"font-size:18px\">Geovani Capelina \u00e9 arquiteto e urbanista e tem atua\u00e7\u00e3o multidisciplinar, com projetos resid\u00eancias e comerciais de diversas escalas em todo Brasil. \u00c9 colunista especializado em arquitetura, arte, design e tend\u00eancias para Revista Destaque D\u00e9cor. Profissional convidado para mostras, como Mostra Sul, Casa Cor Santa Catarina e Janelas Casa Cor. Foi aluno especial do Mestrado em Arquitetura pela FAUUSP. Realiza constantes aperfei\u00e7oamentos profissionais nos mais renomados centros de ensino do mundo. \u201cCriar mais do que um espa\u00e7o adequado para as pessoas, mas proporcionar uma experi\u00eancia sensorial e acolhedora\u201d, este \u00e9 o lema do arquiteto. Mais informa\u00e7\u00f5es sobre o profissional em geovanicapelina.com<\/p>\n\n\n\n<p style=\"font-size:18px\"><br>Restaurante 30 dias<br>Quando: sextas e s\u00e1bados de setembro<br>Reservas: (47) 99917-9983<br>Endere\u00e7o: Rua 1822, No. 400- cobertura \u2013 Ciaplan Empresarial<br>Balne\u00e1rio Cambori\u00fa<br>@terracerooftop<\/p>\n\n\n\n<p><\/p>\n\n\n\n<p><\/p>\n","protected":false},"excerpt":{"rendered":"<p>Um espa\u00e7o elegante, moderno e sofisticado, desenhado especialmente para clientes que apreciam a exclusividade e&#8230;<\/p>\n","protected":false},"author":1,"featured_media":6082,"comment_status":"closed","ping_status":"open","sticky":false,"template":"","format":"standard","meta":{"om_disable_all_campaigns":false,"_monsterinsights_skip_tracking":false,"_monsterinsights_sitenote_active":false,"_monsterinsights_sitenote_note":"","_monsterinsights_sitenote_category":0,"spay_email":""},"categories":[26],"tags":[],"jetpack_featured_media_url":"https:\/\/vimagazine.com.br\/wp-content\/uploads\/2022\/09\/Terrace-Bistro.jpeg","_links":{"self":[{"href":"https:\/\/vimagazine.com.br\/index.php?rest_route=\/wp\/v2\/posts\/6081"}],"collection":[{"href":"https:\/\/vimagazine.com.br\/index.php?rest_route=\/wp\/v2\/posts"}],"about":[{"href":"https:\/\/vimagazine.com.br\/index.php?rest_route=\/wp\/v2\/types\/post"}],"author":[{"embeddable":true,"href":"https:\/\/vimagazine.com.br\/index.php?rest_route=\/wp\/v2\/users\/1"}],"replies":[{"embeddable":true,"href":"https:\/\/vimagazine.com.br\/index.php?rest_route=%2Fwp%2Fv2%2Fcomments&post=6081"}],"version-history":[{"count":1,"href":"https:\/\/vimagazine.com.br\/index.php?rest_route=\/wp\/v2\/posts\/6081\/revisions"}],"predecessor-version":[{"id":6087,"href":"https:\/\/vimagazine.com.br\/index.php?rest_route=\/wp\/v2\/posts\/6081\/revisions\/6087"}],"wp:featuredmedia":[{"embeddable":true,"href":"https:\/\/vimagazine.com.br\/index.php?rest_route=\/wp\/v2\/media\/6082"}],"wp:attachment":[{"href":"https:\/\/vimagazine.com.br\/index.php?rest_route=%2Fwp%2Fv2%2Fmedia&parent=6081"}],"wp:term":[{"taxonomy":"category","embeddable":true,"href":"https:\/\/vimagazine.com.br\/index.php?rest_route=%2Fwp%2Fv2%2Fcategories&post=6081"},{"taxonomy":"post_tag","embeddable":true,"href":"https:\/\/vimagazine.com.br\/index.php?rest_route=%2Fwp%2Fv2%2Ftags&post=6081"}],"curies":[{"name":"wp","href":"https:\/\/api.w.org\/{rel}","templated":true}]}}