{"id":6088,"date":"2022-09-15T20:38:26","date_gmt":"2022-09-15T23:38:26","guid":{"rendered":"https:\/\/vimagazine.com.br\/?p=6088"},"modified":"2022-09-15T20:38:30","modified_gmt":"2022-09-15T23:38:30","slug":"coro-osvaldo-lacerda-realiza-concerto-gratuito-em-sao-paulo","status":"publish","type":"post","link":"https:\/\/vimagazine.com.br\/?p=6088","title":{"rendered":"Coro Osvaldo Lacerda realiza concerto gratuito em S\u00e3o Paulo"},"content":{"rendered":"\n<p><\/p>\n\n\n\n<p class=\"has-text-align-center\" style=\"font-size:22px\"><em><strong>O Coro Osvaldo Lacerda apresenta &#8220;Cantos de Saudade&#8221;, com pe\u00e7as corais e can\u00e7\u00f5es para voz e piano, neste domingo, em S\u00e3o Paulo, com entrada gratuita. O projeto dedicado a obras de Osvaldo Lacerda marca os 10 anos de falecimento do compositor.<\/strong><\/em><\/p>\n\n\n\n<p><\/p>\n\n\n\n<p style=\"font-size:18px\">O concerto faz parte do lan\u00e7amento do \u00e1lbum &#8220;Cantos de saudade&#8221;, primeiro registro em est\u00fadio do grupo que atua h\u00e1 8 anos na cidade de S\u00e3o Paulo. O projeto marca os 10 anos de falecimento do importante compositor brasileiro Osvaldo Lacerda (1927- 2011) com um repert\u00f3rio focado em pe\u00e7as corais e can\u00e7\u00f5es para voz e piano que at\u00e9 ent\u00e3o n\u00e3o possu\u00edam registro anterior de f\u00e1cil acesso, contribuindo assim para a difus\u00e3o da obra deste importante nome da m\u00fasica coral brasileira.<\/p>\n\n\n\n<p style=\"font-size:18px\">No repert\u00f3rio do \u00e1lbum o p\u00fablico \u00e9 convidado a um passeio sonoro onde os limites entre a m\u00fasica de concerto e o cancioneiro popular se entrela\u00e7am. A obra do compositor nos faz caminhar por &#8220;marchas-rancho&#8221;, &#8220;lundus&#8221;, &#8220;cateret\u00eas&#8221;, &#8220;congadas&#8221;, &#8220;serestas&#8221; e &#8220;bai\u00f5es&#8221; entre muitos outros ritmos oriundos das diferentes regi\u00f5es do pa\u00eds. Outro tra\u00e7o marcante nas obras escolhidas \u00e9 a \u00eanfase textual na estrutura da composi\u00e7\u00e3o. Lacerda serviu-se de uma imensa gama de formas liter\u00e1rias para criar sua m\u00fasica vocal. Ao longo do repert\u00f3rio passamos por poemas, trovas e prov\u00e9rbios que nos cantam amores, saudades, festas, lirismos e sabedorias populares.<\/p>\n\n\n\n<p style=\"font-size:18px\">O pr\u00f3ximo concerto acontecer\u00e1 em S\u00e3o Paulo, no dia 18 de setembro, no Teatro S\u00e9rgio Cardoso. Os ingressos para assistir ao espet\u00e1culo s\u00e3o gratuitos. A a\u00e7\u00e3o \u00e9 parte das atividades do projeto &#8220;Osvaldo Lacerda \u2013 10 anos de Saudade&#8221; com apoio do PROAC, Governo do Estado de S\u00e3o Paulo e Secret\u00e1ria de Cultura do Estado de S\u00e3o Paulo.<\/p>\n\n\n\n<p><\/p>\n\n\n\n<p><em>Concerto lan\u00e7amento do \u00e1lbum &#8220;Cantos de saudade&#8221; &#8211; Coro Osvaldo Lacerda<\/em><\/p>\n\n\n\n<p><strong>S\u00e3o Paulo<\/strong><\/p>\n\n\n\n<p>18 de setembro, \u00e0s 20h<\/p>\n\n\n\n<p>Teatro S\u00e9rgio Cardoso &#8211; R. Rui Barbosa, 153 &#8211; Bela Vista, S\u00e3o Paulo &#8211; SP<\/p>\n\n\n\n<p>Entrada gratuita<\/p>\n\n\n\n<p>Reservas:&nbsp;<a href=\"https:\/\/bileto.sympla.com.br\/event\/76750\" target=\"_blank\" rel=\"noreferrer noopener\">https:\/\/bileto.sympla.com.br\/event\/76750<\/a><\/p>\n\n\n\n<p>Classifica\u00e7\u00e3o: Livre<\/p>\n\n\n\n<p>Dura\u00e7\u00e3o: 60 minutos<\/p>\n\n\n\n<p class=\"has-medium-font-size\"><strong>Sobre o Coro Osvaldo Lacerda<\/strong><\/p>\n\n\n\n<p style=\"font-size:18px\">Sob a reg\u00eancia de Bruno Costa, o Coro Osvaldo Lacerda atua de maneira ativa desde 2014 na cidade de S\u00e3o Paulo como um coro-escola. Possui um n\u00facleo de m\u00fasicos profissionais que disponibilizam \u00e0 comunidade aulas de teoria musical, t\u00e9cnica vocal e pr\u00e1tica de repert\u00f3rio com o objetivo de difundir a m\u00fasica coral na cidade.<\/p>\n\n\n\n<p class=\"has-medium-font-size\"><strong>Sobre Osvaldo Lacerda<\/strong><\/p>\n\n\n\n<p style=\"font-size:18px\">Osvaldo Lacerda (S\u00e3o Paulo, 1927, S\u00e3o Paulo, 2011) foi um grande compositor e professor de m\u00fasica brasileiro. Influenciado pelas ideias de Camargo Guarnieri (1907- 1993) e M\u00e1rio de Andrade (1893- 1945) comp\u00f4s sua m\u00fasica fortemente inspirado nas sonoridades populares. A m\u00fasica produzida por Osvaldo Lacerda toma como refer\u00eancia elementos de diferentes manifesta\u00e7\u00f5es culturais do pa\u00eds para desenvolv\u00ea-los em uma obra de grande dom\u00ednio t\u00e9cnico e estil\u00edstico, sendo sem d\u00favidas um dos maiores compositores brasileiros de sua gera\u00e7\u00e3o tendo deixado mais de 200 obras instrumentais e mais de 50 pe\u00e7as corais.<\/p>\n","protected":false},"excerpt":{"rendered":"<p>O Coro Osvaldo Lacerda apresenta &#8220;Cantos de Saudade&#8221;, com pe\u00e7as corais e can\u00e7\u00f5es para voz&#8230;<\/p>\n","protected":false},"author":1,"featured_media":6089,"comment_status":"closed","ping_status":"open","sticky":false,"template":"","format":"standard","meta":{"om_disable_all_campaigns":false,"_monsterinsights_skip_tracking":false,"_monsterinsights_sitenote_active":false,"_monsterinsights_sitenote_note":"","_monsterinsights_sitenote_category":0,"spay_email":""},"categories":[26],"tags":[],"jetpack_featured_media_url":"https:\/\/vimagazine.com.br\/wp-content\/uploads\/2022\/09\/306615967_1708447879528952_7376096547044234370_n.jpg","_links":{"self":[{"href":"https:\/\/vimagazine.com.br\/index.php?rest_route=\/wp\/v2\/posts\/6088"}],"collection":[{"href":"https:\/\/vimagazine.com.br\/index.php?rest_route=\/wp\/v2\/posts"}],"about":[{"href":"https:\/\/vimagazine.com.br\/index.php?rest_route=\/wp\/v2\/types\/post"}],"author":[{"embeddable":true,"href":"https:\/\/vimagazine.com.br\/index.php?rest_route=\/wp\/v2\/users\/1"}],"replies":[{"embeddable":true,"href":"https:\/\/vimagazine.com.br\/index.php?rest_route=%2Fwp%2Fv2%2Fcomments&post=6088"}],"version-history":[{"count":1,"href":"https:\/\/vimagazine.com.br\/index.php?rest_route=\/wp\/v2\/posts\/6088\/revisions"}],"predecessor-version":[{"id":6090,"href":"https:\/\/vimagazine.com.br\/index.php?rest_route=\/wp\/v2\/posts\/6088\/revisions\/6090"}],"wp:featuredmedia":[{"embeddable":true,"href":"https:\/\/vimagazine.com.br\/index.php?rest_route=\/wp\/v2\/media\/6089"}],"wp:attachment":[{"href":"https:\/\/vimagazine.com.br\/index.php?rest_route=%2Fwp%2Fv2%2Fmedia&parent=6088"}],"wp:term":[{"taxonomy":"category","embeddable":true,"href":"https:\/\/vimagazine.com.br\/index.php?rest_route=%2Fwp%2Fv2%2Fcategories&post=6088"},{"taxonomy":"post_tag","embeddable":true,"href":"https:\/\/vimagazine.com.br\/index.php?rest_route=%2Fwp%2Fv2%2Ftags&post=6088"}],"curies":[{"name":"wp","href":"https:\/\/api.w.org\/{rel}","templated":true}]}}