{"id":6091,"date":"2022-09-16T01:04:05","date_gmt":"2022-09-16T04:04:05","guid":{"rendered":"https:\/\/vimagazine.com.br\/?p=6091"},"modified":"2022-09-16T01:04:09","modified_gmt":"2022-09-16T04:04:09","slug":"gardenia-cavalcanti-recebe-daniel-del-sarto-e-bia-ben-no-palco-do-vem-com-a-gente","status":"publish","type":"post","link":"https:\/\/vimagazine.com.br\/?p=6091","title":{"rendered":"Gard\u00eania Cavalcanti recebe Daniel Del Sarto e Bia Ben no palco do \u201cVem Com A Gente\u201d"},"content":{"rendered":"\n<p>Nesta quarta feira (14) os artistas convidados foram o ator e cantor Daniel Del Sarto e a influencer digital Bia Bem. A modelo teve sucesso inesperado depois de um drama familiar,Anna Beatriz Pereira Rodrigues, uma jovem carioca de 20 anos, conhecida artisticamente como Bia Ben \u2018viralizou\u2019 nas redes sociais. A fama inesperada chegou depois que Bia compartilhou um momento dif\u00edcil que passou em sua vida. Com apenas tr\u00eas meses ap\u00f3s o nascimento de seu filho Benjamim, a jovem perdeu o marido de vinte e seis anos, brutalmente assassinado no Rio de Janeiro.Em meio ao luto, Bia entrou em uma depress\u00e3o profunda. Sem energia para nada, perdeu a vontade de viver e, diante desse momento, afirma ter encontrado em Deus e no filho for\u00e7as para continuar. Bia n\u00e3o esperava que teria um v\u00eddeo seu cantando ao lado do filho Benjamin, repostado no feed do ator e diretor L\u00e1zaro Ramos. A partir daquela postagem, as portas da visibilidade digital se abriram. \u201cO L\u00e1zaro Ramos, n\u00e3o sabe, mas ele \u00e9 o meu padrinho. Ele foi a pessoa que Deus usou pra abrir as portas nesse mundo da Internet pra mim\u201d, diz Bia. A partir da\u00ed a jovem vem crescendo na carreira de influencer.<\/p>\n\n\n\n<figure class=\"wp-container-2 wp-block-gallery-1 wp-block-gallery columns-2 is-cropped\"><ul class=\"blocks-gallery-grid\"><li class=\"blocks-gallery-item\"><figure><img width=\"768\" height=\"1024\" src=\"https:\/\/vimagazine.com.br\/wp-content\/uploads\/2022\/09\/WhatsApp-Image-2022-09-15-at-15.56.46.jpeg\" alt=\"\" data-id=\"6095\" data-full-url=\"https:\/\/vimagazine.com.br\/wp-content\/uploads\/2022\/09\/WhatsApp-Image-2022-09-15-at-15.56.46.jpeg\" data-link=\"https:\/\/vimagazine.com.br\/?attachment_id=6095\" class=\"wp-image-6095\" srcset=\"https:\/\/vimagazine.com.br\/wp-content\/uploads\/2022\/09\/WhatsApp-Image-2022-09-15-at-15.56.46.jpeg 768w, https:\/\/vimagazine.com.br\/wp-content\/uploads\/2022\/09\/WhatsApp-Image-2022-09-15-at-15.56.46-225x300.jpeg 225w\" sizes=\"(max-width: 768px) 100vw, 768px\" \/><\/figure><\/li><li class=\"blocks-gallery-item\"><figure><img width=\"768\" height=\"1024\" src=\"https:\/\/vimagazine.com.br\/wp-content\/uploads\/2022\/09\/WhatsApp-Image-2022-09-15-at-15.56.46-2-768x1024.jpeg\" alt=\"\" data-id=\"6093\" data-full-url=\"https:\/\/vimagazine.com.br\/wp-content\/uploads\/2022\/09\/WhatsApp-Image-2022-09-15-at-15.56.46-2.jpeg\" data-link=\"https:\/\/vimagazine.com.br\/?attachment_id=6093\" class=\"wp-image-6093\" srcset=\"https:\/\/vimagazine.com.br\/wp-content\/uploads\/2022\/09\/WhatsApp-Image-2022-09-15-at-15.56.46-2-768x1024.jpeg 768w, https:\/\/vimagazine.com.br\/wp-content\/uploads\/2022\/09\/WhatsApp-Image-2022-09-15-at-15.56.46-2-225x300.jpeg 225w, https:\/\/vimagazine.com.br\/wp-content\/uploads\/2022\/09\/WhatsApp-Image-2022-09-15-at-15.56.46-2-1152x1536.jpeg 1152w, https:\/\/vimagazine.com.br\/wp-content\/uploads\/2022\/09\/WhatsApp-Image-2022-09-15-at-15.56.46-2-1024x1365.jpeg 1024w, https:\/\/vimagazine.com.br\/wp-content\/uploads\/2022\/09\/WhatsApp-Image-2022-09-15-at-15.56.46-2.jpeg 1200w\" sizes=\"(max-width: 768px) 100vw, 768px\" \/><\/figure><\/li><\/ul><\/figure>\n\n\n\n<p>Daniel Del Sarto, cantor, compositor e ator, fez seu primeiro sucesso nacional no seriado &#8220;Sandy &amp; J\u00fanior&#8221; (TV Globo), Daniel fez in\u00fameros trabalhos na TV como &#8220;Desejos de Mulher&#8221;, em 2002.<br>Em seguida, em 2003, estrelou a novela &#8220;Kubanacan&#8221;, &#8220;Malha\u00e7\u00e3o&#8221; em 2005. Daniel se consolidou \u00e0 frente de seu papel mais longevo na TV brasileira.<br>Ao lado de Renato Arag\u00e3o, o Didi, interpretou o personagem Daniel em &#8220;A Turma do Didi&#8221; e &#8220;As Aventuras do Didi&#8221;. Na sequ\u00eancia fez &#8220;Insensato Cora\u00e7\u00e3o&#8221;Daniel Del Sarto \u00e9 conhecido por seus trabalhos na TV, mas para al\u00e9m da carreira de ator, o artista possui uma carreira consolidada na m\u00fasica. Apresentando faixas autorais, que seguem um trabalho estruturado, o artista lan\u00e7a nesta sexta (18) o clipe de &#8220;Quero Voc\u00ea&#8221;, uma parceria com Brunno, compositor de Porto Alegre, no Rio Grande do Sul.<\/p>\n\n\n\n<p>O clipe de &#8220;No Pasa Nada&#8221;, gravado em Miami, \u00e9 dirigido pelo pr\u00f3prio artista. Al\u00e9m disso, conta com a participa\u00e7\u00e3o de Fl\u00e1via Monteiro. Fl\u00e1via, amiga de longa data do cantor, que encarna uma mulher efervescente e que domina o parceiro. Em uma s\u00e1tira muito bem contada, Daniel encarna o &#8220;Carioca Latino&#8221;, um cara descolado e brincalh\u00e3o, que coleciona risadas por onde passa.<\/p>\n\n\n\n<div class=\"wp-block-image\"><figure class=\"aligncenter size-large is-resized\"><img src=\"https:\/\/vimagazine.com.br\/wp-content\/uploads\/2022\/09\/WhatsApp-Image-2022-09-15-at-15.56.46-3-768x1024.jpeg\" alt=\"\" class=\"wp-image-6092\" width=\"549\" height=\"732\" srcset=\"https:\/\/vimagazine.com.br\/wp-content\/uploads\/2022\/09\/WhatsApp-Image-2022-09-15-at-15.56.46-3-768x1024.jpeg 768w, https:\/\/vimagazine.com.br\/wp-content\/uploads\/2022\/09\/WhatsApp-Image-2022-09-15-at-15.56.46-3-225x300.jpeg 225w, https:\/\/vimagazine.com.br\/wp-content\/uploads\/2022\/09\/WhatsApp-Image-2022-09-15-at-15.56.46-3-1152x1536.jpeg 1152w, https:\/\/vimagazine.com.br\/wp-content\/uploads\/2022\/09\/WhatsApp-Image-2022-09-15-at-15.56.46-3-1024x1365.jpeg 1024w, https:\/\/vimagazine.com.br\/wp-content\/uploads\/2022\/09\/WhatsApp-Image-2022-09-15-at-15.56.46-3.jpeg 1200w\" sizes=\"(max-width: 549px) 100vw, 549px\" \/><\/figure><\/div>\n\n\n\n<p>O programa das tardes da Band Rio \u00e9 exibido ao vivo, de segunda a sexta-feira, das 13h30 \u00e0s 14h30. O programa ao vivo \u00e9 exibido para todo o estado do Rio de Janeiro atrav\u00e9s da Band Rio e para todo o Brasil e mundo atrav\u00e9s do canal do \u201cVem com a Gente\u201d no YouTube da Band Rio: Vem com a Gente \u2013 YouTube.<\/p>\n","protected":false},"excerpt":{"rendered":"<p>Nesta quarta feira (14) os artistas convidados foram o ator e cantor Daniel Del Sarto&#8230;<\/p>\n","protected":false},"author":18,"featured_media":6094,"comment_status":"closed","ping_status":"open","sticky":false,"template":"","format":"standard","meta":{"om_disable_all_campaigns":false,"_monsterinsights_skip_tracking":false,"_monsterinsights_sitenote_active":false,"_monsterinsights_sitenote_note":"","_monsterinsights_sitenote_category":0,"spay_email":""},"categories":[1],"tags":[360,427,288,354,352,159,358],"jetpack_featured_media_url":"https:\/\/vimagazine.com.br\/wp-content\/uploads\/2022\/09\/WhatsApp-Image-2022-09-15-at-15.56.46-1.jpeg","_links":{"self":[{"href":"https:\/\/vimagazine.com.br\/index.php?rest_route=\/wp\/v2\/posts\/6091"}],"collection":[{"href":"https:\/\/vimagazine.com.br\/index.php?rest_route=\/wp\/v2\/posts"}],"about":[{"href":"https:\/\/vimagazine.com.br\/index.php?rest_route=\/wp\/v2\/types\/post"}],"author":[{"embeddable":true,"href":"https:\/\/vimagazine.com.br\/index.php?rest_route=\/wp\/v2\/users\/18"}],"replies":[{"embeddable":true,"href":"https:\/\/vimagazine.com.br\/index.php?rest_route=%2Fwp%2Fv2%2Fcomments&post=6091"}],"version-history":[{"count":1,"href":"https:\/\/vimagazine.com.br\/index.php?rest_route=\/wp\/v2\/posts\/6091\/revisions"}],"predecessor-version":[{"id":6096,"href":"https:\/\/vimagazine.com.br\/index.php?rest_route=\/wp\/v2\/posts\/6091\/revisions\/6096"}],"wp:featuredmedia":[{"embeddable":true,"href":"https:\/\/vimagazine.com.br\/index.php?rest_route=\/wp\/v2\/media\/6094"}],"wp:attachment":[{"href":"https:\/\/vimagazine.com.br\/index.php?rest_route=%2Fwp%2Fv2%2Fmedia&parent=6091"}],"wp:term":[{"taxonomy":"category","embeddable":true,"href":"https:\/\/vimagazine.com.br\/index.php?rest_route=%2Fwp%2Fv2%2Fcategories&post=6091"},{"taxonomy":"post_tag","embeddable":true,"href":"https:\/\/vimagazine.com.br\/index.php?rest_route=%2Fwp%2Fv2%2Ftags&post=6091"}],"curies":[{"name":"wp","href":"https:\/\/api.w.org\/{rel}","templated":true}]}}