{"id":6109,"date":"2022-09-21T04:16:01","date_gmt":"2022-09-21T07:16:01","guid":{"rendered":"https:\/\/vimagazine.com.br\/?p=6109"},"modified":"2022-09-21T04:22:24","modified_gmt":"2022-09-21T07:22:24","slug":"andrea-matarazzo-fala-sobre-a-sua-candidatura-ao-senado-na-italia","status":"publish","type":"post","link":"https:\/\/vimagazine.com.br\/?p=6109","title":{"rendered":"Andrea Matarazzo fala sobre a sua candidatura ao Senado na It\u00e1lia"},"content":{"rendered":"\n<p><\/p>\n\n\n\n<p><strong>Andrea Matarazzo<\/strong> \u00e9 professor, administrador, diplomata, empres\u00e1rio, radialista, pol\u00edtico foi embaixador do Brasil na It\u00e1lia, ministro e possui vasta experi\u00eancia nas \u00e1reas p\u00fablica e privada.<\/p>\n\n\n\n<p>\u00a0\u00a0\u00a0\u00a0 Para falar sobre a sua candidatura ao Senado na It\u00e1lia entre outros assuntos, que eu entrevistei com exclusividade, <strong>Andrea Matarazzo<\/strong>. No per\u00edodo em que chefiou a Embaixada do Brasil em Roma, Andrea Matarazzo, promoveu interc\u00e2mbios empresariais, incentivando o com\u00e9rcio entre os dois pa\u00edses e fortalecendo a inova\u00e7\u00e3o e compet\u00eancia t\u00e9cnica das institui\u00e7\u00f5es. Levou o ent\u00e3o presidente Fernando Henrique Cardoso duas vezes \u00e0 It\u00e1lia, onde assinou acordos e tratados. Presidente da Matarazzo Holding e diretor da <strong>Fiesp<\/strong>, Matarazzo tem mais de 30 anos de vida p\u00fablica e atuou nos governos Federal, Estadual e Municipal. Por tantos servi\u00e7os prestados, recebeu honrarias como Ordem do Rio Branco (Grau Gr\u00e3 Cruz), Gran Oficial Infante Dom Henrique (Governo de Portugal) e Grande Ufficiale (M\u00e9rito da Rep\u00fablica Italiana). Ministro da Comunica\u00e7\u00e3o no governo FHC, no estado de S\u00e3o Paulo foi secret\u00e1rio de Estado de Energia, secret\u00e1rio de Cultura e presidente da Companhia Energ\u00e9tica de S\u00e3o Paulo (<strong>Cesp<\/strong>). No munic\u00edpio, foi subprefeito da S\u00e9; secret\u00e1rio Municipal de Servi\u00e7os, secret\u00e1rio das Subprefeituras e vereador.<\/p>\n\n\n\n<p><strong><em>Quando e o que o motivou a querer disputar uma vaga no senado italiano?<\/em><\/strong><\/p>\n\n\n\n<p>&nbsp;<strong>R:<\/strong> Como cidad\u00e3o italiano, participar do mais antigo Senado da democracia \u00e9 sempre um grande orgulho, principalmente para um bisneto de imigrantes cujo bisav\u00f4 foi senador vital\u00edcio, como foi o caso do Andrea Matarazzo, que teve o t\u00edtulo outorgado pelo rei Vittorio Emanuele por servi\u00e7os presados na primeira guerra. Mas a principal raz\u00e3o foi o apelo de v\u00e1rios amigos e entidades da comunidade italiana, insistindo que era importante a uni\u00e3o dos candidatos a deputado e a senador do Brasil para mostrar que a Am\u00e9rica do Sul tem capacidade de ter representantes no Congresso italiano com qualifica\u00e7\u00e3o \u00e0 altura dos descendentes italianos sul-americanos, com compet\u00eancia e experi\u00eancia. Por isso sou candidato ao Senado junto com o soci\u00f3logo Fabio Porta, candidato a deputado.<\/p>\n\n\n\n<p><strong><em>Quais os principais projetos que o senhor tem para implementar se eleito senador na It\u00e1lia no tocante a nacionalidade, interc\u00e2mbio, vistos etc etc?<\/em><\/strong><\/p>\n\n\n\n<p>&nbsp;<strong>R: <\/strong>S\u00e3o v\u00e1rias. Seguem as principais:<\/p>\n\n\n\n<p>* <strong>Servi\u00e7os consulares<\/strong> \u2013 Ajustar a legisla\u00e7\u00e3o para que os consulados atendam de forma \u00e1gil e eficiente a enorme demanda por cidadania italiana, renova\u00e7\u00e3o de passaportes e outros temas de interesse dos cidad\u00e3os italianos no exterior. Cria\u00e7\u00e3o de novos consulados em Vit\u00f3ria (ES), Florian\u00f3polis (SC), Campinas, Santos e Ribeir\u00e3o Preto (SP);<\/p>\n\n\n\n<p>* <strong>Voos <\/strong>\u2013 Ampliar o n\u00famero de voos entre It\u00e1lia e Am\u00e9rica do Sul;<\/p>\n\n\n\n<p>* <strong>Canais de comunica\u00e7\u00e3o<\/strong> \u2013 Criar canais de informa\u00e7\u00f5es para que os cidad\u00e3os italianos que moram no exterior tenham mais informa\u00e7\u00f5es a respeito de seu pa\u00eds de origem, como oportunidades de estudos, cursos, empregos, benef\u00edcios a que t\u00eam direito, al\u00e9m da divulga\u00e7\u00e3o constante da hist\u00f3ria e dos valores da It\u00e1lia e de seu povo;<\/p>\n\n\n\n<p>* <strong>Turismo<\/strong> \u2013 Levar aos italianos fora da It\u00e1lia a imensa variedade de eventos hist\u00f3ricos e culturais que existem em todas as regi\u00f5es da It\u00e1lia, para que as comunidades conhe\u00e7am melhor a suas origens, as do seu pa\u00eds e sua hist\u00f3ria. Mais: mostrar de forma mais precisa e f\u00e1cil&nbsp;o que existe nos pa\u00edses fora da It\u00e1lia, incrementando o turismo;<\/p>\n\n\n\n<p>* <strong>Bolsas de estudo<\/strong> \u2013 Grande programa de interc\u00e2mbio para que jovens italianos possam realizar um per\u00edodo de estudo na Am\u00e9rica do Sul. Incentivar est\u00e1gios e concursos junto a empresas, gerando oportunidades de trabalho;<\/p>\n\n\n\n<p>* <strong>Cursos<\/strong> &#8211; Facilitar o reconhecimento de cursos brasileiros&nbsp;na It\u00e1lia&nbsp;e vice-versa, de forma que os jovens cidad\u00e3os italianos fora do pa\u00eds tenham seus curr\u00edculos reconhecidos para poderem exercer suas profiss\u00f5es&nbsp;aqui e l\u00e1, abrindo uma enorme oportunidade de empregos e acesso a toda Europa;<\/p>\n\n\n\n<p>* <strong>Pequenas e m\u00e9dias empresas<\/strong> \u2013 Compatibilizar e simplificar a legisla\u00e7\u00e3o de forma a permitir com mais facilidade a parceria entre as m\u00e9dias,&nbsp;pequenas e microempresas italianas e brasileiras, visando incrementar troca de tecnologia,&nbsp;associa\u00e7\u00f5es, investimentos e aproveitar benef\u00edcios dos dois pa\u00edses;<\/p>\n\n\n\n<p>* <strong>Incentivos fiscais<\/strong> &#8211; Adequar lei de incentivos fiscais para possibilitar que as empresas implantadas na It\u00e1lia alcancem o benef\u00edcio&nbsp;ao patrocinar projetos culturais de interesse da It\u00e1lia mesmo fora do pa\u00eds, como projetos de restauro de edif\u00edcios&nbsp;hist\u00f3ricos de autoria de italianos e constru\u00eddos no exterior.<\/p>\n\n\n\n<p><strong><em>Quais os crit\u00e9rios para se ocupar uma vaga no senado italiano?<\/em><\/strong><\/p>\n\n\n\n<p>&nbsp; <strong>R: <\/strong>Desde 2006, o Senado italiano conta com representantes da comunidade italiana espalhados por todo o planeta. Aqui na Am\u00e9rica do Sul n\u00e3o \u00e9 diferente: todo cidad\u00e3o italiano tem direito a votar em qualquer pleito nacional da It\u00e1lia. Neste ano, vamos eleger dois deputados e um senador. O cidad\u00e3o italiano recebe da embaixada\/consulados, em seu endere\u00e7o, um envelope j\u00e1 selado contendo a c\u00e9dula de vota\u00e7\u00e3o, que deve ser enviada pelo correio ou pessoalmente no consulado at\u00e9 o dia 22 de setembro. No caso voc\u00ea deve fazer um X no PD (Partido Democr\u00e1tico) e escrever Matarazzo na c\u00e9dula de senador (verde) e Porta para deputado (c\u00e9duls).<\/p>\n\n\n\n<p><strong><em>Como o senhor analisa o atual cen\u00e1rio pol\u00edtico do Brasil?<\/em><\/strong><\/p>\n\n\n\n<p>&nbsp;<strong>R: <\/strong>Tenho minha opini\u00e3o, mas prefiro deixar para tratar, nesta ocasi\u00e3o, apenas da elei\u00e7\u00e3o na It\u00e1lia, que \u00e9 o foco de meus esfor\u00e7os no momento.<\/p>\n\n\n\n<p><strong><em>Como o senhor classifica ou avalia o impacto do fen\u00f4meno das \u201cfake news\u201d no Brasil e no mundo e, quais os caminhos para se combat\u00ea-las?<\/em><\/strong><\/p>\n\n\n\n<p>&nbsp;<strong>R: <\/strong>Infelizmente este \u00e9 um fen\u00f4meno mundial, que s\u00f3 traz preju\u00edzo para a popula\u00e7\u00e3o. Na minha campanha tamb\u00e9m enfrento fake news. Elas est\u00e3o por toda parte. \u00c9 lament\u00e1vel. Muito j\u00e1 est\u00e1 se fazendo para combat\u00ea-las. O TSE, por exemplo, tem adotado v\u00e1rias iniciativas nesse sentido.<\/p>\n\n\n\n<p><strong><em>&nbsp;Quais s\u00e3o as p\u00e1ginas em que as pessoas podem acompanhar os seus projetos e sua candidatura ao senado italiano?<\/em><\/strong><\/p>\n\n\n\n<p>&nbsp;<strong>R: <\/strong>Meus endere\u00e7os s\u00e3o:<\/p>\n\n\n\n<p><strong>Site<\/strong>: <a href=\"https:\/\/matarazzosenatore.com\">https:\/\/matarazzosenatore.com<\/a><\/p>\n\n\n\n<p><strong>Facebook<\/strong>: <a href=\"https:\/\/www.facebook.com\/AAndreaMatarazzo\">https:\/\/www.facebook.com\/AAndreaMatarazzo<\/a><\/p>\n\n\n\n<p><strong>Instagram<\/strong>: <a href=\"https:\/\/www.instagram.com\/andreamatarazzo\/\">https:\/\/www.instagram.com\/andreamatarazzo\/<\/a><\/p>\n\n\n\n<p><strong><em>Quais as suas considera\u00e7\u00f5es finais?<\/em><\/strong><\/p>\n\n\n\n<p>&nbsp;<strong>R: <\/strong>Sou \u00edtalo-brasileiro, descendente de uma fam\u00edlia de italianos que chegou em S\u00e3o Paulo em 1881 e criou o maior parque industrial da Am\u00e9rica Latina. Tenho paix\u00e3o pela It\u00e1lia e boa parte da minha fam\u00edlia mora l\u00e1. Al\u00e9m disso, tive a honra de ter sido embaixador do Brasil em Roma. Tenho experi\u00eancia tanto na vida p\u00fablica quanto na vida privada. Com a trajet\u00f3ria de mais de 30 anos de vida p\u00fablica e tendo sido embaixador, ministro, secret\u00e1rio estadual e municipal, vereador, me sinto qualificado para trabalhar na aproxima\u00e7\u00e3o da It\u00e1lia com os italianos que est\u00e3o fora da Europa, especificamente os da Am\u00e9rica do Sul. H\u00e1 muito o que fazer para aproximar essa popula\u00e7\u00e3o, trazendo benef\u00edcios para a It\u00e1lia e para esses italianos. E eu estou preparado para essa miss\u00e3o.<\/p>\n","protected":false},"excerpt":{"rendered":"<p>Andrea Matarazzo \u00e9 professor, administrador, diplomata, empres\u00e1rio, radialista, pol\u00edtico foi embaixador do Brasil na It\u00e1lia,&#8230;<\/p>\n","protected":false},"author":2,"featured_media":6110,"comment_status":"closed","ping_status":"open","sticky":false,"template":"","format":"standard","meta":{"om_disable_all_campaigns":false,"_monsterinsights_skip_tracking":false,"_monsterinsights_sitenote_active":false,"_monsterinsights_sitenote_note":"","_monsterinsights_sitenote_category":0,"spay_email":""},"categories":[31],"tags":[430,432,431],"jetpack_featured_media_url":"https:\/\/vimagazine.com.br\/wp-content\/uploads\/2022\/09\/50a72ad0-5c69-498e-bebd-7adf10bc4e81.jpg","_links":{"self":[{"href":"https:\/\/vimagazine.com.br\/index.php?rest_route=\/wp\/v2\/posts\/6109"}],"collection":[{"href":"https:\/\/vimagazine.com.br\/index.php?rest_route=\/wp\/v2\/posts"}],"about":[{"href":"https:\/\/vimagazine.com.br\/index.php?rest_route=\/wp\/v2\/types\/post"}],"author":[{"embeddable":true,"href":"https:\/\/vimagazine.com.br\/index.php?rest_route=\/wp\/v2\/users\/2"}],"replies":[{"embeddable":true,"href":"https:\/\/vimagazine.com.br\/index.php?rest_route=%2Fwp%2Fv2%2Fcomments&post=6109"}],"version-history":[{"count":2,"href":"https:\/\/vimagazine.com.br\/index.php?rest_route=\/wp\/v2\/posts\/6109\/revisions"}],"predecessor-version":[{"id":6112,"href":"https:\/\/vimagazine.com.br\/index.php?rest_route=\/wp\/v2\/posts\/6109\/revisions\/6112"}],"wp:featuredmedia":[{"embeddable":true,"href":"https:\/\/vimagazine.com.br\/index.php?rest_route=\/wp\/v2\/media\/6110"}],"wp:attachment":[{"href":"https:\/\/vimagazine.com.br\/index.php?rest_route=%2Fwp%2Fv2%2Fmedia&parent=6109"}],"wp:term":[{"taxonomy":"category","embeddable":true,"href":"https:\/\/vimagazine.com.br\/index.php?rest_route=%2Fwp%2Fv2%2Fcategories&post=6109"},{"taxonomy":"post_tag","embeddable":true,"href":"https:\/\/vimagazine.com.br\/index.php?rest_route=%2Fwp%2Fv2%2Ftags&post=6109"}],"curies":[{"name":"wp","href":"https:\/\/api.w.org\/{rel}","templated":true}]}}