{"id":6128,"date":"2022-09-22T13:15:42","date_gmt":"2022-09-22T16:15:42","guid":{"rendered":"https:\/\/vimagazine.com.br\/?p=6128"},"modified":"2022-09-22T13:15:47","modified_gmt":"2022-09-22T16:15:47","slug":"livro-aborda-desprezo-e-abandono-na-velhice","status":"publish","type":"post","link":"https:\/\/vimagazine.com.br\/?p=6128","title":{"rendered":"Livro aborda desprezo e abandono na velhice"},"content":{"rendered":"\n<p>Jasmins<em>, de Claudia Nina, \u00e9 uma das poucas obras liter\u00e1rias que abordam temas como a velhice, a senilidade e o desamparo<\/em><em><\/em><\/p>\n\n\n\n<p>A popula\u00e7\u00e3o brasileira est\u00e1 mudando de perfil e vivendo mais. Os efeitos dessa transforma\u00e7\u00e3o entre os idosos e o debate sobre o futuro deles est\u00e3o retratados em um livro de fic\u00e7\u00e3o que narra o avan\u00e7o da velhice em um universo profissional ainda pouco percebido: o dos cuidadores de idosos, muitas vezes relegados eles mesmos ao abandono para executar seu trabalho.<\/p>\n\n\n\n<p><em>Jasmins&nbsp;<\/em>(176 p., R$ 44,90), da escritora Claudia Nina, \u00e9 uma obra lan\u00e7ada pela Editora Maralto, que pertence ao grupo Arco Educa\u00e7\u00e3o, e aborda a terceira idade sob o prisma de uma casa de repouso administrada por pretensos filantropos, nem sempre sens\u00edveis ao duro cotidiano do local.<\/p>\n\n\n\n<p>A a\u00e7\u00e3o recai sobre os funcion\u00e1rios, estes sim, mais diretamente ligados ao dia a dia da institui\u00e7\u00e3o, batizada sem rodeios desde as primeiras p\u00e1ginas de \u201cdep\u00f3sito\u201d.&nbsp;<\/p>\n\n\n\n<p>O livro ser\u00e1 lan\u00e7ado no dia 22 de setembro, a partir das 19h, na Livraria da Travessa [rua Volunt\u00e1rios da P\u00e1tria, 97, Botafogo, Rio de Janeiro], com entrada franca.<\/p>\n\n\n\n<p><strong>Descaso<\/strong><strong><\/strong><\/p>\n\n\n\n<p>A autora chama a aten\u00e7\u00e3o para uma realidade que n\u00e3o pede licen\u00e7a para se estabelecer e que n\u00e3o encontra a devida contrapartida dos agentes envolvidos. O texto mostra um universo contradit\u00f3rio: falta a\u00e7\u00e3o e sobram problemas \u00e0 medida que parcela crescente de idosos se faz presente entre n\u00f3s.<\/p>\n\n\n\n<p>\u201cMais uma vez, a arte serve para denunciar o que se passa no mundo real. O aumento da expectativa de vida joga ainda mais luz sobre uma discuss\u00e3o que deveria ser prioridade nas pol\u00edticas p\u00fablicas; se no ano 2000 um brasileiro vivia at\u00e9 os 69,8 anos, em 2021 a faixa et\u00e1ria chegou aos 76,8 anos, segundo o Instituto Brasileiro de Geografia e Estat\u00edstica (IBGE)\u201d, conta a autora.<\/p>\n\n\n\n<p>Os n\u00fameros sobre essa popula\u00e7\u00e3o em escala ascendente s\u00e3o suficientes para balizar uma esp\u00e9cie de grito de socorro, que o livro tece ao longo das 176 p\u00e1ginas de forma po\u00e9tica, mas tamb\u00e9m contundente para denunciar o problema, que envolve a solid\u00e3o em que os pr\u00f3prios idosos s\u00e3o relegados, o duro cotidiano dos cuidadores e as sequelas f\u00edsicas e psicol\u00f3gicas que sofrem ao lidar com seu trabalho.<\/p>\n\n\n\n<p>Ao penetrar no cotidiano do \u201cdep\u00f3sito\u201d, a obra acaba tratando de todo um conjunto de posturas e valores presentes em uma sociedade ainda distante das melhores virtudes do ser humano como empatia, compaix\u00e3o e preocupa\u00e7\u00e3o genu\u00edna pelo pr\u00f3ximo, sem esperar vantagens.<\/p>\n\n\n\n<p><strong>A hist\u00f3ria<\/strong><strong><\/strong><\/p>\n\n\n\n<p>A personagem principal do livro, Yasmin, \u00e9 uma jovem que passa a cuidar de uma mulher chamada Wanda, uma senhora doente que vive em uma casa de repouso em uma cidade interiorana, Herv\u00e1lia.&nbsp;<\/p>\n\n\n\n<p>Assim como ocorre com as car\u00eancias e demandas que a terceira idade apresenta a governos e sociedade, a hist\u00f3ria contada em&nbsp;<em>Jasmins<\/em>&nbsp;representa uma s\u00edntese dos desencontros, falta de interesse e abandono a que a terceira idade est\u00e1 relegada no pa\u00eds, com efeitos para todos os lados, inclusive para os profissionais que desempenham a \u00e1rdua miss\u00e3o de atender os idosos.<\/p>\n\n\n\n<p>Sem saber por quem foi contratada, Yasmin, que adota o nome das tristes flores que v\u00ea todos os dias pela janela, acaba se mudando para a pequena Herv\u00e1lia para acompanhar a realidade da senhora senil no asilo onde mora. Com asco permanente de tudo no lugar, inclusive da mulher a quem, em tese, ela se dedica, Yasmin se v\u00ea sufocada por uma vida triste, arrastada e sem sentido. Ao longo da hist\u00f3ria, no entanto, essa rela\u00e7\u00e3o de distanciamento se transforma.<\/p>\n\n\n\n<p><strong>Crescimento sem volta<\/strong><strong><\/strong><\/p>\n\n\n\n<p>O fen\u00f4meno da longevidade \u00e9 mundial. De acordo com a Organiza\u00e7\u00e3o Mundial de Sa\u00fade (OMS), o n\u00famero de indiv\u00edduos com idade acima dos 60 anos chegar\u00e1 a 2 bilh\u00f5es de pessoas at\u00e9 2050, o que equivale a um quinto da popula\u00e7\u00e3o mundial.<\/p>\n\n\n\n<p>Segundo dados do Minist\u00e9rio da Sa\u00fade, o Brasil, em 2016, tinha a quinta maior&nbsp;popula\u00e7\u00e3o idosa do mundo, e, em 2030, a quantidade de idosos ultrapassar\u00e1 o total de crian\u00e7as entre zero e 14 anos. O livro de Claudia Nina, gestado durante sete anos, \u00e9 mais do que um convite \u00e0 reflex\u00e3o de que muita coisa precisa mudar.&nbsp;<\/p>\n\n\n\n<p><em>Jasmins<\/em>, com texto sens\u00edvel e inteligente, nos faz um potente convite: acompanhar a quest\u00e3o de perto e pressionar as autoridades respons\u00e1veis a mudar olhares e a\u00e7\u00f5es sobre a terceira idade no Brasil. Afinal, n\u00f3s mesmos podemos ser os desamparados do amanh\u00e3, avisa o conjunto da obra.<\/p>\n\n\n\n<figure class=\"wp-block-image size-large\"><img width=\"693\" height=\"1024\" src=\"https:\/\/vimagazine.com.br\/wp-content\/uploads\/2022\/09\/Jasmins_capa-693x1024.jpg\" alt=\"\" class=\"wp-image-6138\" srcset=\"https:\/\/vimagazine.com.br\/wp-content\/uploads\/2022\/09\/Jasmins_capa-693x1024.jpg 693w, https:\/\/vimagazine.com.br\/wp-content\/uploads\/2022\/09\/Jasmins_capa-203x300.jpg 203w, https:\/\/vimagazine.com.br\/wp-content\/uploads\/2022\/09\/Jasmins_capa-768x1135.jpg 768w, https:\/\/vimagazine.com.br\/wp-content\/uploads\/2022\/09\/Jasmins_capa.jpg 800w\" sizes=\"(max-width: 693px) 100vw, 693px\" \/><\/figure>\n\n\n\n<p><strong>Sobre a autora<\/strong><\/p>\n\n\n\n<p>Claudia Nina&nbsp;\u00e9 jornalista e doutora em Letras pela Universidade de Utrecht, na Holanda, com tese sobre Clarice Lispector.&nbsp;Trabalhou como professora-visitante de Teoria Liter\u00e1ria na UERJ.<\/p>\n\n\n\n<p>Em 2020 foi convidada para lecionar a disciplina&nbsp;Escrita Criativa: do real ao ficcional,&nbsp;na p\u00f3s-gradua\u00e7\u00e3o de Literatura Brasileira de Autoria Feminina na Universidade C\u00e2ndido Mendes, do Rio de Janeiro.&nbsp;<\/p>\n\n\n\n<p>\u00c9 autora de romances, fic\u00e7\u00e3o e biografias, al\u00e9m de se dedicar a obras infanto-juvenis. Finalista do Pr\u00eamio Rio de Literatura 2015, \u00e9 tamb\u00e9m colunista da Revista Sele\u00e7\u00f5es (Reader\u00b4s Digest), na qual assina a coluna online \u201cHist\u00f3rias que a vida conta\u201d. Assina, ainda, uma coluna de cr\u00f4nicas no site do jornal Rascunho.<\/p>\n\n\n\n<p><strong>Sugest\u00e3o de legenda<\/strong><\/p>\n\n\n\n<p>Livro<em>&nbsp;Jasmins<\/em>, de Claudia Nina, soa como um grito de alerta e aborda temas delicados como a velhice e o abandono, mas que n\u00e3o podem ser ignorados pela sociedade<\/p>\n\n\n\n<p><strong>Cr\u00e9dito das fotos<\/strong><\/p>\n\n\n\n<p>Sheyla Fotograffity<\/p>\n\n\n\n<p><strong>Relacionamento com a imprensa | Editora Maralto<\/strong><\/p>\n\n\n\n<p><strong>Mem Comunica\u00e7\u00e3o &#8211;&nbsp;<\/strong><a href=\"http:\/\/www.memcomunicacao.com.br\/\" rel=\"noreferrer noopener\" target=\"_blank\"><strong>www.memcomunicacao.com.br<\/strong><\/a><\/p>\n\n\n\n<p>Jo\u00e3o Al\u00e9cio Mem \u2013 (41) 9 9124-9748&nbsp;<a href=\"mailto:joaoalecioassessoria@gmail.com\" rel=\"noreferrer noopener\" target=\"_blank\">joaoalecioassessoria@gmail.com<\/a>&nbsp;&nbsp;<\/p>\n\n\n\n<p>Marlise Groth Mem &#8211; (41) 9 9908-0511&nbsp;<a href=\"mailto:marliseassessoria@gmail.com\" rel=\"noreferrer noopener\" target=\"_blank\">marliseassessoria@gmail.com<\/a>&nbsp;&nbsp;<\/p>\n\n\n\n<p>Jornalismo \/ Assessoria de Imprensa \/ Consultoria em Comunica\u00e7\u00e3o e Eventos \/ Produ\u00e7\u00e3o e Revis\u00e3o de Conte\u00fado<\/p>\n\n\n\n<p>@mem_e_mem_agencia_de_noticias<\/p>\n","protected":false},"excerpt":{"rendered":"<p>Jasmins, de Claudia Nina, \u00e9 uma das poucas obras liter\u00e1rias que abordam temas como a&#8230;<\/p>\n","protected":false},"author":3,"featured_media":6137,"comment_status":"closed","ping_status":"open","sticky":false,"template":"","format":"standard","meta":{"om_disable_all_campaigns":false,"_monsterinsights_skip_tracking":false,"_monsterinsights_sitenote_active":false,"_monsterinsights_sitenote_note":"","_monsterinsights_sitenote_category":0,"spay_email":""},"categories":[1],"tags":[],"jetpack_featured_media_url":"https:\/\/vimagazine.com.br\/wp-content\/uploads\/2022\/09\/Jasmins-Claudia-Nina-foto-da-autora-1-credito-de-Sheyla-Fotograffity-e1663863174727.jpg","_links":{"self":[{"href":"https:\/\/vimagazine.com.br\/index.php?rest_route=\/wp\/v2\/posts\/6128"}],"collection":[{"href":"https:\/\/vimagazine.com.br\/index.php?rest_route=\/wp\/v2\/posts"}],"about":[{"href":"https:\/\/vimagazine.com.br\/index.php?rest_route=\/wp\/v2\/types\/post"}],"author":[{"embeddable":true,"href":"https:\/\/vimagazine.com.br\/index.php?rest_route=\/wp\/v2\/users\/3"}],"replies":[{"embeddable":true,"href":"https:\/\/vimagazine.com.br\/index.php?rest_route=%2Fwp%2Fv2%2Fcomments&post=6128"}],"version-history":[{"count":1,"href":"https:\/\/vimagazine.com.br\/index.php?rest_route=\/wp\/v2\/posts\/6128\/revisions"}],"predecessor-version":[{"id":6139,"href":"https:\/\/vimagazine.com.br\/index.php?rest_route=\/wp\/v2\/posts\/6128\/revisions\/6139"}],"wp:featuredmedia":[{"embeddable":true,"href":"https:\/\/vimagazine.com.br\/index.php?rest_route=\/wp\/v2\/media\/6137"}],"wp:attachment":[{"href":"https:\/\/vimagazine.com.br\/index.php?rest_route=%2Fwp%2Fv2%2Fmedia&parent=6128"}],"wp:term":[{"taxonomy":"category","embeddable":true,"href":"https:\/\/vimagazine.com.br\/index.php?rest_route=%2Fwp%2Fv2%2Fcategories&post=6128"},{"taxonomy":"post_tag","embeddable":true,"href":"https:\/\/vimagazine.com.br\/index.php?rest_route=%2Fwp%2Fv2%2Ftags&post=6128"}],"curies":[{"name":"wp","href":"https:\/\/api.w.org\/{rel}","templated":true}]}}