{"id":6133,"date":"2022-09-22T12:58:28","date_gmt":"2022-09-22T15:58:28","guid":{"rendered":"https:\/\/vimagazine.com.br\/?p=6133"},"modified":"2022-09-22T12:58:32","modified_gmt":"2022-09-22T15:58:32","slug":"dia-nacional-do-sorvete-tem-como-meta-incentivar-maior-consumo-do-produto","status":"publish","type":"post","link":"https:\/\/vimagazine.com.br\/?p=6133","title":{"rendered":"Dia Nacional do Sorvete tem como meta incentivar maior consumo do produto"},"content":{"rendered":"\n<p><\/p>\n\n\n\n<p>Nesta sexta-feira, dia 23 de setembro, \u00a0ser\u00e1 comemorado em todo o Brasil o Dia Nacional do Sorvete, data inst\u00edtu\u00edda em 2002 pela ABIS &#8211; \u00a0Associa\u00e7\u00e3o Brasileira das Ind\u00fastrias e do Setor de Sorvetes.\u00a0<\/p>\n\n\n\n<p><\/p>\n\n\n\n<figure class=\"wp-block-image size-large\"><img width=\"1024\" height=\"1024\" src=\"https:\/\/vimagazine.com.br\/wp-content\/uploads\/2022\/09\/6c1f8a1e-3940-470f-94bf-3d1fc696e22a-1024x1024.jpg\" alt=\"\" class=\"wp-image-6134\" srcset=\"https:\/\/vimagazine.com.br\/wp-content\/uploads\/2022\/09\/6c1f8a1e-3940-470f-94bf-3d1fc696e22a-1024x1023.jpg 1024w, https:\/\/vimagazine.com.br\/wp-content\/uploads\/2022\/09\/6c1f8a1e-3940-470f-94bf-3d1fc696e22a-300x300.jpg 300w, https:\/\/vimagazine.com.br\/wp-content\/uploads\/2022\/09\/6c1f8a1e-3940-470f-94bf-3d1fc696e22a-150x150.jpg 150w, https:\/\/vimagazine.com.br\/wp-content\/uploads\/2022\/09\/6c1f8a1e-3940-470f-94bf-3d1fc696e22a-768x767.jpg 768w, https:\/\/vimagazine.com.br\/wp-content\/uploads\/2022\/09\/6c1f8a1e-3940-470f-94bf-3d1fc696e22a.jpg 1280w\" sizes=\"(max-width: 1024px) 100vw, 1024px\" \/><figcaption>Foto: divulga\u00e7\u00e3o <\/figcaption><\/figure>\n\n\n\n<p>A entidade criou e implementou o Dia Nacional do Sorvete com o objetivo de expandir a visibilidade do produto, marcando o in\u00edcio das esta\u00e7\u00f5es mais quentes do ano com o final do inverno e o in\u00edcio da primavera (em 23\/9), ressaltar os benef\u00edcios nutricionais do sorvete como um alimento indulgente, prazeroso, que traz bem-estar,&nbsp;\u00e9&nbsp;saud\u00e1vel e impulsionar o aumento de produ\u00e7\u00e3o e comercializa\u00e7\u00e3o em todo o Pa\u00eds.<\/p>\n\n\n\n<p>Para o empres\u00e1rio Eduardo Weisberg, presidente da ABIS, comemorar este dia t\u00e3o importante, que j\u00e1 faz parte do calend\u00e1rio brasileiro, traz em seu bojo dois aspectos relevantes: &#8220;estimular o seu consumo no mercado e oferecer mais possibilidades de neg\u00f3cios aos empres\u00e1rios do setor. Atualmente o consumo m\u00e9dio per capita de sorvete no Brasil supera os&nbsp;5 litros\/ano. O que \u00e9 ainda muito pouco em rela\u00e7\u00e3o a outros pa\u00edses. A Nova Zel\u00e2ndia, os EUA, a Austr\u00e1lia e a Su\u00e9cia, por exemplo, registram respectivamente um consumo per capita\/ano de 28,3 L, 20,8 L, 18,1 L e 14,3 L &#8220;.<\/p>\n\n\n\n<p>No Brasil, por regi\u00e3o, o consumo de sorvetes registra atualmente os seguintes percentuais: Sudeste (52%), Nordeste (19%), Sul (15%), Centro-Oeste (9%) e Norte (5%).<\/p>\n\n\n\n<p>H\u00e1 hoje em todo o Pa\u00eds mais de 10 mil empresas ligadas \u00e0 produ\u00e7\u00e3o e comercializa\u00e7\u00e3o de sorvetes &#8212; entre micro, pequenas, m\u00e9dias e grandes &#8212; que registram um volume de neg\u00f3cios anual em torno de 13 bilh\u00f5es de reais. A ind\u00fastria brasileira de sorvetes gera atualmente 300 mil empregos &#8211; entre&nbsp;diretos e indiretos.&nbsp;<\/p>\n","protected":false},"excerpt":{"rendered":"<p>Nesta sexta-feira, dia 23 de setembro, \u00a0ser\u00e1 comemorado em todo o Brasil o Dia Nacional&#8230;<\/p>\n","protected":false},"author":2,"featured_media":6135,"comment_status":"closed","ping_status":"open","sticky":false,"template":"","format":"standard","meta":{"om_disable_all_campaigns":false,"_monsterinsights_skip_tracking":false,"_monsterinsights_sitenote_active":false,"_monsterinsights_sitenote_note":"","_monsterinsights_sitenote_category":0,"spay_email":""},"categories":[26],"tags":[332,436],"jetpack_featured_media_url":"https:\/\/vimagazine.com.br\/wp-content\/uploads\/2022\/09\/c09d18c7-e0b3-468d-9fab-fd70088ab6c1.jpg","_links":{"self":[{"href":"https:\/\/vimagazine.com.br\/index.php?rest_route=\/wp\/v2\/posts\/6133"}],"collection":[{"href":"https:\/\/vimagazine.com.br\/index.php?rest_route=\/wp\/v2\/posts"}],"about":[{"href":"https:\/\/vimagazine.com.br\/index.php?rest_route=\/wp\/v2\/types\/post"}],"author":[{"embeddable":true,"href":"https:\/\/vimagazine.com.br\/index.php?rest_route=\/wp\/v2\/users\/2"}],"replies":[{"embeddable":true,"href":"https:\/\/vimagazine.com.br\/index.php?rest_route=%2Fwp%2Fv2%2Fcomments&post=6133"}],"version-history":[{"count":1,"href":"https:\/\/vimagazine.com.br\/index.php?rest_route=\/wp\/v2\/posts\/6133\/revisions"}],"predecessor-version":[{"id":6136,"href":"https:\/\/vimagazine.com.br\/index.php?rest_route=\/wp\/v2\/posts\/6133\/revisions\/6136"}],"wp:featuredmedia":[{"embeddable":true,"href":"https:\/\/vimagazine.com.br\/index.php?rest_route=\/wp\/v2\/media\/6135"}],"wp:attachment":[{"href":"https:\/\/vimagazine.com.br\/index.php?rest_route=%2Fwp%2Fv2%2Fmedia&parent=6133"}],"wp:term":[{"taxonomy":"category","embeddable":true,"href":"https:\/\/vimagazine.com.br\/index.php?rest_route=%2Fwp%2Fv2%2Fcategories&post=6133"},{"taxonomy":"post_tag","embeddable":true,"href":"https:\/\/vimagazine.com.br\/index.php?rest_route=%2Fwp%2Fv2%2Ftags&post=6133"}],"curies":[{"name":"wp","href":"https:\/\/api.w.org\/{rel}","templated":true}]}}