{"id":6174,"date":"2022-09-22T13:39:35","date_gmt":"2022-09-22T16:39:35","guid":{"rendered":"https:\/\/vimagazine.com.br\/?p=6174"},"modified":"2022-09-22T13:39:40","modified_gmt":"2022-09-22T16:39:40","slug":"primeira-edicao-do-picnic-itapema-sera-neste-sabado-24-no-jardim-botanico","status":"publish","type":"post","link":"https:\/\/vimagazine.com.br\/?p=6174","title":{"rendered":"Primeira edi\u00e7\u00e3o do Picnic Itapema ser\u00e1 neste s\u00e1bado (24), no Jardim Bot\u00e2nico"},"content":{"rendered":"\n<p><em>Evento realizado pela Itapema FM ser\u00e1 gratuito e ao ar livre<\/em><\/p>\n\n\n\n<p>Neste ano, a r\u00e1dio <strong>Itapema FM<\/strong> lan\u00e7ou o selo \u201cItapema Experience\u201d, ampliando os momentos inesquec\u00edveis em locais conceituados de Florian\u00f3polis. Al\u00e9m da tradicional Confraria do Vinho Itapema, a r\u00e1dio traz uma novidade: o <strong>Picnic Itapema<\/strong>. Ser\u00e1 um evento gratuito e aberto ao p\u00fablico, e a primeira edi\u00e7\u00e3o ocorre no Jardim Bot\u00e2nico, neste s\u00e1bado, dia 24, a partir das 14h.<\/p>\n\n\n\n<p>Ao som do excelente repert\u00f3rio da r\u00e1dio e com show exclusivo de Laura Padaratz, o Picnic Itapema&nbsp; promete encantar os apaixonados por p\u00f4r do sol e boa companhia. O p\u00fablico est\u00e1 convidado a levar toalha, alimentos e bebidas para curtir bons momentos. Haver\u00e1 distribui\u00e7\u00e3o de pipoca e algod\u00e3o doce, piscina de bolinhas e cabine fotogr\u00e1fica, al\u00e9m de pintura facial e oficina de bal\u00f5es para crian\u00e7as. Para os adultos, a Decanter estar\u00e1 presente com venda de vinhos em ta\u00e7a.<\/p>\n\n\n\n<p>At\u00e9 o fim do ano, haver\u00e1 duas edi\u00e7\u00f5es do Picnic Itapema, sempre em parques conhecidos da cidade. O Picnic Itapema \u00e9 uma realiza\u00e7\u00e3o da Itapema FM e conta com o patroc\u00ednio da Piemonte Miragio Cacup\u00e9, Decanter e Escritol\u00e2ndia.<\/p>\n\n\n\n<p>Saiba mais no<a href=\"https:\/\/www.nsctotal.com.br\/especiais\/confraria-itapema\" target=\"_blank\" rel=\"noreferrer noopener\"> canal do Picnic Itapema<strong> no NSC Total<\/strong><\/a><strong>.<\/strong><\/p>\n\n\n\n<p>Yasmine Holanda Fiorini<\/p>\n","protected":false},"excerpt":{"rendered":"<p>Evento realizado pela Itapema FM ser\u00e1 gratuito e ao ar livre Neste ano, a r\u00e1dio&#8230;<\/p>\n","protected":false},"author":3,"featured_media":6175,"comment_status":"closed","ping_status":"open","sticky":false,"template":"","format":"standard","meta":{"om_disable_all_campaigns":false,"_monsterinsights_skip_tracking":false,"_monsterinsights_sitenote_active":false,"_monsterinsights_sitenote_note":"","_monsterinsights_sitenote_category":0,"spay_email":""},"categories":[1],"tags":[],"jetpack_featured_media_url":"https:\/\/vimagazine.com.br\/wp-content\/uploads\/2022\/09\/Laura-Padaratz-foto-Maju-Tohme-e1663864704517.jpeg","_links":{"self":[{"href":"https:\/\/vimagazine.com.br\/index.php?rest_route=\/wp\/v2\/posts\/6174"}],"collection":[{"href":"https:\/\/vimagazine.com.br\/index.php?rest_route=\/wp\/v2\/posts"}],"about":[{"href":"https:\/\/vimagazine.com.br\/index.php?rest_route=\/wp\/v2\/types\/post"}],"author":[{"embeddable":true,"href":"https:\/\/vimagazine.com.br\/index.php?rest_route=\/wp\/v2\/users\/3"}],"replies":[{"embeddable":true,"href":"https:\/\/vimagazine.com.br\/index.php?rest_route=%2Fwp%2Fv2%2Fcomments&post=6174"}],"version-history":[{"count":1,"href":"https:\/\/vimagazine.com.br\/index.php?rest_route=\/wp\/v2\/posts\/6174\/revisions"}],"predecessor-version":[{"id":6176,"href":"https:\/\/vimagazine.com.br\/index.php?rest_route=\/wp\/v2\/posts\/6174\/revisions\/6176"}],"wp:featuredmedia":[{"embeddable":true,"href":"https:\/\/vimagazine.com.br\/index.php?rest_route=\/wp\/v2\/media\/6175"}],"wp:attachment":[{"href":"https:\/\/vimagazine.com.br\/index.php?rest_route=%2Fwp%2Fv2%2Fmedia&parent=6174"}],"wp:term":[{"taxonomy":"category","embeddable":true,"href":"https:\/\/vimagazine.com.br\/index.php?rest_route=%2Fwp%2Fv2%2Fcategories&post=6174"},{"taxonomy":"post_tag","embeddable":true,"href":"https:\/\/vimagazine.com.br\/index.php?rest_route=%2Fwp%2Fv2%2Ftags&post=6174"}],"curies":[{"name":"wp","href":"https:\/\/api.w.org\/{rel}","templated":true}]}}