{"id":6177,"date":"2022-09-22T14:36:23","date_gmt":"2022-09-22T17:36:23","guid":{"rendered":"https:\/\/vimagazine.com.br\/?p=6177"},"modified":"2022-09-22T14:36:26","modified_gmt":"2022-09-22T17:36:26","slug":"condominio-conceito-apresenta-solucoes-sustentaveis-na-sindexpo","status":"publish","type":"post","link":"https:\/\/vimagazine.com.br\/?p=6177","title":{"rendered":"Condom\u00ednio conceito apresenta solu\u00e7\u00f5es sustent\u00e1veis na Sindexpo"},"content":{"rendered":"\n<p><\/p>\n\n\n\n<p>Durante a 8\u00aa Sindexpo os visitantes poder\u00e3o conhecer o condom\u00ednio conceito ef\u00eamero, que foi constru\u00eddo para apresentar solu\u00e7\u00f5es sustent\u00e1veis para o setor condominial em um ambiente inovador, localizado na parte central da feira.<\/p>\n\n\n\n<p>O condom\u00ednio sustent\u00e1vel busca adotar medidas para diminuir o impacto social e ambiental provocados pela rotina dos condom\u00ednios. As mudan\u00e7as ocorrem em diversos setores como na gest\u00e3o e manuten\u00e7\u00e3o, uso das \u00e1reas e recursos comuns, paisagismo, descarte de lixo e at\u00e9 mesmo na contrata\u00e7\u00e3o de funcion\u00e1rios e prestadores de servi\u00e7os. As ideias e a\u00e7\u00f5es de sustentabilidade para os condom\u00ednios apresentadas no espa\u00e7o estar\u00e3o dentro do conceito do ESG (environmental, social and governance) que quer dizer&nbsp;respeito aos aspectos ambientais, sociais e de governan\u00e7a corporativa. Um compromisso das empresas e agora condom\u00ednios com o planeta e com as pessoas.<\/p>\n\n\n\n<p>O projeto do condom\u00ednio conceito foi desenvolvido pelas arquitetas Audrey Bello Ramos e Bruna Horst, e busca apresentar uma \u00e1rea de condom\u00ednio com o vi\u00e9s de sustentabilidade nas mais diversas \u00e1reas como no reuso da \u00e1gua da chuva, placas fotovoltaicas, energia limpa, reciclagem dos res\u00edduos, automa\u00e7\u00e3o, biofilia com o uso de vegeta\u00e7\u00e3o, ilumina\u00e7\u00e3o natural e uso de materiais naturais. \u201cIncluir o conceito de sustentabilidade nos condom\u00ednios, significa estabelecer uma rela\u00e7\u00e3o de equil\u00edbrio que mantenha a harmonia entre as atividades cotidianas e a preserva\u00e7\u00e3o da natureza. Possibilita a realiza\u00e7\u00e3o das atividades fundamentais como trabalho, divers\u00e3o e as tarefas dom\u00e9sticas sem interferir no ecossistema\u201d, salienta a arquiteta Audrey.<\/p>\n\n\n\n<p>A 8\u00aa SindExpo22 acontece nos dias 23 e 24 de setembro, no Expocentro Balne\u00e1rio Cambori\u00fa J\u00falio Tedesco. Ser\u00e1 a maior feira de neg\u00f3cios para condom\u00ednios do sul do pa\u00eds e ter\u00e1 uma \u00e1rea dedicada ao alto luxo no espa\u00e7o \u201cVIVER EM ALTO PADR\u00c3O\u201d, onde ser\u00e3o apresentados produtos e servi\u00e7os para suprir a demanda de um p\u00fablico exigente e sedento por novidades.<br>A feira acontecer\u00e1 das 14h \u00e0s 20h e ter\u00e1 visita\u00e7\u00e3o gratuita, j\u00e1 as palestras come\u00e7am sempre \u00e0s 15h e ser\u00e1 necess\u00e1rio fazer inscri\u00e7\u00e3o no site do&nbsp;<a href=\"https:\/\/mail.hostinger.com\/#NOP\">www.sindexpo.com.br<\/a>, no valor de R$150,00 para um dia e R$ 250,00 para os dois dias de palestras.<\/p>\n\n\n\n<p><strong>SobreAudrey Bello Ramos<\/strong><br>Arquiteta e urbanista pela UFRGS, com mestrado em engenharia: Energia, Ambiente e Materiais \u2013 \u00c1rea de Concentra\u00e7\u00e3o Materiais, na Ulbra. Atualmente \u00e9 arquiteta titular da Ydesign Studio de Sustentabilidade e Certifica\u00e7\u00e3o, e tamb\u00e9m s\u00f3cia na Iglesias e Bello Arquitetura e Obra. Com uma trajet\u00f3ria de mais de 25 anos, sendo 7 anos na \u00e1rea t\u00e9cnico comercial e mais de 14 anos no escrit\u00f3rio Torres &amp; Bello, com diversos pr\u00eamios nacionais e internacionais de projeto arquitet\u00f4nico, no qual destacam-se tr\u00eas Pr\u00eamios Saint Gobain de Sustentabilidade em 2017, 2018 e 2019.<\/p>\n\n\n\n<figure class=\"wp-container-2 wp-block-gallery-1 wp-block-gallery columns-3 is-cropped\"><ul class=\"blocks-gallery-grid\"><li class=\"blocks-gallery-item\"><figure><img width=\"1024\" height=\"768\" src=\"https:\/\/vimagazine.com.br\/wp-content\/uploads\/2022\/09\/Fachada-2-Expo-1024x768.jpeg\" alt=\"\" data-id=\"6178\" data-full-url=\"https:\/\/vimagazine.com.br\/wp-content\/uploads\/2022\/09\/Fachada-2-Expo.jpeg\" data-link=\"https:\/\/vimagazine.com.br\/?attachment_id=6178\" class=\"wp-image-6178\" srcset=\"https:\/\/vimagazine.com.br\/wp-content\/uploads\/2022\/09\/Fachada-2-Expo-1024x768.jpeg 1024w, https:\/\/vimagazine.com.br\/wp-content\/uploads\/2022\/09\/Fachada-2-Expo-300x225.jpeg 300w, https:\/\/vimagazine.com.br\/wp-content\/uploads\/2022\/09\/Fachada-2-Expo-768x576.jpeg 768w, https:\/\/vimagazine.com.br\/wp-content\/uploads\/2022\/09\/Fachada-2-Expo.jpeg 1280w\" sizes=\"(max-width: 1024px) 100vw, 1024px\" \/><\/figure><\/li><li class=\"blocks-gallery-item\"><figure><img width=\"750\" height=\"737\" src=\"https:\/\/vimagazine.com.br\/wp-content\/uploads\/2022\/09\/Bruna-Horst.jpeg\" alt=\"\" data-id=\"6179\" data-full-url=\"https:\/\/vimagazine.com.br\/wp-content\/uploads\/2022\/09\/Bruna-Horst.jpeg\" data-link=\"https:\/\/vimagazine.com.br\/?attachment_id=6179\" class=\"wp-image-6179\" srcset=\"https:\/\/vimagazine.com.br\/wp-content\/uploads\/2022\/09\/Bruna-Horst.jpeg 750w, https:\/\/vimagazine.com.br\/wp-content\/uploads\/2022\/09\/Bruna-Horst-300x295.jpeg 300w\" sizes=\"(max-width: 750px) 100vw, 750px\" \/><\/figure><\/li><li class=\"blocks-gallery-item\"><figure><img width=\"640\" height=\"640\" src=\"https:\/\/vimagazine.com.br\/wp-content\/uploads\/2022\/09\/Audrey-Bello-Ramos.jpeg\" alt=\"\" data-id=\"6180\" data-full-url=\"https:\/\/vimagazine.com.br\/wp-content\/uploads\/2022\/09\/Audrey-Bello-Ramos.jpeg\" data-link=\"https:\/\/vimagazine.com.br\/?attachment_id=6180\" class=\"wp-image-6180\" srcset=\"https:\/\/vimagazine.com.br\/wp-content\/uploads\/2022\/09\/Audrey-Bello-Ramos.jpeg 640w, https:\/\/vimagazine.com.br\/wp-content\/uploads\/2022\/09\/Audrey-Bello-Ramos-300x300.jpeg 300w, https:\/\/vimagazine.com.br\/wp-content\/uploads\/2022\/09\/Audrey-Bello-Ramos-150x150.jpeg 150w\" sizes=\"(max-width: 640px) 100vw, 640px\" \/><\/figure><\/li><li class=\"blocks-gallery-item\"><figure><img width=\"883\" height=\"625\" src=\"https:\/\/vimagazine.com.br\/wp-content\/uploads\/2022\/09\/Condominio-Conceito-efemero.png\" alt=\"\" data-id=\"6181\" data-full-url=\"https:\/\/vimagazine.com.br\/wp-content\/uploads\/2022\/09\/Condominio-Conceito-efemero.png\" data-link=\"https:\/\/vimagazine.com.br\/?attachment_id=6181\" class=\"wp-image-6181\" srcset=\"https:\/\/vimagazine.com.br\/wp-content\/uploads\/2022\/09\/Condominio-Conceito-efemero.png 883w, https:\/\/vimagazine.com.br\/wp-content\/uploads\/2022\/09\/Condominio-Conceito-efemero-300x212.png 300w, https:\/\/vimagazine.com.br\/wp-content\/uploads\/2022\/09\/Condominio-Conceito-efemero-768x544.png 768w\" sizes=\"(max-width: 883px) 100vw, 883px\" \/><\/figure><\/li><\/ul><\/figure>\n\n\n\n<p><strong><u>Servi\u00e7o:<\/u><\/strong><br><strong>SindExpo BC<\/strong><br><strong>Dias 23 e 24 de setembro 2022<\/strong><br><strong>Local<\/strong>: Expocentro<br><strong>Feira:<\/strong>&nbsp;14h \u00e0s 20h \u2013 visita\u00e7\u00e3o gratuita<br><strong>Palestras:<\/strong>&nbsp;a partir das 15h<br><strong>Inscri\u00e7\u00f5es para as palestras:&nbsp;<\/strong>no site&nbsp;<a href=\"https:\/\/mail.hostinger.com\/#NOP\">www.sindexpo.com.br<\/a><br><strong>Valor:&nbsp;<\/strong>R$150,00 para um dia e R$ 250,00 para os dois dias<br><strong>Mais informa\u00e7\u00f5es:&nbsp;<\/strong><br>Ana Paula Franco: 48- 99170-1278<\/p>\n\n\n\n<p><\/p>\n","protected":false},"excerpt":{"rendered":"<p>Durante a 8\u00aa Sindexpo os visitantes poder\u00e3o conhecer o condom\u00ednio conceito ef\u00eamero, que foi constru\u00eddo&#8230;<\/p>\n","protected":false},"author":1,"featured_media":6182,"comment_status":"closed","ping_status":"open","sticky":false,"template":"","format":"standard","meta":{"om_disable_all_campaigns":false,"_monsterinsights_skip_tracking":false,"_monsterinsights_sitenote_active":false,"_monsterinsights_sitenote_note":"","_monsterinsights_sitenote_category":0,"spay_email":""},"categories":[75],"tags":[],"jetpack_featured_media_url":"https:\/\/vimagazine.com.br\/wp-content\/uploads\/2022\/09\/Programacao-3.jpeg","_links":{"self":[{"href":"https:\/\/vimagazine.com.br\/index.php?rest_route=\/wp\/v2\/posts\/6177"}],"collection":[{"href":"https:\/\/vimagazine.com.br\/index.php?rest_route=\/wp\/v2\/posts"}],"about":[{"href":"https:\/\/vimagazine.com.br\/index.php?rest_route=\/wp\/v2\/types\/post"}],"author":[{"embeddable":true,"href":"https:\/\/vimagazine.com.br\/index.php?rest_route=\/wp\/v2\/users\/1"}],"replies":[{"embeddable":true,"href":"https:\/\/vimagazine.com.br\/index.php?rest_route=%2Fwp%2Fv2%2Fcomments&post=6177"}],"version-history":[{"count":1,"href":"https:\/\/vimagazine.com.br\/index.php?rest_route=\/wp\/v2\/posts\/6177\/revisions"}],"predecessor-version":[{"id":6183,"href":"https:\/\/vimagazine.com.br\/index.php?rest_route=\/wp\/v2\/posts\/6177\/revisions\/6183"}],"wp:featuredmedia":[{"embeddable":true,"href":"https:\/\/vimagazine.com.br\/index.php?rest_route=\/wp\/v2\/media\/6182"}],"wp:attachment":[{"href":"https:\/\/vimagazine.com.br\/index.php?rest_route=%2Fwp%2Fv2%2Fmedia&parent=6177"}],"wp:term":[{"taxonomy":"category","embeddable":true,"href":"https:\/\/vimagazine.com.br\/index.php?rest_route=%2Fwp%2Fv2%2Fcategories&post=6177"},{"taxonomy":"post_tag","embeddable":true,"href":"https:\/\/vimagazine.com.br\/index.php?rest_route=%2Fwp%2Fv2%2Ftags&post=6177"}],"curies":[{"name":"wp","href":"https:\/\/api.w.org\/{rel}","templated":true}]}}