{"id":6189,"date":"2022-09-22T15:18:56","date_gmt":"2022-09-22T18:18:56","guid":{"rendered":"https:\/\/vimagazine.com.br\/?p=6189"},"modified":"2022-09-22T15:18:58","modified_gmt":"2022-09-22T18:18:58","slug":"yonis-malacrida-concorre-ao-premio-melhor-do-brasil-na-europa-na-categoria-de-melhor-artista-plastica","status":"publish","type":"post","link":"https:\/\/vimagazine.com.br\/?p=6189","title":{"rendered":"Yonis Malacrida Concorre ao Pr\u00eamio \u201cMelhor do Brasil na Europa\u201d na Categoria de Melhor Artista Pl\u00e1stica"},"content":{"rendered":"\n<div class=\"wp-block-image\"><figure class=\"aligncenter size-large is-resized\"><img src=\"https:\/\/vimagazine.com.br\/wp-content\/uploads\/2022\/09\/20220915_204837-1024x776.jpg\" alt=\"\" class=\"wp-image-6190\" width=\"539\" height=\"408\" srcset=\"https:\/\/vimagazine.com.br\/wp-content\/uploads\/2022\/09\/20220915_204837-1024x776.jpg 1024w, https:\/\/vimagazine.com.br\/wp-content\/uploads\/2022\/09\/20220915_204837-300x227.jpg 300w, https:\/\/vimagazine.com.br\/wp-content\/uploads\/2022\/09\/20220915_204837-768x582.jpg 768w, https:\/\/vimagazine.com.br\/wp-content\/uploads\/2022\/09\/20220915_204837.jpg 1064w\" sizes=\"(max-width: 539px) 100vw, 539px\" \/><\/figure><\/div>\n\n\n\n<p><strong>A grande final ocorrer\u00e1 no dia 25 de setembro, em Paris.<\/strong><\/p>\n\n\n\n<p>N\u00e3o vemos a hora de ver o dia 25 de setembro chegar para constatar o \u00f3bvio \u2013 a maturidade e o talento da artista pl\u00e1stica Yonis Malacrida serem consagrados em Paris, quando ocorrer\u00e1 a entrega do pr\u00eamio \u201cMelhor do Brasil na Europa\u201d. Indicada na categoria de Melhor Artista Pl\u00e1stica, Yonis \u00e9 uma mulher segura e consciente do seu papel social.<\/p>\n\n\n\n<p>\u00a0Nascida em Queimados, na Baixada Fluminense, no Rio de Janeiro, lutou contra tudo e contra todos para conseguir o seu lugar ao sol, peculiaridade comum para uma mulher, preta e de origem pobre. Mas quem persiste sempre alcan\u00e7a, Yonis mora na Su\u00ed\u00e7a h\u00e1 36 anos.<\/p>\n\n\n\n<p>De origem humilde, oriundo de um lugar pouco favorecido, Yonis \u00e9, sem d\u00favida, uma sobrevivente vitoriosa das adversidades da vida. De uma fam\u00edlia humilde e numerosa, teve uma inf\u00e2ncia dif\u00edcil.<\/p>\n\n\n\n<p> Quando crian\u00e7a hiperativa e agitada que era, come\u00e7ou a canalizar a sua energia para a pintura, arte que gostava e a \u00fanica coisa que a deixava tranquila. E tudo lhe servia de tela, como sacos de farinha e as fraldas de tecido dos irm\u00e3os. Era o despontar de uma artista brilhante, que tempos depois se descobriria na arte do porcelanato.\u00a0<em>\u201cGostaria de ter estudado belas artes, mas devido \u00e0s condi\u00e7\u00f5es financeiras da fam\u00edlia n\u00e3o pude dar prosseguimento a esse sonho. Todavia sempre lutei por uma vida melhor\u201d<\/em>, declara Yonis.<\/p>\n\n\n\n<p> O tempo passa e em 1985, a artista tem a oportunidade de viajar para a Su\u00ed\u00e7a, como bab\u00e1, com uma fam\u00edlia de diplomatas. Era o momento da virada. Segundo Yonis, o casal terminou a miss\u00e3o diplom\u00e1tica, por\u00e9m ela continuou na Su\u00ed\u00e7a, onde vive at\u00e9 hoje.<\/p>\n\n\n\n<p> Durante algum tempo, fez pintura na seda. Era uma forma de exercer a fun\u00e7\u00e3o e ganhar dinheiro para refor\u00e7ar o or\u00e7amento, pois viver em outro pa\u00eds, com uma cultura diferente, valores e padr\u00f5es diferentes, e preta, n\u00e3o \u00e9 para qualquer um. E Yonis absorveu a li\u00e7\u00e3o que a vida estava lhe dando.<\/p>\n\n\n\n<p>  Tudo o que passou a estruturou e deu-lhe bagagem de vida, arte e trabalho, e forjou esta artista que est\u00e1 concorrendo ao pr\u00eamio \u201cMelhor do Brasil na Europa\u201d, na categoria de melhor artista pl\u00e1stica. A escolha e a premia\u00e7\u00e3o ocorrer\u00e3o no dia 25 de setembro, em Paris. A organiza\u00e7\u00e3o do evento \u00e9 de Rafael dos Santos, da High Profile Magazine.<\/p>\n\n\n\n<p>Instagran: @yoniscreation<\/p>\n\n\n\n<p>Texto: Clilton Paz.<\/p>\n\n\n\n<p>Fotos: Osvaldo Guilherme.<\/p>\n","protected":false},"excerpt":{"rendered":"<p>A grande final ocorrer\u00e1 no dia 25 de setembro, em Paris. N\u00e3o vemos a hora&#8230;<\/p>\n","protected":false},"author":19,"featured_media":6192,"comment_status":"closed","ping_status":"open","sticky":false,"template":"","format":"standard","meta":{"om_disable_all_campaigns":false,"_monsterinsights_skip_tracking":false,"_monsterinsights_sitenote_active":false,"_monsterinsights_sitenote_note":"","_monsterinsights_sitenote_category":0,"spay_email":""},"categories":[27],"tags":[],"jetpack_featured_media_url":"https:\/\/vimagazine.com.br\/wp-content\/uploads\/2022\/09\/20220915_204757.jpg","_links":{"self":[{"href":"https:\/\/vimagazine.com.br\/index.php?rest_route=\/wp\/v2\/posts\/6189"}],"collection":[{"href":"https:\/\/vimagazine.com.br\/index.php?rest_route=\/wp\/v2\/posts"}],"about":[{"href":"https:\/\/vimagazine.com.br\/index.php?rest_route=\/wp\/v2\/types\/post"}],"author":[{"embeddable":true,"href":"https:\/\/vimagazine.com.br\/index.php?rest_route=\/wp\/v2\/users\/19"}],"replies":[{"embeddable":true,"href":"https:\/\/vimagazine.com.br\/index.php?rest_route=%2Fwp%2Fv2%2Fcomments&post=6189"}],"version-history":[{"count":2,"href":"https:\/\/vimagazine.com.br\/index.php?rest_route=\/wp\/v2\/posts\/6189\/revisions"}],"predecessor-version":[{"id":6194,"href":"https:\/\/vimagazine.com.br\/index.php?rest_route=\/wp\/v2\/posts\/6189\/revisions\/6194"}],"wp:featuredmedia":[{"embeddable":true,"href":"https:\/\/vimagazine.com.br\/index.php?rest_route=\/wp\/v2\/media\/6192"}],"wp:attachment":[{"href":"https:\/\/vimagazine.com.br\/index.php?rest_route=%2Fwp%2Fv2%2Fmedia&parent=6189"}],"wp:term":[{"taxonomy":"category","embeddable":true,"href":"https:\/\/vimagazine.com.br\/index.php?rest_route=%2Fwp%2Fv2%2Fcategories&post=6189"},{"taxonomy":"post_tag","embeddable":true,"href":"https:\/\/vimagazine.com.br\/index.php?rest_route=%2Fwp%2Fv2%2Ftags&post=6189"}],"curies":[{"name":"wp","href":"https:\/\/api.w.org\/{rel}","templated":true}]}}