{"id":6200,"date":"2022-09-22T15:40:35","date_gmt":"2022-09-22T18:40:35","guid":{"rendered":"https:\/\/vimagazine.com.br\/?p=6200"},"modified":"2022-09-22T15:40:39","modified_gmt":"2022-09-22T18:40:39","slug":"o-digital-influencer-e-cantor-gospel-victor-franca-tem-suas-redes-sociais-hackeadas","status":"publish","type":"post","link":"https:\/\/vimagazine.com.br\/?p=6200","title":{"rendered":"O digital influencer e cantor gospel Victor Fran\u00e7a tem suas redes sociais hackeadas"},"content":{"rendered":"\n<p><strong>Artista deu queixa na Delegacia de Repress\u00e3o aos Crimes de Inform\u00e1tica.<\/strong><\/p>\n\n\n\n<p>&nbsp;&nbsp;&nbsp;&nbsp;&nbsp;&nbsp;&nbsp;&nbsp;&nbsp;&nbsp;&nbsp; O digital influencer e cantor gospel Victor Fran\u00e7a, recentemente, sofreu um ataque de hacker, em suas redes sociais. O artista, que tem musicalidade no DNA, disse que foi dormi normalmente. Ao acordar a sua conta de celular havia sofrido portabilidade de operadora sem que ele tivesse feito ou permitido.&nbsp;<em>\u201cAlgu\u00e9m pegou meu celular da Vivo pra Tim\u201d<\/em>, disse.<\/p>\n\n\n\n<p>Ao acordar, Victor percebeu que n\u00e3o conseguia ter acesso a nada de suas contas nas redes sociais. Perdeu a conta do instagram, o gmail que \u00e9 utilizado para recuperar a conta do instagram tamb\u00e9m havia sido perdido, o facebook e o Tik Tok tamb\u00e9m.<\/p>\n\n\n\n<p>Muito chateado, Victor Fran\u00e7a teve que criar outras contas, pois o digital influencer e cantor gospel tem nas redes sociais suas ferramentas de trabalho e ganha p\u00e3o.&nbsp;<em>\u201cEstou tentando recuperar o instagram, atrav\u00e9s do pr\u00f3prio aplicativo. Se n\u00e3o der certo, partir pro meio judicial pra tentar reverter o caso\u201d<\/em>, diz.<\/p>\n\n\n\n<p>Mesmo assim, o rapaz abriu um boletim de ocorr\u00eancia na Delegacia de Repress\u00e3o aos Crimes de Inform\u00e1tica. Mas Victor Fran\u00e7a tem esperan\u00e7a de que tudo vai se resolver. O digital influencer acredita que o instagram \u00e9 top em ajudar a reverter estes problemas.<\/p>\n\n\n\n<p>Texto: Clilton Paz \u2013 assessoria de imprensa.<\/p>\n\n\n\n<p>Fotos: Arquivo Pessoal Victor Fran\u00e7a.<\/p>\n","protected":false},"excerpt":{"rendered":"<p>Artista deu queixa na Delegacia de Repress\u00e3o aos Crimes de Inform\u00e1tica. &nbsp;&nbsp;&nbsp;&nbsp;&nbsp;&nbsp;&nbsp;&nbsp;&nbsp;&nbsp;&nbsp; O digital influencer&#8230;<\/p>\n","protected":false},"author":19,"featured_media":6201,"comment_status":"closed","ping_status":"open","sticky":false,"template":"","format":"standard","meta":{"om_disable_all_campaigns":false,"_monsterinsights_skip_tracking":false,"_monsterinsights_sitenote_active":false,"_monsterinsights_sitenote_note":"","_monsterinsights_sitenote_category":0,"spay_email":""},"categories":[27],"tags":[],"jetpack_featured_media_url":"https:\/\/vimagazine.com.br\/wp-content\/uploads\/2022\/09\/unnamed-4.jpg","_links":{"self":[{"href":"https:\/\/vimagazine.com.br\/index.php?rest_route=\/wp\/v2\/posts\/6200"}],"collection":[{"href":"https:\/\/vimagazine.com.br\/index.php?rest_route=\/wp\/v2\/posts"}],"about":[{"href":"https:\/\/vimagazine.com.br\/index.php?rest_route=\/wp\/v2\/types\/post"}],"author":[{"embeddable":true,"href":"https:\/\/vimagazine.com.br\/index.php?rest_route=\/wp\/v2\/users\/19"}],"replies":[{"embeddable":true,"href":"https:\/\/vimagazine.com.br\/index.php?rest_route=%2Fwp%2Fv2%2Fcomments&post=6200"}],"version-history":[{"count":1,"href":"https:\/\/vimagazine.com.br\/index.php?rest_route=\/wp\/v2\/posts\/6200\/revisions"}],"predecessor-version":[{"id":6202,"href":"https:\/\/vimagazine.com.br\/index.php?rest_route=\/wp\/v2\/posts\/6200\/revisions\/6202"}],"wp:featuredmedia":[{"embeddable":true,"href":"https:\/\/vimagazine.com.br\/index.php?rest_route=\/wp\/v2\/media\/6201"}],"wp:attachment":[{"href":"https:\/\/vimagazine.com.br\/index.php?rest_route=%2Fwp%2Fv2%2Fmedia&parent=6200"}],"wp:term":[{"taxonomy":"category","embeddable":true,"href":"https:\/\/vimagazine.com.br\/index.php?rest_route=%2Fwp%2Fv2%2Fcategories&post=6200"},{"taxonomy":"post_tag","embeddable":true,"href":"https:\/\/vimagazine.com.br\/index.php?rest_route=%2Fwp%2Fv2%2Ftags&post=6200"}],"curies":[{"name":"wp","href":"https:\/\/api.w.org\/{rel}","templated":true}]}}