{"id":6203,"date":"2022-09-22T16:02:31","date_gmt":"2022-09-22T19:02:31","guid":{"rendered":"https:\/\/vimagazine.com.br\/?p=6203"},"modified":"2022-09-22T16:07:42","modified_gmt":"2022-09-22T19:07:42","slug":"claudia-metne-homenageia-os-200-anos-de-independencia-do-brasil%e2%80%8b-com-um-desfile-de-moda","status":"publish","type":"post","link":"https:\/\/vimagazine.com.br\/?p=6203","title":{"rendered":"Claudia M\u00e9tne homenageia os 200 anos de Independ\u00eancia do Brasil\u200b com um desfile de moda"},"content":{"rendered":"\n<div class=\"wp-block-image\"><figure class=\"aligncenter size-large is-resized\"><img src=\"https:\/\/vimagazine.com.br\/wp-content\/uploads\/2022\/09\/WhatsApp-Image-2022-09-16-at-13.38.09-1-682x1024.jpeg\" alt=\"\" class=\"wp-image-6204\" width=\"389\" height=\"584\" srcset=\"https:\/\/vimagazine.com.br\/wp-content\/uploads\/2022\/09\/WhatsApp-Image-2022-09-16-at-13.38.09-1-682x1024.jpeg 682w, https:\/\/vimagazine.com.br\/wp-content\/uploads\/2022\/09\/WhatsApp-Image-2022-09-16-at-13.38.09-1-200x300.jpeg 200w, https:\/\/vimagazine.com.br\/wp-content\/uploads\/2022\/09\/WhatsApp-Image-2022-09-16-at-13.38.09-1-768x1153.jpeg 768w, https:\/\/vimagazine.com.br\/wp-content\/uploads\/2022\/09\/WhatsApp-Image-2022-09-16-at-13.38.09-1-1023x1536.jpeg 1023w, https:\/\/vimagazine.com.br\/wp-content\/uploads\/2022\/09\/WhatsApp-Image-2022-09-16-at-13.38.09-1-1024x1537.jpeg 1024w, https:\/\/vimagazine.com.br\/wp-content\/uploads\/2022\/09\/WhatsApp-Image-2022-09-16-at-13.38.09-1.jpeg 1066w\" sizes=\"(max-width: 389px) 100vw, 389px\" \/><\/figure><\/div>\n\n\n\n<p>Influencer e produtora de moda Claudia M\u00e9tne comemora os 200 anos de Independ\u00eancia do Brasil\u200b em um desfile de moda junto as modelos tops em Clube de S\u00e3o Paulo.<\/p>\n\n\n\n<p>Com Claudia desfilaram a\u200b&nbsp;nossa campe\u00e3 ol\u00edmpica e musa do atletismo Maurren Maggi .@maurrenmaggi\u200b , as duas ex misses Brasil e Miss Universo Flavia Cavalcanti e Carolina Otto, e a mais nova Miss S\u00e3o Paulo Cibele Lorente.Elas n\u00e3o andam , elas desfilam !<br>Uma explos\u00e3o de beleza , talento e charme com um time da pesada na passarela do fashion show da<br><a href=\"https:\/\/www.instagram.com\/parresh_oficial\/\" target=\"_blank\" rel=\"noreferrer noopener\">@parresh_oficial<\/a><br>.<br>.<br>O top&nbsp;<a href=\"https:\/\/www.instagram.com\/spartacusfoto\/\" target=\"_blank\" rel=\"noreferrer noopener\">@spartacusfoto<\/a>&nbsp;e apresenta\u00e7\u00e3o do querido&nbsp;<a href=\"https:\/\/www.instagram.com\/rafaelfaria.sp\/\" target=\"_blank\" rel=\"noreferrer noopener\">@rafaelfaria.sp<\/a>&nbsp;.<br><a href=\"https:\/\/www.instagram.com\/explore\/tags\/beauty\/\" target=\"_blank\" rel=\"noreferrer noopener\">#beauty<\/a><a href=\"https:\/\/www.instagram.com\/marcosgasparoficial\/\" target=\"_blank\" rel=\"noreferrer noopener\">@marcosgasparoficial<\/a><br><a href=\"https:\/\/www.instagram.com\/explore\/tags\/movie\/\" target=\"_blank\" rel=\"noreferrer noopener\">#movie<\/a><a href=\"https:\/\/www.instagram.com\/patrickviniciuz\/\" target=\"_blank\" rel=\"noreferrer noopener\">@patrickviniciuz<\/a><br>Foto Patrick Viniciuz<\/p>\n","protected":false},"excerpt":{"rendered":"<p>Influencer e produtora de moda Claudia M\u00e9tne comemora os 200 anos de Independ\u00eancia do Brasil\u200b&#8230;<\/p>\n","protected":false},"author":19,"featured_media":6209,"comment_status":"closed","ping_status":"open","sticky":false,"template":"","format":"standard","meta":{"om_disable_all_campaigns":false,"_monsterinsights_skip_tracking":false,"_monsterinsights_sitenote_active":false,"_monsterinsights_sitenote_note":"","_monsterinsights_sitenote_category":0,"spay_email":""},"categories":[1],"tags":[],"jetpack_featured_media_url":"https:\/\/vimagazine.com.br\/wp-content\/uploads\/2022\/09\/WhatsApp-Image-2022-09-16-at-13.52.07-1-1023x1536-1.jpeg","_links":{"self":[{"href":"https:\/\/vimagazine.com.br\/index.php?rest_route=\/wp\/v2\/posts\/6203"}],"collection":[{"href":"https:\/\/vimagazine.com.br\/index.php?rest_route=\/wp\/v2\/posts"}],"about":[{"href":"https:\/\/vimagazine.com.br\/index.php?rest_route=\/wp\/v2\/types\/post"}],"author":[{"embeddable":true,"href":"https:\/\/vimagazine.com.br\/index.php?rest_route=\/wp\/v2\/users\/19"}],"replies":[{"embeddable":true,"href":"https:\/\/vimagazine.com.br\/index.php?rest_route=%2Fwp%2Fv2%2Fcomments&post=6203"}],"version-history":[{"count":1,"href":"https:\/\/vimagazine.com.br\/index.php?rest_route=\/wp\/v2\/posts\/6203\/revisions"}],"predecessor-version":[{"id":6207,"href":"https:\/\/vimagazine.com.br\/index.php?rest_route=\/wp\/v2\/posts\/6203\/revisions\/6207"}],"wp:featuredmedia":[{"embeddable":true,"href":"https:\/\/vimagazine.com.br\/index.php?rest_route=\/wp\/v2\/media\/6209"}],"wp:attachment":[{"href":"https:\/\/vimagazine.com.br\/index.php?rest_route=%2Fwp%2Fv2%2Fmedia&parent=6203"}],"wp:term":[{"taxonomy":"category","embeddable":true,"href":"https:\/\/vimagazine.com.br\/index.php?rest_route=%2Fwp%2Fv2%2Fcategories&post=6203"},{"taxonomy":"post_tag","embeddable":true,"href":"https:\/\/vimagazine.com.br\/index.php?rest_route=%2Fwp%2Fv2%2Ftags&post=6203"}],"curies":[{"name":"wp","href":"https:\/\/api.w.org\/{rel}","templated":true}]}}