{"id":6211,"date":"2022-09-22T17:34:39","date_gmt":"2022-09-22T20:34:39","guid":{"rendered":"https:\/\/vimagazine.com.br\/?p=6211"},"modified":"2022-09-22T17:34:43","modified_gmt":"2022-09-22T20:34:43","slug":"sebrae-sc-anuncia-finalistas-da-etapa-estadual-do-9o-premio-sebrae-de-jornalismo","status":"publish","type":"post","link":"https:\/\/vimagazine.com.br\/?p=6211","title":{"rendered":"Sebrae\/SC anuncia finalistas da Etapa Estadual do 9\u00ba Pr\u00eamio Sebrae de Jornalismo"},"content":{"rendered":"\n<p><em>A premia\u00e7\u00e3o \u00e9 dividida em etapas estaduais, regionais e nacional, promovida pelo Sebrae Nacional<\/em><\/p>\n\n\n\n<p>O Sebrae\/SC anuncia os finalistas da Etapa Estadual do 9\u00aa edi\u00e7\u00e3o do Pr\u00eamio Sebrae de Jornalismo. A premia\u00e7\u00e3o \u00e9 dividida em etapas estaduais, regionais e nacional, promovida pelo Sebrae Nacional. Ap\u00f3s vencer na etapa estadual, os jornalistas concorrem na etapa regional, que n\u00e3o ter\u00e1 premia\u00e7\u00e3o, e se vencerem, concorrem na etapa nacional. A cerim\u00f4nia de premia\u00e7\u00e3o ser\u00e1 realizada no dia 29 de setembro, \u00e0s 10h, e transmitida ao vivo pelo Youtube do Sebrae no link <a href=\"http:\/\/sebrae.sc\/premio-jornalismo2022\" target=\"_blank\" rel=\"noreferrer noopener\">http:\/\/sebrae.sc\/premio-jornalismo2022<\/a>.&nbsp;<\/p>\n\n\n\n<p>A iniciativa reconhece os melhores trabalhos jornal\u00edsticos com tem\u00e1ticas voltadas a micro e pequenos neg\u00f3cios em quatro categorias: jornalismo em texto, jornalismo em \u00e1udio, jornalismo em v\u00eddeo e fotojornalismo.&nbsp;<\/p>\n\n\n\n<p>O tema central desta edi\u00e7\u00e3o \u00e9 \u201cA import\u00e2ncia dos pequenos neg\u00f3cios para a economia do pa\u00eds\u201d. Atualmente, os pequenos neg\u00f3cios respondem por 99% das empresas brasileiras, mais de 55% dos empregos formais e 30% do PIB.&nbsp; J\u00e1 em Santa Catarina, as pequenas empresas representam 92% dos neg\u00f3cios formais do Estado, respondem por mais de 51% dos empregos formais e por 42% do PIB do Estado.<\/p>\n\n\n\n<p>Ser\u00e3o premiadas as mat\u00e9rias que melhor abordaram o tema, considerando os diversos aspectos relacionados ao universo do empreendedorismo no Brasil, como: empreendedorismo, produtividade e competitividade, inova\u00e7\u00e3o e startups, inclus\u00e3o produtiva a sustentabilidade, transforma\u00e7\u00e3o digital, pol\u00edticas p\u00fablicas e legisla\u00e7\u00e3o, acesso a cr\u00e9dito.<\/p>\n\n\n\n<p>Est\u00e3o concorrendo mat\u00e9rias e reportagens veiculadas de 1\u00ba de setembro de 2021 a 29 de junho de 2022, al\u00e9m de podcasts e v\u00eddeos veiculados em plataformas digitais de v\u00eddeo no mesmo per\u00edodo.<\/p>\n\n\n\n<p>Premia\u00e7\u00e3o<\/p>\n\n\n\n<p>O 1\u00ba lugar em Santa Catarina em cada categoria ganha um vale viagem no valor de R$ 2 mil, um kindle e um trof\u00e9u. O 2\u00ba lugar garante um vale viagem de R$ 1 mil, um vale livraria no valor de R$ 500 e um certificado.&nbsp;<\/p>\n\n\n\n<p>J\u00e1 o pr\u00eamio nacional para o vencedor de cada categoria \u00e9 um notebook de \u00faltima gera\u00e7\u00e3o e um trof\u00e9u, mesmo pr\u00eamio concedido aos vencedores das categorias especiais. J\u00e1 o vencedor do grande Pr\u00eamio Sebrae de Jornalismo ganha um celular de \u00faltima gera\u00e7\u00e3o, com c\u00e2mera e capacidade de edi\u00e7\u00e3o de v\u00eddeos e fotos e um notebook (recebido como pr\u00eamio vencedor em sua categoria) com configura\u00e7\u00f5es de alto desempenho e capacidade de edi\u00e7\u00e3o de v\u00eddeos e fotos.&nbsp;<\/p>\n\n\n\n<p>Confira os finalistas<\/p>\n\n\n\n<p>CATEGORIA JORNALISMO EM TEXTO<\/p>\n\n\n\n<p>Empresas da regi\u00e3o buscam especializa\u00e7\u00e3o para garantir sa\u00fade financeira e longevidade nos neg\u00f3cios (O Munic\u00edpio). Representante do trabalho: Bruno da Silva.<\/p>\n\n\n\n<p>Microempresas t\u00eaxteis: a gera\u00e7\u00e3o de empregos, desafios e concorr\u00eancia em Brusque (ND Mais). Representante do trabalho: Marcos Jord\u00e3o.&nbsp;<\/p>\n\n\n\n<p>Resili\u00eancia empreendedora: como blumenauenses superaram a crise apostando em micro e pequenas empresas (O Munic\u00edpio Blumenau). Representante do trabalho: Jotaan Silva.&nbsp;<\/p>\n\n\n\n<p>CATEGORIA JORNALISMO EM V\u00cdDEO<\/p>\n\n\n\n<p>Elas querem empreender &#8211; preconceito e falta de incentivo ainda s\u00e3o barreiras, aponta pesquisa (Jornal do Almo\u00e7o \/ NSC TV). Representante do trabalho: Mariana Faraco.&nbsp;<\/p>\n\n\n\n<p>Selo Catarinense: os produtos de SC com registro de Indica\u00e7\u00e3o Geogr\u00e1fica (NSC TV). Representante do trabalho: Luiza Morfim.<\/p>\n\n\n\n<p>Startup catarinense usa nanopart\u00edculas de ouro para detectar bact\u00e9ria da salmonela em alimentos (NDTV \/ RECORD TV). Representante do trabalho: Paulo Mueller.&nbsp;<\/p>\n\n\n\n<p>CATEGORIA JORNALISMO EM \u00c1UDIO<\/p>\n\n\n\n<p>De costureira a estilista: O empreendedorismo como instrumento de transforma\u00e7\u00e3o (R\u00e1dio Ca\u00e7anjur\u00ea \/ RBV R\u00e1dios). Representante do trabalho: Juciele Marta Baldissarelli.<\/p>\n\n\n\n<p>Mulheres na ind\u00fastria: esse tamb\u00e9m \u00e9 um espa\u00e7o pra elas (Donas da P* Toda \u2013 Podcast). Representante do trabalho: Marina Melz.<\/p>\n\n\n\n<p>Pequenos produtores transformam SC no maior produtor nacional de leite (R\u00e1dio Catarinense FM). Representante do trabalho: Marcelo Santos.<\/p>\n\n\n\n<p>CATEGORIA FOTOJORNALISMO<\/p>\n\n\n\n<p>Dona de sal\u00e3o de beleza investe no aproveitamento total da goiaba serrana (Portal da Ilha). Representante do trabalho: Antonio Carlos Mafalda.<\/p>\n\n\n\n<p>Durante a pandemia, comerciante se transforma em \u2018rainha das lives\u2019 (Portal Litoral Sul). Representante do trabalho: Lucas Andr\u00e9 Colombo.<\/p>\n\n\n\n<p>Empres\u00e1ria inova em sal\u00e3o especializado para cabelos cacheados (Portal Sou Catarina). Equipe: Liziane Nath\u00e1lia Vicenzi.<\/p>\n\n\n\n<p>Fonte: Mariana Woj<\/p>\n","protected":false},"excerpt":{"rendered":"<p>A premia\u00e7\u00e3o \u00e9 dividida em etapas estaduais, regionais e nacional, promovida pelo Sebrae Nacional O&#8230;<\/p>\n","protected":false},"author":3,"featured_media":6212,"comment_status":"closed","ping_status":"open","sticky":false,"template":"","format":"standard","meta":{"om_disable_all_campaigns":false,"_monsterinsights_skip_tracking":false,"_monsterinsights_sitenote_active":false,"_monsterinsights_sitenote_note":"","_monsterinsights_sitenote_category":0,"spay_email":""},"categories":[1],"tags":[],"jetpack_featured_media_url":"https:\/\/vimagazine.com.br\/wp-content\/uploads\/2022\/09\/premio-sebrae-jornalismo-etapa-estadual-capa-01.png","_links":{"self":[{"href":"https:\/\/vimagazine.com.br\/index.php?rest_route=\/wp\/v2\/posts\/6211"}],"collection":[{"href":"https:\/\/vimagazine.com.br\/index.php?rest_route=\/wp\/v2\/posts"}],"about":[{"href":"https:\/\/vimagazine.com.br\/index.php?rest_route=\/wp\/v2\/types\/post"}],"author":[{"embeddable":true,"href":"https:\/\/vimagazine.com.br\/index.php?rest_route=\/wp\/v2\/users\/3"}],"replies":[{"embeddable":true,"href":"https:\/\/vimagazine.com.br\/index.php?rest_route=%2Fwp%2Fv2%2Fcomments&post=6211"}],"version-history":[{"count":1,"href":"https:\/\/vimagazine.com.br\/index.php?rest_route=\/wp\/v2\/posts\/6211\/revisions"}],"predecessor-version":[{"id":6213,"href":"https:\/\/vimagazine.com.br\/index.php?rest_route=\/wp\/v2\/posts\/6211\/revisions\/6213"}],"wp:featuredmedia":[{"embeddable":true,"href":"https:\/\/vimagazine.com.br\/index.php?rest_route=\/wp\/v2\/media\/6212"}],"wp:attachment":[{"href":"https:\/\/vimagazine.com.br\/index.php?rest_route=%2Fwp%2Fv2%2Fmedia&parent=6211"}],"wp:term":[{"taxonomy":"category","embeddable":true,"href":"https:\/\/vimagazine.com.br\/index.php?rest_route=%2Fwp%2Fv2%2Fcategories&post=6211"},{"taxonomy":"post_tag","embeddable":true,"href":"https:\/\/vimagazine.com.br\/index.php?rest_route=%2Fwp%2Fv2%2Ftags&post=6211"}],"curies":[{"name":"wp","href":"https:\/\/api.w.org\/{rel}","templated":true}]}}