{"id":6221,"date":"2022-09-23T10:26:53","date_gmt":"2022-09-23T13:26:53","guid":{"rendered":"https:\/\/vimagazine.com.br\/?p=6221"},"modified":"2022-09-24T15:24:25","modified_gmt":"2022-09-24T18:24:25","slug":"monja-coen-gabrielzinho-do-iraja-e-ong-rio-da-paz-foram-os-convidados-de-gardenia-cavalcanti-para-vem-com-a-gente-sobre-inclusao-e-paz","status":"publish","type":"post","link":"https:\/\/vimagazine.com.br\/?p=6221","title":{"rendered":"Monja Coen, Gabrielzinho do Iraj\u00e1 e ONG Rio da Paz foram os convidados de Gard\u00eania Cavalcanti para &#8216;Vem Com A Gente&#8217; sobre inclus\u00e3o e paz"},"content":{"rendered":"\n<p>Foi celebrado ontem, dia 21 de setembro, o Dia Internacional da Paz e para dar voz a esse dia, Gard\u00eania Cavalcanti recebeu no seu programa a Monja Coen. Coen R\u014dshi \u00e9 uma monja zen budista brasileira de ascend\u00eancia portuguesa, e mission\u00e1ria oficial da tradi\u00e7\u00e3o Soto Shu com sede no Jap\u00e3o. <em>&nbsp;\u201cQuando comecei a fazer palestras p\u00fablicas, nem sabia que as pessoas ficariam t\u00e3o interessadas, o que a gente percebe \u00e9 que todos n\u00f3s estamos a procura de um estado de equil\u00edbrio.\u201d,<\/em> contou Monja Coen durante a live. O Dia Internacional da Paz foi implementado pela ONU em 30 de novembro de 1981 e \u00e9 celebrado desde o ano de 1982. Al\u00e9m do Dia Internacional da Paz, tamb\u00e9m foi celebrado ontem o Dia Nacional da Luta da Pessoa com Defici\u00eancia.<\/p>\n\n\n\n<figure class=\"wp-container-2 wp-block-gallery-1 wp-block-gallery columns-2 is-cropped\"><ul class=\"blocks-gallery-grid\"><li class=\"blocks-gallery-item\"><figure><img width=\"1024\" height=\"810\" src=\"https:\/\/vimagazine.com.br\/wp-content\/uploads\/2022\/09\/WhatsApp-Image-2022-09-22-at-15.48.45-1024x810.jpeg\" alt=\"\" data-id=\"6225\" data-full-url=\"https:\/\/vimagazine.com.br\/wp-content\/uploads\/2022\/09\/WhatsApp-Image-2022-09-22-at-15.48.45.jpeg\" data-link=\"https:\/\/vimagazine.com.br\/?attachment_id=6225\" class=\"wp-image-6225\" srcset=\"https:\/\/vimagazine.com.br\/wp-content\/uploads\/2022\/09\/WhatsApp-Image-2022-09-22-at-15.48.45-1024x810.jpeg 1024w, https:\/\/vimagazine.com.br\/wp-content\/uploads\/2022\/09\/WhatsApp-Image-2022-09-22-at-15.48.45-300x237.jpeg 300w, https:\/\/vimagazine.com.br\/wp-content\/uploads\/2022\/09\/WhatsApp-Image-2022-09-22-at-15.48.45-768x607.jpeg 768w, https:\/\/vimagazine.com.br\/wp-content\/uploads\/2022\/09\/WhatsApp-Image-2022-09-22-at-15.48.45.jpeg 1280w\" sizes=\"(max-width: 1024px) 100vw, 1024px\" \/><figcaption class=\"blocks-gallery-item__caption\">Gard\u00eania Cavalcanti e Monja Coen &#8211; Foto: Divulga\u00e7\u00e3o\n<\/figcaption><\/figure><\/li><li class=\"blocks-gallery-item\"><figure><img width=\"1011\" height=\"1024\" src=\"https:\/\/vimagazine.com.br\/wp-content\/uploads\/2022\/09\/WhatsApp-Image-2022-09-22-at-15.48.45-1-1011x1024.jpeg\" alt=\"\" data-id=\"6224\" data-full-url=\"https:\/\/vimagazine.com.br\/wp-content\/uploads\/2022\/09\/WhatsApp-Image-2022-09-22-at-15.48.45-1.jpeg\" data-link=\"https:\/\/vimagazine.com.br\/?attachment_id=6224\" class=\"wp-image-6224\" srcset=\"https:\/\/vimagazine.com.br\/wp-content\/uploads\/2022\/09\/WhatsApp-Image-2022-09-22-at-15.48.45-1-1011x1024.jpeg 1011w, https:\/\/vimagazine.com.br\/wp-content\/uploads\/2022\/09\/WhatsApp-Image-2022-09-22-at-15.48.45-1-296x300.jpeg 296w, https:\/\/vimagazine.com.br\/wp-content\/uploads\/2022\/09\/WhatsApp-Image-2022-09-22-at-15.48.45-1-768x778.jpeg 768w, https:\/\/vimagazine.com.br\/wp-content\/uploads\/2022\/09\/WhatsApp-Image-2022-09-22-at-15.48.45-1-1024x1037.jpeg 1024w, https:\/\/vimagazine.com.br\/wp-content\/uploads\/2022\/09\/WhatsApp-Image-2022-09-22-at-15.48.45-1.jpeg 1264w\" sizes=\"(max-width: 1011px) 100vw, 1011px\" \/><figcaption class=\"blocks-gallery-item__caption\">Gard\u00eania Cavalcanti e Monja Coen &#8211; Foto: Divulga\u00e7\u00e3o\n<\/figcaption><\/figure><\/li><\/ul><\/figure>\n\n\n\n<p>O musical do programa ficou por conta de Gabrielzinho do Iraj\u00e1, cantor, compositor e ator. O carioca \u00e9 um dos talentos da nova gera\u00e7\u00e3o de sambistas brasileiros. No seu primeiro disco, Gabrielzinho j\u00e1 gravou com grandes nomes como: Zeca Pagodinho, Dudu Nobre, Arlindo Cruz, entre outros. O sambista carrega mais do que a sua arte nos palcos, ele leva junto a inclus\u00e3o social. Por conta de ter nascido prematura, Gabriel possui defici\u00eancia visual, o que nunca lhe impediu de seguir em busca dos seus sonhos.<\/p>\n\n\n\n<div class=\"wp-block-image\"><figure class=\"aligncenter size-full is-resized\"><img src=\"https:\/\/vimagazine.com.br\/wp-content\/uploads\/2022\/09\/WhatsApp-Image-2022-09-22-at-15.13.09.jpeg\" alt=\"\" class=\"wp-image-6223\" width=\"455\" height=\"607\" srcset=\"https:\/\/vimagazine.com.br\/wp-content\/uploads\/2022\/09\/WhatsApp-Image-2022-09-22-at-15.13.09.jpeg 768w, https:\/\/vimagazine.com.br\/wp-content\/uploads\/2022\/09\/WhatsApp-Image-2022-09-22-at-15.13.09-225x300.jpeg 225w\" sizes=\"(max-width: 455px) 100vw, 455px\" \/><figcaption>Gard\u00eania Cavalcanti e Gabrielzinho do Iraj\u00e1 \u2013 Foto: Divulga\u00e7\u00e3o\n<\/figcaption><\/figure><\/div>\n\n\n\n<p>Gard\u00eania tamb\u00e9m recebeu Jo\u00e3o Lu\u00eds Silva, articulador social da ONG Rio de Paz, uma ONG criada a partir da mistura de dois sentimentos que o acometeram: raiva e indigna\u00e7\u00e3o. &#8220;Compaix\u00e3o e raiva. Tudo teve in\u00edcio com o notici\u00e1rio da viol\u00eancia no Rio de Janeiro que denunciava a quantidade de pessoas mortas na cidade. Pensei: alguma coisa tem que ser feita. Senti muita indigna\u00e7\u00e3o ao ver a vida banalizada em pleno regime democr\u00e1tico. Ent\u00e3o, decidi protestar nas ruas&#8221;, contou Ant\u00f4nio Carlos Costa, criador da ONG.&nbsp;<br><br>O programa das tardes da Band Rio \u00e9 exibido<strong> <\/strong>ao vivo, de segunda a sexta-feira, das 13h30 \u00e0s 14h30. O programa ao vivo \u00e9 exibido para todo o estado do Rio de Janeiro atrav\u00e9s da Band Rio e para todo o Brasil e mundo atrav\u00e9s do canal do \u201cVem com a Gente\u201d no YouTube da Band Rio: Vem com a Gente \u2013 YouTube.<\/p>\n","protected":false},"excerpt":{"rendered":"<p>Foi celebrado ontem, dia 21 de setembro, o Dia Internacional da Paz e para dar&#8230;<\/p>\n","protected":false},"author":18,"featured_media":6228,"comment_status":"closed","ping_status":"open","sticky":false,"template":"","format":"standard","meta":{"om_disable_all_campaigns":false,"_monsterinsights_skip_tracking":false,"_monsterinsights_sitenote_active":false,"_monsterinsights_sitenote_note":"","_monsterinsights_sitenote_category":0,"spay_email":""},"categories":[1],"tags":[288,349,354,353,352,159],"jetpack_featured_media_url":"https:\/\/vimagazine.com.br\/wp-content\/uploads\/2022\/09\/WhatsApp-Image-2022-09-22-at-15.13.08-1.jpeg","_links":{"self":[{"href":"https:\/\/vimagazine.com.br\/index.php?rest_route=\/wp\/v2\/posts\/6221"}],"collection":[{"href":"https:\/\/vimagazine.com.br\/index.php?rest_route=\/wp\/v2\/posts"}],"about":[{"href":"https:\/\/vimagazine.com.br\/index.php?rest_route=\/wp\/v2\/types\/post"}],"author":[{"embeddable":true,"href":"https:\/\/vimagazine.com.br\/index.php?rest_route=\/wp\/v2\/users\/18"}],"replies":[{"embeddable":true,"href":"https:\/\/vimagazine.com.br\/index.php?rest_route=%2Fwp%2Fv2%2Fcomments&post=6221"}],"version-history":[{"count":2,"href":"https:\/\/vimagazine.com.br\/index.php?rest_route=\/wp\/v2\/posts\/6221\/revisions"}],"predecessor-version":[{"id":6229,"href":"https:\/\/vimagazine.com.br\/index.php?rest_route=\/wp\/v2\/posts\/6221\/revisions\/6229"}],"wp:featuredmedia":[{"embeddable":true,"href":"https:\/\/vimagazine.com.br\/index.php?rest_route=\/wp\/v2\/media\/6228"}],"wp:attachment":[{"href":"https:\/\/vimagazine.com.br\/index.php?rest_route=%2Fwp%2Fv2%2Fmedia&parent=6221"}],"wp:term":[{"taxonomy":"category","embeddable":true,"href":"https:\/\/vimagazine.com.br\/index.php?rest_route=%2Fwp%2Fv2%2Fcategories&post=6221"},{"taxonomy":"post_tag","embeddable":true,"href":"https:\/\/vimagazine.com.br\/index.php?rest_route=%2Fwp%2Fv2%2Ftags&post=6221"}],"curies":[{"name":"wp","href":"https:\/\/api.w.org\/{rel}","templated":true}]}}