{"id":6230,"date":"2022-09-25T19:03:07","date_gmt":"2022-09-25T22:03:07","guid":{"rendered":"https:\/\/vimagazine.com.br\/?p=6230"},"modified":"2022-09-25T19:03:10","modified_gmt":"2022-09-25T22:03:10","slug":"rafa-gamba-integra-o-elenco-de-em-busca-do-balao-magico-uma-aventura-musical","status":"publish","type":"post","link":"https:\/\/vimagazine.com.br\/?p=6230","title":{"rendered":"Rafa Gamba integra o elenco de Em Busca do Bal\u00e3o M\u00e1gico &#8211; Uma Aventura Musical"},"content":{"rendered":"\n<p><\/p>\n\n\n\n<p style=\"font-size:18px\"><em>A atriz mirim Rafa Gamba estreia no teatro musical, dando vida a Sofia no espet\u00e1culo que traz uma hist\u00f3ria divertida e educativa inspirada nas m\u00fasicas do Programa &#8220;Bal\u00e3o M\u00e1gico&#8221; (sucesso atemporal da d\u00e9cada de 80 exibido pela Rede Globo). O musical est\u00e1 em cartaz aos s\u00e1bados e domingos no Teatro das Artes, em S\u00e3o Paulo.<\/em><\/p>\n\n\n\n<p style=\"font-size:18px\"><\/p>\n\n\n\n<p style=\"font-size:18px\">Em uma hist\u00f3ria original que traz \u00e0 tona os conflitos da modernidade com a pureza da imagina\u00e7\u00e3o infantil. Mensagens como a necessidade da paz, a n\u00e3o viol\u00eancia, o respeito aos animais e \u00e0 natureza, al\u00e9m da import\u00e2ncia do n\u00facleo familiar na forma\u00e7\u00e3o das crian\u00e7as, estar\u00e3o presentes nessa &#8220;Busca pelo Bal\u00e3o&#8221;, que no espet\u00e1culo se faz o mote principal, estimulando no p\u00fablico o desejo de um mundo melhor para as pr\u00f3ximas gera\u00e7\u00f5es e a paz para os dias de hoje.<\/p>\n\n\n\n<p style=\"font-size:18px\">Na trama, todos os dias ap\u00f3s a aula Theo, Max, Jaiminho e Sofia se encontram na pra\u00e7a para brincar, por\u00e9m a cidade em que moram est\u00e1 mudando e a rua j\u00e1 n\u00e3o \u00e9 mais t\u00e3o segura quanto antes. Preocupados com a viol\u00eancia e mudan\u00e7a repentina do tempo, os pais resolvem proibir as brincadeiras na rua. As crian\u00e7as atentas \u00e0s mudan\u00e7as chegam \u00e0 conclus\u00e3o de que se a viol\u00eancia aumentar e n\u00e3o puderem mais se encontrar na rua e os pais sempre ocupados como est\u00e3o, v\u00e3o acabar sem companhia para brincar e presas sozinhas dentro de casa.&nbsp;Elas precisam ent\u00e3o agir! Ao ouvir a conversa do filho com os amigos sobre salvar o mundo, o pai de Jaiminho d\u00e1 uma pista: que tudo &#8220;depende de n\u00f3s&#8221; e aprendeu isso com um tal de Bal\u00e3o M\u00e1gico. Ao se encontrarem novamente na pra\u00e7a, d\u00e3o de cara com uma figura de outro planeta, mas muito conhecida de todos os adultos: o Fof\u00e3o! O alien\u00edgena revela que tamb\u00e9m est\u00e1 em busca do Bal\u00e3o M\u00e1gico, que devido \u00e0 falta de amor, sonhos e sentimentos bons, o Bal\u00e3o murchou e pode ter ido direto para a sombria terra da Tristonhol\u00e2ndia.&nbsp;As crian\u00e7as ent\u00e3o n\u00e3o t\u00eam d\u00favidas que reencontrar o Bal\u00e3o seria a esperan\u00e7a para curar os pais da falta de tempo, trazer a paz para a cidade e deixar as ruas livres para brincarem novamente. Juntos partem para uma incr\u00edvel aventura em busca do Bal\u00e3o M\u00e1gico!&nbsp;<\/p>\n\n\n\n<p style=\"font-size:18px\">Rafa Gamba iniciou no teatro em 2018 no CN Artes descobrindo em 2019 o teatro musical na Teenbrodway, ao qual se apaixonou. Estudou tamb\u00e9m no Ballet Paula Castro e Elite Musical, al\u00e9m de aulas particulares de canto. Participou de algumas montagens, sendo as mais recentes Shrek e Footloose.<\/p>\n\n\n\n<p style=\"font-size:18px\">Em Busca do Bal\u00e3o M\u00e1gico &#8211; Uma Aventura Musical&nbsp;traz uma jornada intergal\u00e1ctica que passar\u00e1 pela Passarol\u00e2ndia, a terra da Galinha Magricela e do Pato Cantor, onde acontece o animado Baile dos P\u00e1ssaros. No Mundo dos Sonhos, encontram o am\u00e1vel Urso Pimp\u00e3o e l\u00e1 embarcam no Trenzinho que faz &#8220;chin chin pon pon&#8221; e s\u00e3o levados direto ao pa\u00eds dos Felisbertos, o lugar mais feliz que existe. Uma viagem superfant\u00e1stica que os faz aprender sobre o amor, amizade e felicidade, sentimentos que reunidos formam um poderoso combust\u00edvel, a \u00fanica maneira de poderem inflar o Bal\u00e3o M\u00e1gico!<\/p>\n\n\n\n<p><strong>Ficha t\u00e9cnica<\/strong><\/p>\n\n\n\n<p>Texto: Tulio Rivad\u00e1via&nbsp;<\/p>\n\n\n\n<p>Dire\u00e7\u00e3o geral: Jarbas Homem de Mello<\/p>\n\n\n\n<p>Argumento: Rose Dalney e Tulio Rivad\u00e1via&nbsp;<\/p>\n\n\n\n<p>Dire\u00e7\u00e3o Musical: Laura Visconti<\/p>\n\n\n\n<p>Coreografia: Sabrina Mirabelli<\/p>\n\n\n\n<p>Cen\u00e1rio: Nat\u00e1lia Lana&nbsp;<\/p>\n\n\n\n<p>Ilumina\u00e7\u00e3o: Wagner Freire&nbsp;<\/p>\n\n\n\n<p>Figurinos: Bruno Oliveira&nbsp;<\/p>\n\n\n\n<p>Elenco Mirim: Rafa Gamba, Lorenzo Galli, Gab Cardoso, Pedro Galv\u00e3o<\/p>\n\n\n\n<p>Elenco adulto: Tony Germano, Edmundo Vitor, JV Fiori, Larissa Venturini, Mariana Lilla, Leonardo Sidney, Bel Nobre e Hel\u00f4 Aquino.<\/p>\n\n\n\n<p>Assessoria de Imprensa: Ag\u00eancia Taga<\/p>\n\n\n\n<p>Produ\u00e7\u00e3o Geral: Rose Dalney e Marcio Sam&nbsp;<\/p>\n\n\n\n<p>Idealiza\u00e7\u00e3o e Realiza\u00e7\u00e3o: Miniatura9, Rivad\u00e1via Comunica\u00e7\u00e3o e Religar Comunica\u00e7\u00f5es<\/p>\n\n\n\n<p>Realiza\u00e7\u00e3o: Minist\u00e9rio do Turismo<\/p>\n\n\n\n<p>Patroc\u00ednio: UOL<\/p>\n\n\n\n<p>Apoio: CS Brasil Frotas e Hermes Pardini<\/p>\n\n\n\n<p><strong>S<\/strong>ervi\u00e7o:<\/p>\n\n\n\n<p>&#8220;Em Busca do Bal\u00e3o M\u00e1gico \u2013 Uma Aventura Musical&#8221;<\/p>\n\n\n\n<p>Temporada at\u00e9 6 de novembro de 2022<\/p>\n\n\n\n<p>S\u00e1bados, \u00e0s 14h e 16h | Domingos, \u00e0s 16h<\/p>\n\n\n\n<p>Local: Teatro Das Artes (Shopping Eldorado)&nbsp;&#8211; Av. Rebou\u00e7as, 3970 &#8211; Store 409 &#8211; Pinheiros, S\u00e3o Paulo &#8211; SP<\/p>\n\n\n\n<p>Valor do ingresso: R$35 a R$120<\/p>\n\n\n\n<p>Vendas: Pelo site da\u00a0<a href=\"https:\/\/click.cse360.com.br\/Click\/AddCampaignEmailClick\/4490ecf7-3aa6-4b72-df29-08da6f7dee44\/https%253a%252f%252fbileto.sympla.com.br%252fevent%252f75303\/1da2be3e-add7-40d1-a800-df08425b612e\/grazielavictoria49@gmail.com\/False\" target=\"_blank\" rel=\"noreferrer noopener\">Sympla<\/a>\u00a0ou na bilheteria do teatro | A bilheteria funciona de ter\u00e7a a sexta, de 14h at\u00e9 o in\u00edcio do espet\u00e1culo; e s\u00e1bado e domingo, de 13h at\u00e9 o in\u00edcio do \u00faltimo espet\u00e1culo.<br><\/p>\n\n\n\n<p>Foto: Joaquim Ara\u00fajo<\/p>\n","protected":false},"excerpt":{"rendered":"<p>A atriz mirim Rafa Gamba estreia no teatro musical, dando vida a Sofia no espet\u00e1culo&#8230;<\/p>\n","protected":false},"author":1,"featured_media":6231,"comment_status":"closed","ping_status":"open","sticky":false,"template":"","format":"standard","meta":{"om_disable_all_campaigns":false,"_monsterinsights_skip_tracking":false,"_monsterinsights_sitenote_active":false,"_monsterinsights_sitenote_note":"","_monsterinsights_sitenote_category":0,"spay_email":""},"categories":[1],"tags":[],"jetpack_featured_media_url":"https:\/\/vimagazine.com.br\/wp-content\/uploads\/2022\/09\/306950420_147740934279679_9072834315154995469_n.jpg","_links":{"self":[{"href":"https:\/\/vimagazine.com.br\/index.php?rest_route=\/wp\/v2\/posts\/6230"}],"collection":[{"href":"https:\/\/vimagazine.com.br\/index.php?rest_route=\/wp\/v2\/posts"}],"about":[{"href":"https:\/\/vimagazine.com.br\/index.php?rest_route=\/wp\/v2\/types\/post"}],"author":[{"embeddable":true,"href":"https:\/\/vimagazine.com.br\/index.php?rest_route=\/wp\/v2\/users\/1"}],"replies":[{"embeddable":true,"href":"https:\/\/vimagazine.com.br\/index.php?rest_route=%2Fwp%2Fv2%2Fcomments&post=6230"}],"version-history":[{"count":1,"href":"https:\/\/vimagazine.com.br\/index.php?rest_route=\/wp\/v2\/posts\/6230\/revisions"}],"predecessor-version":[{"id":6232,"href":"https:\/\/vimagazine.com.br\/index.php?rest_route=\/wp\/v2\/posts\/6230\/revisions\/6232"}],"wp:featuredmedia":[{"embeddable":true,"href":"https:\/\/vimagazine.com.br\/index.php?rest_route=\/wp\/v2\/media\/6231"}],"wp:attachment":[{"href":"https:\/\/vimagazine.com.br\/index.php?rest_route=%2Fwp%2Fv2%2Fmedia&parent=6230"}],"wp:term":[{"taxonomy":"category","embeddable":true,"href":"https:\/\/vimagazine.com.br\/index.php?rest_route=%2Fwp%2Fv2%2Fcategories&post=6230"},{"taxonomy":"post_tag","embeddable":true,"href":"https:\/\/vimagazine.com.br\/index.php?rest_route=%2Fwp%2Fv2%2Ftags&post=6230"}],"curies":[{"name":"wp","href":"https:\/\/api.w.org\/{rel}","templated":true}]}}