{"id":6278,"date":"2022-09-27T08:29:34","date_gmt":"2022-09-27T11:29:34","guid":{"rendered":"https:\/\/vimagazine.com.br\/?p=6278"},"modified":"2022-09-27T08:31:06","modified_gmt":"2022-09-27T11:31:06","slug":"6278","status":"publish","type":"post","link":"https:\/\/vimagazine.com.br\/?p=6278","title":{"rendered":""},"content":{"rendered":"\n<p><em>A noite de festa cultural aconteceu na quarta-feira (21), no Museu da Imagem e do Som &#8211; MISA, com convidados VIPs<\/em><\/p>\n\n\n\n<p><em>Por Gigi Accioly<br>fotos: Carlucho Fotografia<\/em><\/p>\n\n\n\n<p>Uma noite das mais concorridas, em clima de muita alegria e emo\u00e7\u00e3o, a Academia de Letras e Artes do Nordeste Brasileiro, n\u00facleo Alagoas (ALANE\/AL) empossou novos acad\u00eamicos e homenageou com a \u201cComenda Pr\u00edncipe dos Poetas Juc\u00e1 Santos\u201d e com o \u201cTrof\u00e9u Jorge de Lima\u201d personalidades que fazem a diferen\u00e7a no&nbsp;segmento socioecon\u00f4mico e cultural de Alagoas.<\/p>\n\n\n\n<p>O evento aconteceu na quarta-feira (21), no Museu da Imagem e do Som \u2013 Misa, sob o comando da presidente da ALANE\/AL, Nara N\u00fabia de Melo S\u00e1.<\/p>\n\n\n\n<p>A reuni\u00e3o ganhou um brilho especial com as apresenta\u00e7\u00f5es culturais do ator Chico de Assis, declamando poemas de Jorge de Lima, \u201cSerra da Barriga\u201d e \u201cEssa Negra Ful\u00f4\u201d \u2013&nbsp;um \u00edcone da literatura modernista brasileira -, e da cantora Madalena Oliveira que cantou o Hino Nacional Brasileiro na abertura da reuni\u00e3o, depois \u201cEvoca\u00e7\u00e3o de Alagoas\u201d, um frevo de autoria de Juc\u00e1 Santos, sempre acompanhada no teclado, por Inez Gama, uma das empossadas. Outra interven\u00e7\u00e3o cultural foi de&nbsp;Ad\u00e9lia Magalh\u00e3es, que, de surpresa, brindou os convidados com uma poesia de sua autoria.<\/p>\n\n\n\n<p>No final da solenidade, para fechar com chave de ouro, a presidente da Alane\/AL, Nara N\u00fabia de Melo S\u00e1, agradeceu e parabenizou os empossados e os agraciados.&nbsp;<strong>\u201c<\/strong>Gostaria de parabenizar os&nbsp;<em>nov\u00e9is&nbsp;<\/em>acad\u00eamicos que hoje se tornam imortais. Sintam-se acolhidos em nosso meio e tenham a certeza de que voc\u00eas vieram enriquecer nossa Academia.<br>Gostaria de parabenizar tamb\u00e9m todos os homenageados desta gloriosa noite pelos seus feitos em prol da sociedade, cada um no exerc\u00edcio da sua profiss\u00e3o.&nbsp;A todos nossos agradecimentos pela presen\u00e7a.<\/p>\n\n\n\n<p>Agradecimento especial pela colabora\u00e7\u00e3o e participa\u00e7\u00e3o dos acad\u00eamicos Maria Nailza, minha irm\u00e3; Madalena Oliveira,&nbsp;Ver\u00f4nica Galv\u00e3o,&nbsp;Socorro Lamenha,&nbsp;Inez Gama,&nbsp;Passos Sax,&nbsp;Chico de Assis; Gigi Accioly nossa cerimonialista e pela divulga\u00e7\u00e3o do evento na coluna \u2018Em Evid\u00eancia\u2019,&nbsp;Fredy Correia pelo&nbsp;design&nbsp;do trof\u00e9u Jorge de Lima; aos oradores Marly Ribeiro de Souza Apr\u00edgio e Jorge Luiz Soares Melo; ao Pedro do Petrus Buffet e ao Carlos Alberto fotografias.&nbsp;Sem voc\u00eas esta noite n\u00e3o teria sido brilhante<strong>\u201d<\/strong>, finalizou, Nara.<\/p>\n\n\n\n<p>Ap\u00f3s a solenidade, foi servido coquetel no andar t\u00e9rreo do Misa.<\/p>\n","protected":false},"excerpt":{"rendered":"<p>A noite de festa cultural aconteceu na quarta-feira (21), no Museu da Imagem e do&#8230;<\/p>\n","protected":false},"author":2,"featured_media":6279,"comment_status":"closed","ping_status":"open","sticky":false,"template":"","format":"standard","meta":{"om_disable_all_campaigns":false,"_monsterinsights_skip_tracking":false,"_monsterinsights_sitenote_active":false,"_monsterinsights_sitenote_note":"","_monsterinsights_sitenote_category":0,"spay_email":""},"categories":[26],"tags":[],"jetpack_featured_media_url":"https:\/\/vimagazine.com.br\/wp-content\/uploads\/2022\/09\/7b786aa4-50c3-44ec-a33f-98636365fab8.jpg","_links":{"self":[{"href":"https:\/\/vimagazine.com.br\/index.php?rest_route=\/wp\/v2\/posts\/6278"}],"collection":[{"href":"https:\/\/vimagazine.com.br\/index.php?rest_route=\/wp\/v2\/posts"}],"about":[{"href":"https:\/\/vimagazine.com.br\/index.php?rest_route=\/wp\/v2\/types\/post"}],"author":[{"embeddable":true,"href":"https:\/\/vimagazine.com.br\/index.php?rest_route=\/wp\/v2\/users\/2"}],"replies":[{"embeddable":true,"href":"https:\/\/vimagazine.com.br\/index.php?rest_route=%2Fwp%2Fv2%2Fcomments&post=6278"}],"version-history":[{"count":3,"href":"https:\/\/vimagazine.com.br\/index.php?rest_route=\/wp\/v2\/posts\/6278\/revisions"}],"predecessor-version":[{"id":6282,"href":"https:\/\/vimagazine.com.br\/index.php?rest_route=\/wp\/v2\/posts\/6278\/revisions\/6282"}],"wp:featuredmedia":[{"embeddable":true,"href":"https:\/\/vimagazine.com.br\/index.php?rest_route=\/wp\/v2\/media\/6279"}],"wp:attachment":[{"href":"https:\/\/vimagazine.com.br\/index.php?rest_route=%2Fwp%2Fv2%2Fmedia&parent=6278"}],"wp:term":[{"taxonomy":"category","embeddable":true,"href":"https:\/\/vimagazine.com.br\/index.php?rest_route=%2Fwp%2Fv2%2Fcategories&post=6278"},{"taxonomy":"post_tag","embeddable":true,"href":"https:\/\/vimagazine.com.br\/index.php?rest_route=%2Fwp%2Fv2%2Ftags&post=6278"}],"curies":[{"name":"wp","href":"https:\/\/api.w.org\/{rel}","templated":true}]}}