{"id":6289,"date":"2022-09-28T04:32:44","date_gmt":"2022-09-28T07:32:44","guid":{"rendered":"https:\/\/vimagazine.com.br\/?p=6289"},"modified":"2022-09-28T04:32:50","modified_gmt":"2022-09-28T07:32:50","slug":"claudia-carletto-fala-da-sua-candidatura-a-deputada-federal-e-de-suas-perspectivas","status":"publish","type":"post","link":"https:\/\/vimagazine.com.br\/?p=6289","title":{"rendered":"Claudia Carletto fala da sua candidatura a deputada federal e de suas perspectivas"},"content":{"rendered":"\n<p><\/p>\n\n\n\n<p><strong>&nbsp;&nbsp; Claudia Carletto<\/strong> \u00e9 jornalista, p\u00f3s-graduada em Marketing Pol\u00edtico pela ECA-USP e mestre em Cidades Inteligentes e Sustent\u00e1veis pela <strong>UNINOVE<\/strong>. Filiada ao Partido da Social Democracia Brasileira (<strong>PSDB<\/strong>), Claudia foi secret\u00e1ria municipal de Direitos Humanos e Cidadania da Prefeitura de S\u00e3o Paulo de dezembro de 2019 e abril de 2022 e, anteriormente, secret\u00e1ria-executiva adjunta de Pol\u00edticas para Mulheres na mesma secretaria (2018-2019). Neste per\u00edodo, num cen\u00e1rio de pandemia, esteve sob sua responsabilidade, entre outras atribui\u00e7\u00f5es, a estrutura\u00e7\u00e3o e amplia\u00e7\u00e3o do atendimento de toda a rede de apoio para mulheres v\u00edtimas de viol\u00eancia dom\u00e9stica na capital paulistana &#8211; para que se tenha uma ideia, somente em 2021, a Prefeitura de S\u00e3o Paulo registrou mais de 42 mil atendimentos em seus postos de acolhimento, um aumento de 75% em rela\u00e7\u00e3o a 2020.<\/p>\n\n\n\n<p>&nbsp;&nbsp; A prop\u00f3sito da sua candidatura, a deputada federal, que eu entrevistei <strong>Claudia Carletto<\/strong>. Na oportunidade, ela fala sobre os seus projetos, perspectivas e expectativas para o dia das elei\u00e7\u00f5es.<\/p>\n\n\n\n<p><strong><em>Quando a senhora decidiu entrar na pol\u00edtica e o que mais a motivou?<\/em><\/strong><\/p>\n\n\n\n<p>&nbsp; <strong>R:<\/strong> Para mim, a pol\u00edtica sempre representou um instrumento fundamental para construir uma sociedade mais justa e democr\u00e1tica. \u00c9 atrav\u00e9s dela que podemos expressar nossa vontade e lutar pelas mudan\u00e7as que consideramos necess\u00e1rias para melhorar nossas cidades, estados e o Pa\u00eds. Por isso, em 1994 decidi me filiar ao PSDB. Graduada em Jornalismo, continuei minha forma\u00e7\u00e3o no sentido de seguir na pol\u00edtica, fazendo p\u00f3s-gradua\u00e7\u00e3o em Marketing Pol\u00edtico e mestrado em Cidades Inteligentes e Sustent\u00e1veis. Com a senadora Mara Gabrilli, desde 2005 venho trabalhando pelas pessoas com defici\u00eancia e pela popula\u00e7\u00e3o mais vulner\u00e1vel.<\/p>\n\n\n\n<p>&nbsp;&nbsp; &#8211; Fui secret\u00e1ria-adjunta de Pol\u00edticas para Mulheres na Cidade de S\u00e3o Paulo e, a convite do prefeito Bruno Covas, assumi em 2019 a Secretaria Municipal de Direitos Humanos e Cidadania. Quando tive esse estreito contato com os Direitos Humanos &#8211; e atuei pela igualdade de todos os cidad\u00e3os, sobretudo as minorias \u2013 vi que estava no meu lugar: um lugar de conseguir trabalhar pelos outros e de poder impactar, de fato, muitas vidas. E isso se d\u00e1 atrav\u00e9s da a\u00e7\u00e3o pol\u00edtica, por isso acredito que \u00e9 a melhor forma que eu posso ajudar a desenvolver e construir o pa\u00eds em que eu vivo.<\/p>\n\n\n\n<p><strong><em>Quais os seus projetos na \u00e1rea da inclus\u00e3o social ao assumir o cargo de Deputada Federal?<\/em><\/strong><\/p>\n\n\n\n<p>&nbsp;&nbsp; <strong>R:<\/strong> Em meu Plano de Mandato, dividi esta quest\u00e3o em diversas \u00e1reas. Na \u00e1rea das pessoas com defici\u00eancia, quero defender a regulamenta\u00e7\u00e3o integral da Lei Brasileira de Inclus\u00e3o, <strong>lei da Mara Gabrilli<\/strong>, senadora e atual candidata \u00e0 vice-presid\u00eancia da Rep\u00fablica na chapa de&nbsp; Simone Tebet para presidente; incentivar o investimento da gest\u00e3o p\u00fablica para efici\u00eancia nos sistemas de dispensa\u00e7\u00e3o de \u00f3rteses e pr\u00f3teses; apoiar a expans\u00e3o dos centros de reabilita\u00e7\u00e3o, defender a inclus\u00e3o da educa\u00e7\u00e3o especializada para autistas; enfrentamento ao preconceito e discrimina\u00e7\u00e3o, al\u00e9m de sugerir a cria\u00e7\u00e3o de redes de apoio \u00e0s fam\u00edlias.<\/p>\n\n\n\n<p>&nbsp;&nbsp; &#8211; J\u00e1 pela Igualdade Racial, pretendemos atuar no campo da seguran\u00e7a p\u00fablica e justi\u00e7a no combate a crimes raciais e de intoler\u00e2ncia religiosa; ampliar a titula\u00e7\u00e3o dos 36 quilombos j\u00e1 reconhecidos no Estado de S\u00e3o Paulo; atuar para o bom funcionamento e fiscalizar a atua\u00e7\u00e3o do Plano Nacional de Igualdade Racial (<strong>Planapir<\/strong>); propor ajustes ao Sistema Nacional de Promo\u00e7\u00e3o da Igualdade Racial para Inclus\u00e3o dos Povos Tradicionais<\/p>\n\n\n\n<p>&nbsp;&nbsp; &#8211; Na \u00e1rea da diversidade sexual, vamos defender a cria\u00e7\u00e3o do Estatuto das Pessoas <strong>LGBTQIA+<\/strong>; o fomento \u00e0 pesquisa e mapeamento sociodemogr\u00e1fico com foco em planejamento de pol\u00edticas p\u00fablicas; defender os direitos da inf\u00e2ncia, adolesc\u00eancia e juventude <strong>LGBTQIA+<\/strong> sem discrimina\u00e7\u00e3o, com oportunidade de escolaridade e trabalho; garantir o acesso a cuidados em sa\u00fade mental e apoiar pol\u00edticas de empregabilidade deste p\u00fablico.<\/p>\n\n\n\n<p><strong><em>Quais foram os seus maiores desafios no combate \u00e0 pandemia em S\u00e3o Paulo?<\/em><\/strong><\/p>\n\n\n\n<p>&nbsp;&nbsp; <strong>R:<\/strong>&nbsp; O desafio foi enorme. Logo que assumi a Secretaria Municipal dos Direitos Humanos e Cidadania de S\u00e3o Paulo, chegou \u00e0 pandemia e tivemos que atuar rapidamente para oferecer solu\u00e7\u00f5es para as fam\u00edlias que perderam seus empregos, perderam renda e n\u00e3o tinham como colocar comida na mesa. Entre as a\u00e7\u00f5es desenvolvidas pela pasta neste per\u00edodo, est\u00e1 o Cidade Solid\u00e1ria, que previa a entrega de cestas b\u00e1sicas e de higiene por meio de doa\u00e7\u00f5es de pessoas f\u00edsicas e jur\u00eddicas. At\u00e9 o final de 2021, foram entregues cerca de 6,1 milh\u00f5es de cestas b\u00e1sicas e oferecidas 8,1 milh\u00f5es de refei\u00e7\u00f5es.&nbsp;Al\u00e9m disso, criamos o Rede Cozinha Cidad\u00e3 PoPRua, iniciativa com o objetivo de oferecer refei\u00e7\u00f5es a pessoas em situa\u00e7\u00e3o de rua ao mesmo tempo que contribu\u00eda para a manuten\u00e7\u00e3o dos restaurantes afetados pelas medidas emergenciais. Pesquisa sobre o impacto da medida entre os restaurantes cadastrados apontou que 70% destes estabelecimentos s\u00f3 conseguiram manter o neg\u00f3cio gra\u00e7as aos recursos do Programa Cozinha Cidad\u00e3.\u2028<\/p>\n\n\n\n<p>&nbsp; &#8211; Ao mesmo tempo, com o aumento da viol\u00eancia, n\u00e3o apenas a dom\u00e9stica, contra a mulher, mas contra os jovens, crian\u00e7as, idosos e a popula\u00e7\u00e3o LGBTQIA+, precisamos ampliar os canais de den\u00fancia e manter todos os equipamentos de direitos humanos dispon\u00edveis na prefeitura abertos e funcionando para atender toda essa popula\u00e7\u00e3o. Estruturamos e ampliamos o atendimento de toda a rede de apoio para mulheres v\u00edtimas de viol\u00eancia dom\u00e9stica na capital paulistana &#8211; para que se tenha uma ideia, somente em 2021, a Prefeitura de S\u00e3o Paulo registrou mais de 42 mil atendimentos em seus postos de acolhimento, um aumento de 75% em rela\u00e7\u00e3o a 2020.<\/p>\n\n\n\n<p><strong><em>Quais os projetos que a senhora tem para combate \u00e0 viol\u00eancia dom\u00e9stica?<\/em><\/strong><\/p>\n\n\n\n<p>&nbsp;<strong>R:<\/strong> A discrimina\u00e7\u00e3o e a viol\u00eancia contra a mulher, consequ\u00eancia da nossa pr\u00f3pria estrutura social, n\u00e3o s\u00e3o mais aceit\u00e1veis em nossa sociedade. Um Estado mais justo para n\u00f3s mulheres, significa garantir o respeito, a prote\u00e7\u00e3o, o acesso a emprego e renda em igualdade de condi\u00e7\u00f5es, o acesso a sa\u00fade, uma vida sem viol\u00eancia.<\/p>\n\n\n\n<p>&nbsp; &#8211; Pensando nisso, queremos, antes de mais nada, garantir o amplo acesso aos cuidados de sa\u00fade das meninas e mulheres, buscar solu\u00e7\u00f5es para a garantia de acesso a renda e mercado de trabalho com igualdade salarial, dar prioridade nas a\u00e7\u00f5es de educa\u00e7\u00e3o sexual desde a juventude, e acesso a amplas formas de meios contraceptivos.<\/p>\n\n\n\n<p>&nbsp; &#8211; Na nossa proposta est\u00e1 ainda a implementa\u00e7\u00e3o de uma pol\u00edtica de atendimento humanizado desde a gravidez at\u00e9 o parto, de maneira a combater a viol\u00eancia obst\u00e9trica. Al\u00e9m disso, vamos trabalhar pela amplia\u00e7\u00e3o da rede de enfrentamento \u00e0 viol\u00eancia contra a mulher em todo pa\u00eds e defender o aumento do or\u00e7amento destinado \u00e0s pol\u00edticas para mulheres em geral.<\/p>\n\n\n\n<p><strong><em>Quais os seus projetos de combate \u00e0 fome?<\/em><\/strong><\/p>\n\n\n\n<p><strong>&nbsp; R:<\/strong>&nbsp; Hoje, no p\u00f3s-pandemia e com a crise econ\u00f4mica que enfrentamos, milh\u00f5es de brasileiros n\u00e3o conseguem colocar comida na mesa, o pa\u00eds retornou para o Mapa da Fome. Para conseguirmos reverter esse quadro, ser\u00e1 preciso investir em planos emergenciais e pol\u00edticas p\u00fablicas de longo prazo que atendam \u00e0s necessidades b\u00e1sicas e urgentes daqueles que, muitas vezes, v\u00e3o para a cama sem se alimentar.<\/p>\n\n\n\n<p>&#8211; Para isso, vamos defender o aperfei\u00e7oamento or\u00e7ament\u00e1rio para pol\u00edticas de enfrentamento \u00e0 fome e erradica\u00e7\u00e3o da pobreza, defender e fiscalizar a aplica\u00e7\u00e3o integral do Sistema Nacional de Seguran\u00e7a Alimentar e Nutricional (SISAN) e propor melhorias \u00e0 lei que criou o sistema.<\/p>\n\n\n\n<p><strong><em>Como as pessoas podem fazer para conhecerem o seu programa de governo?&nbsp;<\/em><\/strong><\/p>\n\n\n\n<p>&nbsp; <strong>R:<\/strong>&nbsp; \u00c9 s\u00f3 visitar o meu site <a href=\"http:\/\/www.claudiacarletto.com.br\">www.claudiacarletto.com.br<\/a>. Tamb\u00e9m estou no Instagram (<a href=\"http:\/\/www.instagram.com\/claudiacarletto\">www.instagram.com\/claudiacarletto<\/a>) e no Facebook (<a href=\"http:\/\/www.facebook.com\/carlettoclaudia\">www.facebook.com\/carlettoclaudia<\/a> ).<\/p>\n","protected":false},"excerpt":{"rendered":"<p>&nbsp;&nbsp; Claudia Carletto \u00e9 jornalista, p\u00f3s-graduada em Marketing Pol\u00edtico pela ECA-USP e mestre em Cidades&#8230;<\/p>\n","protected":false},"author":2,"featured_media":6290,"comment_status":"closed","ping_status":"open","sticky":false,"template":"","format":"standard","meta":{"om_disable_all_campaigns":false,"_monsterinsights_skip_tracking":false,"_monsterinsights_sitenote_active":false,"_monsterinsights_sitenote_note":"","_monsterinsights_sitenote_category":0,"spay_email":""},"categories":[31],"tags":[437,439,438],"jetpack_featured_media_url":"https:\/\/vimagazine.com.br\/wp-content\/uploads\/2022\/09\/aa64ecb0-35e1-41b7-b472-39571bfbd405.jpg","_links":{"self":[{"href":"https:\/\/vimagazine.com.br\/index.php?rest_route=\/wp\/v2\/posts\/6289"}],"collection":[{"href":"https:\/\/vimagazine.com.br\/index.php?rest_route=\/wp\/v2\/posts"}],"about":[{"href":"https:\/\/vimagazine.com.br\/index.php?rest_route=\/wp\/v2\/types\/post"}],"author":[{"embeddable":true,"href":"https:\/\/vimagazine.com.br\/index.php?rest_route=\/wp\/v2\/users\/2"}],"replies":[{"embeddable":true,"href":"https:\/\/vimagazine.com.br\/index.php?rest_route=%2Fwp%2Fv2%2Fcomments&post=6289"}],"version-history":[{"count":1,"href":"https:\/\/vimagazine.com.br\/index.php?rest_route=\/wp\/v2\/posts\/6289\/revisions"}],"predecessor-version":[{"id":6291,"href":"https:\/\/vimagazine.com.br\/index.php?rest_route=\/wp\/v2\/posts\/6289\/revisions\/6291"}],"wp:featuredmedia":[{"embeddable":true,"href":"https:\/\/vimagazine.com.br\/index.php?rest_route=\/wp\/v2\/media\/6290"}],"wp:attachment":[{"href":"https:\/\/vimagazine.com.br\/index.php?rest_route=%2Fwp%2Fv2%2Fmedia&parent=6289"}],"wp:term":[{"taxonomy":"category","embeddable":true,"href":"https:\/\/vimagazine.com.br\/index.php?rest_route=%2Fwp%2Fv2%2Fcategories&post=6289"},{"taxonomy":"post_tag","embeddable":true,"href":"https:\/\/vimagazine.com.br\/index.php?rest_route=%2Fwp%2Fv2%2Ftags&post=6289"}],"curies":[{"name":"wp","href":"https:\/\/api.w.org\/{rel}","templated":true}]}}