{"id":6297,"date":"2022-09-28T14:00:23","date_gmt":"2022-09-28T17:00:23","guid":{"rendered":"https:\/\/vimagazine.com.br\/?p=6297"},"modified":"2022-09-28T14:03:19","modified_gmt":"2022-09-28T17:03:19","slug":"murilo-cunha-visita-sede-do-palacete-levy-em-limeira","status":"publish","type":"post","link":"https:\/\/vimagazine.com.br\/?p=6297","title":{"rendered":"Murilo Cunha visita sede do Palacete Levy em Limeira SP"},"content":{"rendered":"\n<p><\/p>\n\n\n\n<p style=\"font-size:18px\">O ator Murilo Cunha visitou na manh\u00e3 de segunda-feira o Palacete Levy, que \u00e9 a sede da secretaria da Cultura de Limeira, cidade onde nasceu.<\/p>\n\n\n\n<p style=\"font-size:18px\">Em cada sala que entrava, lembrava das diversas pe\u00e7as e oficinas de teatro que participou no in\u00edcio da sua carreira de ator.<\/p>\n\n\n\n<p style=\"font-size:18px\">Murilo foi recepcionado pelo Secret\u00e1rio da Cultura , Sr. Farid Zaine e seu assessor; e aproveitou para convid\u00e1-lo para a pe\u00e7a \u201cNunca desista de seus sonhos\u201d, na qual faz parte ao lado de Myrian Rios,Nizo Neto e Mari Feil no pr\u00f3ximo dia 08\/10 no Teatro Vit\u00f3ria.<br>O evento \u00e9 uma realiza\u00e7\u00e3o da Applaus com promo\u00e7\u00e3o da Dreamsellers, a dire\u00e7\u00e3o \u00e9 de Rog\u00e9rio Fabiano sob o comando de Luciano Cardoso.<\/p>\n","protected":false},"excerpt":{"rendered":"<p>O ator Murilo Cunha visitou na manh\u00e3 de segunda-feira o Palacete Levy, que \u00e9 a&#8230;<\/p>\n","protected":false},"author":1,"featured_media":6298,"comment_status":"closed","ping_status":"open","sticky":false,"template":"","format":"standard","meta":{"om_disable_all_campaigns":false,"_monsterinsights_skip_tracking":false,"_monsterinsights_sitenote_active":false,"_monsterinsights_sitenote_note":"","_monsterinsights_sitenote_category":0,"spay_email":""},"categories":[1],"tags":[],"jetpack_featured_media_url":"https:\/\/vimagazine.com.br\/wp-content\/uploads\/2022\/09\/WhatsApp-Image-2022-09-26-at-20.07.15.jpeg","_links":{"self":[{"href":"https:\/\/vimagazine.com.br\/index.php?rest_route=\/wp\/v2\/posts\/6297"}],"collection":[{"href":"https:\/\/vimagazine.com.br\/index.php?rest_route=\/wp\/v2\/posts"}],"about":[{"href":"https:\/\/vimagazine.com.br\/index.php?rest_route=\/wp\/v2\/types\/post"}],"author":[{"embeddable":true,"href":"https:\/\/vimagazine.com.br\/index.php?rest_route=\/wp\/v2\/users\/1"}],"replies":[{"embeddable":true,"href":"https:\/\/vimagazine.com.br\/index.php?rest_route=%2Fwp%2Fv2%2Fcomments&post=6297"}],"version-history":[{"count":2,"href":"https:\/\/vimagazine.com.br\/index.php?rest_route=\/wp\/v2\/posts\/6297\/revisions"}],"predecessor-version":[{"id":6300,"href":"https:\/\/vimagazine.com.br\/index.php?rest_route=\/wp\/v2\/posts\/6297\/revisions\/6300"}],"wp:featuredmedia":[{"embeddable":true,"href":"https:\/\/vimagazine.com.br\/index.php?rest_route=\/wp\/v2\/media\/6298"}],"wp:attachment":[{"href":"https:\/\/vimagazine.com.br\/index.php?rest_route=%2Fwp%2Fv2%2Fmedia&parent=6297"}],"wp:term":[{"taxonomy":"category","embeddable":true,"href":"https:\/\/vimagazine.com.br\/index.php?rest_route=%2Fwp%2Fv2%2Fcategories&post=6297"},{"taxonomy":"post_tag","embeddable":true,"href":"https:\/\/vimagazine.com.br\/index.php?rest_route=%2Fwp%2Fv2%2Ftags&post=6297"}],"curies":[{"name":"wp","href":"https:\/\/api.w.org\/{rel}","templated":true}]}}