{"id":6301,"date":"2022-09-28T14:33:50","date_gmt":"2022-09-28T17:33:50","guid":{"rendered":"https:\/\/vimagazine.com.br\/?p=6301"},"modified":"2022-09-28T14:33:52","modified_gmt":"2022-09-28T17:33:52","slug":"ator-deo-garcez-no-ar-em-mar-do-sertao-e-o-cravo-e-a-rosa-volta-aos-palcos-com-seu-espetaculo-luiz-gama","status":"publish","type":"post","link":"https:\/\/vimagazine.com.br\/?p=6301","title":{"rendered":"Ator Deo Garcez, no ar em Mar do Sert\u00e3o e O Cravo e a Rosa, volta aos palcos com seu espet\u00e1culo &#8220;Luiz Gama&#8221;"},"content":{"rendered":"\n<div class=\"wp-block-image\"><figure class=\"aligncenter size-large is-resized\"><img src=\"https:\/\/vimagazine.com.br\/wp-content\/uploads\/2022\/09\/SORAIA-ARNONI-E-DEO-GARCEZ-2-681x1024.jpg\" alt=\"\" class=\"wp-image-6302\" width=\"514\" height=\"773\" srcset=\"https:\/\/vimagazine.com.br\/wp-content\/uploads\/2022\/09\/SORAIA-ARNONI-E-DEO-GARCEZ-2-681x1024.jpg 681w, https:\/\/vimagazine.com.br\/wp-content\/uploads\/2022\/09\/SORAIA-ARNONI-E-DEO-GARCEZ-2-199x300.jpg 199w, https:\/\/vimagazine.com.br\/wp-content\/uploads\/2022\/09\/SORAIA-ARNONI-E-DEO-GARCEZ-2-768x1155.jpg 768w, https:\/\/vimagazine.com.br\/wp-content\/uploads\/2022\/09\/SORAIA-ARNONI-E-DEO-GARCEZ-2.jpg 851w\" sizes=\"(max-width: 514px) 100vw, 514px\" \/><\/figure><\/div>\n\n\n\n<p><strong>Deo Garcez est\u00e1 de volta com seu espet\u00e1culo LUIZ GAMA \u2013 UMA VOZ PELA LIBERDADE\u201d no Rio de Janeiro, dividindo o palco com a atriz Soraia Arnoni.<br>Novas temporadas em outubro e novembro.<br><\/strong><br>Deo Garcez, ator contratado da TV Globo, hoje na novela MAR DO SERT\u00c3O e na reprise de O CRAVO E A ROSA, far\u00e1 novas temporadas do espet\u00e1culo de sua autoria, \u201cLUIZ GAMA \u2013 UMA VOZ PELA LIBERDADE\u201d, em outubro e em novembro (m\u00eas da Consci\u00eancia Negra). O ator tamb\u00e9m viveu Luiz Gama na novela NOS TEMPOS DO IMPERADOR, o que lhe rendeu convite para fazer a novela MAR DO SERT\u00c3O.<br><br>\u201cLuiz Gama \u2013 Uma Voz pela Liberdade\u201d, h\u00e1 sete anos em cartaz, volta ao Teatro Sala Mar\u00edlia Pera em outubro, e novembro, no Teatro do CCJF (Centro Cultural Justi\u00e7a Federal), Rio de Janeiro.<br>Com texto de Deo Garcez, dire\u00e7\u00e3o de Ricardo Torres, o espet\u00e1culo \u00e9 um sucesso, est\u00e1 h\u00e1 sete anos em cartaz, fazendo sucessivas temporadas no Rio e pelo Brasil \u00e0 fora.<br>Deo vive o pr\u00f3prio Luiz Gama e divide o palco com a atriz Soraia Arnoni, que vive Luiza Mahim, sua m\u00e3e, lider abolicionista da Revolta dos Mal\u00eas. O espet\u00e1culo tem o luxo de contar com o \u00e1udio de introdu\u00e7\u00e3o na voz do grande e saudoso ator MILTON GON\u00c7ALVES, seu \u00faltimo trabalho no teatro.<br>A pe\u00e7a \u00e9 uma biografia dramatizada de Luiz Gama, ex-escravo, jornalista, poeta, primeira voz negra da literatura brasileira, o maior advogado de pessoas escravizadas no Brasil, Patrono da Aboli\u00e7\u00e3o e Her\u00f3i da p\u00e1tria brasileira. O espet\u00e1culo prop\u00f5e uma reflex\u00e3o sobre a \u00e9poca de Luiz Gama, a atualidade, o Brasil de hoje e o racismo estrutural ainda t\u00e3o presente em nossa sociedade, de forma contextualizada, mostrando que a luta de Gama \u00e9 necess\u00e1ria e permanente.<br>Ao longo de sua trajet\u00f3ria, o espet\u00e1culo tem recebido diversas homenagens, como o Trof\u00e9u Ubuntu de Melhor Espet\u00e1culo em 2019 e a Medalha Pedro Ernesto (2018), que \u00e9 maior comenda da cidade do Rio de Janeiro, dada ao ator Deo Garcez pelos seus 42 anos de carreira e por recuperar atrav\u00e9s do teatro, a import\u00e2ncia e contribui\u00e7\u00e3o fundamental do her\u00f3i Gama em sua luta abolicionista, pela igualdade de direitos e pela justi\u00e7a. Outra homenagem aconteceu quando Deo e sua equipe foram convidados para desfilarem na Marqu\u00eas de Sapuca\u00ed pela escola de samba Cubango, cujo enredo foi Luiz Gama. Deo o viveu tamb\u00e9m na avenida no carnaval de 2020.<br>Al\u00e9m disso, o projeto Luiz Gama vem de encontro \u00e0s premissas do Plano Nacional de Implementa\u00e7\u00e3o das Diretrizes Curriculares Nacionais para Educa\u00e7\u00e3o das Rela\u00e7\u00f5es \u00c9tnico-raciais e para o Ensino de Hist\u00f3ria e Cultura Afro-brasileira, Africana e Ind\u00edgena, a Leis 10639\/03 \u2013 11.645\/08.<br><em>\u201cO espet\u00e1culo \u00e9 um instrumento eficaz de combate ao racismo e \u00e0s desigualdades\u201d, o ator costuma afirmar<\/em>.<\/p>\n\n\n\n<p><br><br><em><strong>TEMPORADA NO TEATRO SALA MAR\u00cdLIA PERA:<\/strong><\/em><br><br>DIAS: 06, 13 e 17 (quintas-feiras), \u00e0s 20h, de Outubro.<br>DURA\u00c7\u00c3O: 1 hora<br>CLASSIFICA\u00c7\u00c3O: Livre<br>ENDERE\u00c7O<br>Rua Conde de Bernadotte, 26 Leblon \u2013 Rio de Janeiro<br>Tel: (21) 2529-7700<br>INGRESSOS: Entre R$35,00 e R$70,00<br>Na bilheteria do teatro, e pela plataforma SYMPLA, link:<br><a href=\"https:\/\/bileto.sympla.com.br\/event\/77192\/d\/161383\" target=\"_blank\" rel=\"noreferrer noopener\">https:\/\/bileto.sympla.com.br\/event\/77192\/d\/161383<\/a><\/p>\n\n\n\n<p>VALOR<br>Inteira: R$ 70,00 &#8211; Meia: R$ 35,00<br><br><strong>TEMPORADA NO CCJF:<\/strong><br>DIAS: 19, 20 E 21, 26,27 E 28 (sextas, s\u00e1bados e domingos), \u00e0s 19h, de Novembro.<br>ENDERE\u00c7O<br>Av. Rio Branco, 241 \u2013 Centro (Cinel\u00e2ndia) \u2013 Rio de Janeiro<br>Tel:(21) 3261-2550<br>VALOR:<br>Inteira: R$ 40,00 \u2013 Meia 20,00<br>INGRESSOS: Na bilheteria do teatro<br><br>TEXTO: Deo Garcez<br>DIRE\u00c7\u00c3O: Ricardo Torres<br>ELENCO: Deo Garcez e Soraia Arnoni<br>\u00c1UDIO APRESENTA\u00c7\u00c3O (Voz):<br>Milton Gon\u00e7alves<br>PRODU\u00c7\u00c3O: Antonio Tostes e Deo Garcez\/ARSFACERE<br>Assessoria: M\u00e1rcia Ara\u00fajo<\/p>\n","protected":false},"excerpt":{"rendered":"<p>Deo Garcez est\u00e1 de volta com seu espet\u00e1culo LUIZ GAMA \u2013 UMA VOZ PELA LIBERDADE\u201d&#8230;<\/p>\n","protected":false},"author":19,"featured_media":6303,"comment_status":"closed","ping_status":"open","sticky":false,"template":"","format":"standard","meta":{"om_disable_all_campaigns":false,"_monsterinsights_skip_tracking":false,"_monsterinsights_sitenote_active":false,"_monsterinsights_sitenote_note":"","_monsterinsights_sitenote_category":0,"spay_email":""},"categories":[27],"tags":[],"jetpack_featured_media_url":"https:\/\/vimagazine.com.br\/wp-content\/uploads\/2022\/09\/DEO-GARCEZ-em-LUIZ-GAMA.-Foto-de-Crsitina-Granato-2.jpg","_links":{"self":[{"href":"https:\/\/vimagazine.com.br\/index.php?rest_route=\/wp\/v2\/posts\/6301"}],"collection":[{"href":"https:\/\/vimagazine.com.br\/index.php?rest_route=\/wp\/v2\/posts"}],"about":[{"href":"https:\/\/vimagazine.com.br\/index.php?rest_route=\/wp\/v2\/types\/post"}],"author":[{"embeddable":true,"href":"https:\/\/vimagazine.com.br\/index.php?rest_route=\/wp\/v2\/users\/19"}],"replies":[{"embeddable":true,"href":"https:\/\/vimagazine.com.br\/index.php?rest_route=%2Fwp%2Fv2%2Fcomments&post=6301"}],"version-history":[{"count":1,"href":"https:\/\/vimagazine.com.br\/index.php?rest_route=\/wp\/v2\/posts\/6301\/revisions"}],"predecessor-version":[{"id":6304,"href":"https:\/\/vimagazine.com.br\/index.php?rest_route=\/wp\/v2\/posts\/6301\/revisions\/6304"}],"wp:featuredmedia":[{"embeddable":true,"href":"https:\/\/vimagazine.com.br\/index.php?rest_route=\/wp\/v2\/media\/6303"}],"wp:attachment":[{"href":"https:\/\/vimagazine.com.br\/index.php?rest_route=%2Fwp%2Fv2%2Fmedia&parent=6301"}],"wp:term":[{"taxonomy":"category","embeddable":true,"href":"https:\/\/vimagazine.com.br\/index.php?rest_route=%2Fwp%2Fv2%2Fcategories&post=6301"},{"taxonomy":"post_tag","embeddable":true,"href":"https:\/\/vimagazine.com.br\/index.php?rest_route=%2Fwp%2Fv2%2Ftags&post=6301"}],"curies":[{"name":"wp","href":"https:\/\/api.w.org\/{rel}","templated":true}]}}