{"id":6309,"date":"2022-09-28T18:16:08","date_gmt":"2022-09-28T21:16:08","guid":{"rendered":"https:\/\/vimagazine.com.br\/?p=6309"},"modified":"2022-09-28T18:16:12","modified_gmt":"2022-09-28T21:16:12","slug":"sindexpo-encerra-com-expetativa-de-8-milhoes-em-vendas-e-ja-anuncia-para-setembro-de-2023-uma-nova-edicao-em-balneario-camboriu-sc","status":"publish","type":"post","link":"https:\/\/vimagazine.com.br\/?p=6309","title":{"rendered":"SindExpo encerra com expetativa de 8 milh\u00f5es em vendas e j\u00e1 anuncia para setembro de 2023 uma nova edi\u00e7\u00e3o em Balne\u00e1rio Cambori\u00fa SC"},"content":{"rendered":"\n<p><\/p>\n\n\n\n<p style=\"font-size:18px\">Em sua primeira edi\u00e7\u00e3o em Balne\u00e1rio Cambori\u00fa a SindExpo encerra com expectativas de neg\u00f3cios gerados em torno de 8 milh\u00f5es em neg\u00f3cios. A feira de neg\u00f3cios, que aconteceu no fim de semana no Expocentro Balne\u00e1rio Cambori\u00fa J\u00falio Tedesco, apresentou ao mercado condominial as \u00faltimas novidades em tecnologia, servi\u00e7os e demais facilities. \u201cOs expositores alcan\u00e7aram uma expectativa em volume de vendas de cerca de 8 milh\u00f5es.&nbsp; Por ser a primeira feira na cidade e ser produzida em cinco meses foi um sucesso. Tamb\u00e9m tivemos um apoio muito grande das entidades de classe\u201d, salienta Ana Paula Franco CEO da Conectta Feiras &amp; Eventos \u2013 detentora da marca SindExpo.<\/p>\n\n\n\n<p style=\"font-size:18px\">Na cidade mais verticalizada do pa\u00eds a SindExpo trouxe pela primeira vez o tema \u201cGest\u00e3o condominial de Alto padr\u00e3o\u201d, com pain\u00e9is, palestras e debates, apresentando assuntos pertinentes a gest\u00e3o condominial de empreendimentos de alto padr\u00e3o, a complexidade de cada condom\u00ednio e o perfil do cliente atendido por este mercado.&nbsp;Temas como: Tend\u00eancias do mercado de Alto Padr\u00e3o, Alta tecnologia; Seguran\u00e7a patrimonial; Sustentabilidade e ESG; Branding; Lideran\u00e7a; Expectativas, Gest\u00e3o de pessoa s, Comportamento e relacionamento com o Cliente; Sa\u00fade e qualidade de vida. \u201cAs palestras tiveram um feedback positivo, tendo o ponto alto a palestra Gest\u00e3o de Pessoas nos Novos Tempos, com a executiva e pedagoga Erika Linhares,\u201d ressalta Ana Paula.<\/p>\n\n\n\n<p style=\"font-size:18px\">E a pr\u00f3xima SindExpo na cidade j\u00e1 est\u00e1 confirmada para setembro de 2023. \u201cFomos muito bem recebidos aqui em Balne\u00e1rio Cambori\u00fa e para o pr\u00f3ximo ano traremos ainda mais conte\u00fado relevante e uma feira ainda mais repleta de novidades\u201d, afirma Ana Paula.<\/p>\n\n\n\n<figure class=\"wp-container-2 wp-block-gallery-1 wp-block-gallery columns-3 is-cropped\"><ul class=\"blocks-gallery-grid\"><li class=\"blocks-gallery-item\"><figure><img width=\"1024\" height=\"682\" src=\"https:\/\/vimagazine.com.br\/wp-content\/uploads\/2022\/09\/Ana-Paula-Franco-da-SindExpo-com-a-palestrante-Erika-Linhares-1024x682.jpeg\" alt=\"\" data-id=\"6310\" data-full-url=\"https:\/\/vimagazine.com.br\/wp-content\/uploads\/2022\/09\/Ana-Paula-Franco-da-SindExpo-com-a-palestrante-Erika-Linhares.jpeg\" data-link=\"https:\/\/vimagazine.com.br\/?attachment_id=6310\" class=\"wp-image-6310\" srcset=\"https:\/\/vimagazine.com.br\/wp-content\/uploads\/2022\/09\/Ana-Paula-Franco-da-SindExpo-com-a-palestrante-Erika-Linhares-1024x682.jpeg 1024w, https:\/\/vimagazine.com.br\/wp-content\/uploads\/2022\/09\/Ana-Paula-Franco-da-SindExpo-com-a-palestrante-Erika-Linhares-300x200.jpeg 300w, https:\/\/vimagazine.com.br\/wp-content\/uploads\/2022\/09\/Ana-Paula-Franco-da-SindExpo-com-a-palestrante-Erika-Linhares-768x512.jpeg 768w, https:\/\/vimagazine.com.br\/wp-content\/uploads\/2022\/09\/Ana-Paula-Franco-da-SindExpo-com-a-palestrante-Erika-Linhares.jpeg 1280w\" sizes=\"(max-width: 1024px) 100vw, 1024px\" \/><figcaption class=\"blocks-gallery-item__caption\">Ana Paula Franco da SindExpo com a palestrante Erika Linhares<\/figcaption><\/figure><\/li><li class=\"blocks-gallery-item\"><figure><img width=\"1024\" height=\"682\" src=\"https:\/\/vimagazine.com.br\/wp-content\/uploads\/2022\/09\/Andrea-Cece-falou-sobre-mercado-de-luxo-e-Ariane-Padilha-sobre-Saude-Mental-1024x682.jpeg\" alt=\"\" data-id=\"6311\" data-full-url=\"https:\/\/vimagazine.com.br\/wp-content\/uploads\/2022\/09\/Andrea-Cece-falou-sobre-mercado-de-luxo-e-Ariane-Padilha-sobre-Saude-Mental.jpeg\" data-link=\"https:\/\/vimagazine.com.br\/?attachment_id=6311\" class=\"wp-image-6311\" srcset=\"https:\/\/vimagazine.com.br\/wp-content\/uploads\/2022\/09\/Andrea-Cece-falou-sobre-mercado-de-luxo-e-Ariane-Padilha-sobre-Saude-Mental-1024x682.jpeg 1024w, https:\/\/vimagazine.com.br\/wp-content\/uploads\/2022\/09\/Andrea-Cece-falou-sobre-mercado-de-luxo-e-Ariane-Padilha-sobre-Saude-Mental-300x200.jpeg 300w, https:\/\/vimagazine.com.br\/wp-content\/uploads\/2022\/09\/Andrea-Cece-falou-sobre-mercado-de-luxo-e-Ariane-Padilha-sobre-Saude-Mental-768x512.jpeg 768w, https:\/\/vimagazine.com.br\/wp-content\/uploads\/2022\/09\/Andrea-Cece-falou-sobre-mercado-de-luxo-e-Ariane-Padilha-sobre-Saude-Mental.jpeg 1280w\" sizes=\"(max-width: 1024px) 100vw, 1024px\" \/><figcaption class=\"blocks-gallery-item__caption\">Andrea Cece falou sobre mercado de luxo e Ariane Padilha sobre Saude Mental<\/figcaption><\/figure><\/li><li class=\"blocks-gallery-item\"><figure><img width=\"1024\" height=\"682\" src=\"https:\/\/vimagazine.com.br\/wp-content\/uploads\/2022\/09\/Feira-1024x682.jpeg\" alt=\"\" data-id=\"6312\" data-full-url=\"https:\/\/vimagazine.com.br\/wp-content\/uploads\/2022\/09\/Feira.jpeg\" data-link=\"https:\/\/vimagazine.com.br\/?attachment_id=6312\" class=\"wp-image-6312\" srcset=\"https:\/\/vimagazine.com.br\/wp-content\/uploads\/2022\/09\/Feira-1024x682.jpeg 1024w, https:\/\/vimagazine.com.br\/wp-content\/uploads\/2022\/09\/Feira-300x200.jpeg 300w, https:\/\/vimagazine.com.br\/wp-content\/uploads\/2022\/09\/Feira-768x512.jpeg 768w, https:\/\/vimagazine.com.br\/wp-content\/uploads\/2022\/09\/Feira.jpeg 1280w\" sizes=\"(max-width: 1024px) 100vw, 1024px\" \/><\/figure><\/li><li class=\"blocks-gallery-item\"><figure><img width=\"1024\" height=\"682\" src=\"https:\/\/vimagazine.com.br\/wp-content\/uploads\/2022\/09\/Rodada-de-negocios--1024x682.jpeg\" alt=\"\" data-id=\"6313\" data-full-url=\"https:\/\/vimagazine.com.br\/wp-content\/uploads\/2022\/09\/Rodada-de-negocios-.jpeg\" data-link=\"https:\/\/vimagazine.com.br\/?attachment_id=6313\" class=\"wp-image-6313\" srcset=\"https:\/\/vimagazine.com.br\/wp-content\/uploads\/2022\/09\/Rodada-de-negocios--1024x682.jpeg 1024w, https:\/\/vimagazine.com.br\/wp-content\/uploads\/2022\/09\/Rodada-de-negocios--300x200.jpeg 300w, https:\/\/vimagazine.com.br\/wp-content\/uploads\/2022\/09\/Rodada-de-negocios--768x512.jpeg 768w, https:\/\/vimagazine.com.br\/wp-content\/uploads\/2022\/09\/Rodada-de-negocios-.jpeg 1280w\" sizes=\"(max-width: 1024px) 100vw, 1024px\" \/><figcaption class=\"blocks-gallery-item__caption\">Rodada de Neg\u00f3cios <\/figcaption><\/figure><\/li><li class=\"blocks-gallery-item\"><figure><img width=\"1024\" height=\"682\" src=\"https:\/\/vimagazine.com.br\/wp-content\/uploads\/2022\/09\/Palestra-de-Erika-Linhares-1024x682.jpeg\" alt=\"\" data-id=\"6314\" data-full-url=\"https:\/\/vimagazine.com.br\/wp-content\/uploads\/2022\/09\/Palestra-de-Erika-Linhares.jpeg\" data-link=\"https:\/\/vimagazine.com.br\/?attachment_id=6314\" class=\"wp-image-6314\" srcset=\"https:\/\/vimagazine.com.br\/wp-content\/uploads\/2022\/09\/Palestra-de-Erika-Linhares-1024x682.jpeg 1024w, https:\/\/vimagazine.com.br\/wp-content\/uploads\/2022\/09\/Palestra-de-Erika-Linhares-300x200.jpeg 300w, https:\/\/vimagazine.com.br\/wp-content\/uploads\/2022\/09\/Palestra-de-Erika-Linhares-768x512.jpeg 768w, https:\/\/vimagazine.com.br\/wp-content\/uploads\/2022\/09\/Palestra-de-Erika-Linhares.jpeg 1280w\" sizes=\"(max-width: 1024px) 100vw, 1024px\" \/><figcaption class=\"blocks-gallery-item__caption\">Palestra de Erika Linhares<\/figcaption><\/figure><\/li><\/ul><\/figure>\n\n\n\n<p>F<strong>otos: Guma Miranda<\/strong><\/p>\n","protected":false},"excerpt":{"rendered":"<p>Em sua primeira edi\u00e7\u00e3o em Balne\u00e1rio Cambori\u00fa a SindExpo encerra com expectativas de neg\u00f3cios gerados&#8230;<\/p>\n","protected":false},"author":1,"featured_media":6315,"comment_status":"closed","ping_status":"open","sticky":false,"template":"","format":"standard","meta":{"om_disable_all_campaigns":false,"_monsterinsights_skip_tracking":false,"_monsterinsights_sitenote_active":false,"_monsterinsights_sitenote_note":"","_monsterinsights_sitenote_category":0,"spay_email":""},"categories":[75],"tags":[],"jetpack_featured_media_url":"https:\/\/vimagazine.com.br\/wp-content\/uploads\/2022\/09\/Gelson-Rodrigues-prefeito-em-exercicio-de-Balneario-Camboriu-e-Ana-Paula-Franco-da-SindExpo.jpeg","_links":{"self":[{"href":"https:\/\/vimagazine.com.br\/index.php?rest_route=\/wp\/v2\/posts\/6309"}],"collection":[{"href":"https:\/\/vimagazine.com.br\/index.php?rest_route=\/wp\/v2\/posts"}],"about":[{"href":"https:\/\/vimagazine.com.br\/index.php?rest_route=\/wp\/v2\/types\/post"}],"author":[{"embeddable":true,"href":"https:\/\/vimagazine.com.br\/index.php?rest_route=\/wp\/v2\/users\/1"}],"replies":[{"embeddable":true,"href":"https:\/\/vimagazine.com.br\/index.php?rest_route=%2Fwp%2Fv2%2Fcomments&post=6309"}],"version-history":[{"count":1,"href":"https:\/\/vimagazine.com.br\/index.php?rest_route=\/wp\/v2\/posts\/6309\/revisions"}],"predecessor-version":[{"id":6316,"href":"https:\/\/vimagazine.com.br\/index.php?rest_route=\/wp\/v2\/posts\/6309\/revisions\/6316"}],"wp:featuredmedia":[{"embeddable":true,"href":"https:\/\/vimagazine.com.br\/index.php?rest_route=\/wp\/v2\/media\/6315"}],"wp:attachment":[{"href":"https:\/\/vimagazine.com.br\/index.php?rest_route=%2Fwp%2Fv2%2Fmedia&parent=6309"}],"wp:term":[{"taxonomy":"category","embeddable":true,"href":"https:\/\/vimagazine.com.br\/index.php?rest_route=%2Fwp%2Fv2%2Fcategories&post=6309"},{"taxonomy":"post_tag","embeddable":true,"href":"https:\/\/vimagazine.com.br\/index.php?rest_route=%2Fwp%2Fv2%2Ftags&post=6309"}],"curies":[{"name":"wp","href":"https:\/\/api.w.org\/{rel}","templated":true}]}}