{"id":6338,"date":"2022-09-29T13:28:48","date_gmt":"2022-09-29T16:28:48","guid":{"rendered":"https:\/\/vimagazine.com.br\/?p=6338"},"modified":"2022-09-29T13:28:54","modified_gmt":"2022-09-29T16:28:54","slug":"almeida-junior-adere-a-silver-week-com-programacao-especial-para-clientes-50","status":"publish","type":"post","link":"https:\/\/vimagazine.com.br\/?p=6338","title":{"rendered":"Almeida Junior adere \u00e0 Silver Week, com programa\u00e7\u00e3o especial para clientes 50+"},"content":{"rendered":"\n<p><em>Os seis shoppings da companhia ter\u00e3o a\u00e7\u00f5es exclusivas entre 29 de setembro e 9 de outubro<\/em><\/p>\n\n\n\n<p>Durante 11 dias, incluindo dois fins de semana, o p\u00fablico com mais de 50 anos ter\u00e1 acesso a promo\u00e7\u00f5es, atividades e intera\u00e7\u00f5es desenvolvidas com exclusividade pelos shoppings centers da Almeida Junior. A companhia aderiu neste ano ao movimento nacional<a href=\"https:\/\/silverweek.com.br\/\" target=\"_blank\" rel=\"noreferrer noopener\"> Silver Week<\/a>, promovido entre os dias 29 de setembro e 9 de outubro. A programa\u00e7\u00e3o contempla, ainda, o Dia Internacional da Pessoa Idosa (ONU) e o Dia do Idoso (Brasil), comemorados em 1\u00ba de outubro.<\/p>\n\n\n\n<p>O Brasil tem hoje 55 milh\u00f5es de pessoas com mais de 50 anos, segundo o IBGE, grupo que responde por 7,2% da popula\u00e7\u00e3o ativa economicamente no Brasil, revela levantamento do SPC Brasil. E \u00e9 pensando nesse p\u00fablico que shoppings, centros comerciais e clubes de todo o pa\u00eds promover\u00e3o novas experi\u00eancias de compra e atividades junto ao varejo e servi\u00e7os no Brasil.<\/p>\n\n\n\n<p>&#8220;Os shoppings da Almeida Junior s\u00e3o para todos, de todas as idades. Mas nestes dias em especial a aten\u00e7\u00e3o ser\u00e1 voltada para a gera\u00e7\u00e3o prateada, para que vivam o que h\u00e1 pra viver dentro dos shoppings Almeida Junior&#8221;, ressalta a diretora de marketing e relacionamento da Almeida Junior, Monique Campos.<\/p>\n\n\n\n<p><\/p>\n\n\n\n<figure class=\"wp-block-image size-full\"><img width=\"302\" height=\"313\" src=\"https:\/\/vimagazine.com.br\/wp-content\/uploads\/2022\/09\/SilverWeek.png\" alt=\"\" class=\"wp-image-6340\" srcset=\"https:\/\/vimagazine.com.br\/wp-content\/uploads\/2022\/09\/SilverWeek.png 302w, https:\/\/vimagazine.com.br\/wp-content\/uploads\/2022\/09\/SilverWeek-289x300.png 289w\" sizes=\"(max-width: 302px) 100vw, 302px\" \/><\/figure>\n\n\n\n<p><strong>Silver Week no Garten Shopping<\/strong><\/p>\n\n\n\n<p>No Garten Shopping uma s\u00e9rie de atividades est\u00e3o programadas para a Silver Week, entre elas: workshop de decora\u00e7\u00e3o, sess\u00e3o de cinema, aul\u00e3o de dan\u00e7a circular e consultoria de imagem e estilo. \u201cQueremos oferecer uma experi\u00eancia diferente, uma programa\u00e7\u00e3o elaborada com muito conte\u00fado e a\u00e7\u00f5es que promovam a visibilidade e o reconhecimento&nbsp; deste p\u00fablico s\u00eanior\u201d, declara o gerente de marketing do Garten Shopping, Ari Vieira J\u00fanior.<\/p>\n\n\n\n<p>Em Joinville, o evento inicia na quinta-feira, dia 29, quando acontece o Circuito Organiza Tok&amp;Stok, a partir das 18 horas. Um workshop com a personal organizer Isabella Schwarz (@isorganizer) vai revelar os segredos para manter a organiza\u00e7\u00e3o da cozinha, em paralelo, a arquiteta Cristina Reinert (@kzaarquitetura) ensina como decorar sua sala de jantar para deixar seus momentos neste espa\u00e7o mais especiais. Os participantes v\u00e3o ganhar um cupom de +15%OFF para as compras na loja. A inscri\u00e7\u00e3o gratuita deve ser feita no site do Garten Shopping ou pelo link <a href=\"https:\/\/www.sympla.com.br\/circuito-organiza--edicao-joinville__1727380?qrcode=true\" target=\"_blank\" rel=\"noreferrer noopener\">https:\/\/www.sympla.com.br\/circuito-organiza&#8211;edicao-joinville__1727380?qrcode=true<\/a><\/p>\n\n\n\n<p>A dan\u00e7a para pessoas de todas as idades vai tomar conta da pra\u00e7a de eventos do Garten Shopping no s\u00e1bado, dia 01 de outubro. A professora de Dan\u00e7a Circular, Maura Zimmermann, far\u00e1 uma apresenta\u00e7\u00e3o e dar\u00e1 um aul\u00e3o a partir das 16 horas. A Dan\u00e7a Circular \u00e9 uma dan\u00e7a coletiva que promove a integra\u00e7\u00e3o em grupo e fortalece a empatia, a compreens\u00e3o e o sentimento de pertencimento. Para participar do evento gratuito \u00e9 necess\u00e1rio fazer a inscri\u00e7\u00e3o no site do Garten Shopping ou pelo link <a href=\"https:\/\/www.sympla.com.br\/aulao-de-danca-circular__1733859?share_id=0\" target=\"_blank\" rel=\"noreferrer noopener\">https:\/\/www.sympla.com.br\/aulao-de-danca-circular__1733859?share_id=0<\/a>Na segunda-feira, 03, acontece o caf\u00e9 da tarde e uma sess\u00e3o especial do filme \u201cIngresso para o Para\u00edso\u201d, \u00e0s 15h40. O evento acontece no GNC Cinemas para convidados, mas quem tiver interesse pode assistir ao filme comprando ingressos antecipados pelo site ou pelo AJFans. E no dia 06 de outubro, quinta-feira, est\u00e1 marcado para \u00e0s 16 horas o Workshop sobre Gest\u00e3o da Imagem com Jack Simon\u00e9ia. Ap\u00f3s a palestra, os participantes ainda v\u00e3o realizar uma consultoria gratuita de estilo e imagem nas lojas parceiras do evento. A inscri\u00e7\u00e3o pode ser feita no site do Garten Shopping ou pelo link do evento <a href=\"https:\/\/www.sympla.com.br\/workshop-gestao-da-imagem__1733916?share_id=0\" target=\"_blank\" rel=\"noreferrer noopener\">https:\/\/www.sympla.com.br\/workshop-gestao-da-imagem__1733916?share_id=0<\/a><\/p>\n\n\n\n<figure class=\"wp-block-image\"><img alt=\"\" \/><\/figure>\n\n\n\n<p><strong>Confira a programa\u00e7\u00e3o da Silver Week no Garten Shopping:<\/strong><\/p>\n\n\n\n<p><strong>29\/09&nbsp;<\/strong>&nbsp;<\/p>\n\n\n\n<p>18 horas &#8211; Circuito Organiza Tok&amp;Stok&nbsp;<\/p>\n\n\n\n<p>Local: Loja Tok&amp;Stok<\/p>\n\n\n\n<p>Inscri\u00e7\u00f5es&nbsp; <a href=\"https:\/\/www.sympla.com.br\/circuito-organiza--edicao-joinville__1727380?qrcode=true\" target=\"_blank\" rel=\"noreferrer noopener\">https:\/\/www.sympla.com.br\/circuito-organiza&#8211;edicao-joinville__1727380?qrcode=true<\/a><\/p>\n\n\n\n<p><strong>01\/10&nbsp;<\/strong><\/p>\n\n\n\n<p>16 horas &#8211; Aul\u00e3o de Dan\u00e7a Circular com a professora Maura Zimmermann<\/p>\n\n\n\n<p>Local: Pra\u00e7a de Eventos<\/p>\n\n\n\n<p>Inscri\u00e7\u00f5es&nbsp;<a href=\"https:\/\/www.sympla.com.br\/aulao-de-danca-circular__1733859?share_id=0\" target=\"_blank\" rel=\"noreferrer noopener\">https:\/\/www.sympla.com.br\/aulao-de-danca-circular__1733859?share_id=0<\/a><\/p>\n\n\n\n<p><strong>03\/10<\/strong>&nbsp;<\/p>\n\n\n\n<p>Caf\u00e9 e Sess\u00e3o Especial de Cinema&nbsp; ( para convidados)<\/p>\n\n\n\n<p>Local: GNC Cinemas<\/p>\n\n\n\n<p>Ingressos para a sess\u00e3o das 15h40 podem ser adquiridos antecipadamente no site do GNC Cinemas ou pelo AJFans<\/p>\n\n\n\n<p><strong>06\/10<\/strong>&nbsp;<\/p>\n\n\n\n<p>16 horas &#8211; Workshop Gest\u00e3o da Imagem com Jack Simon\u00e9ia<\/p>\n\n\n\n<p>Local: Pra\u00e7a de Eventos<\/p>\n\n\n\n<p>Inscri\u00e7\u00f5es\u00a0<a href=\"https:\/\/www.sympla.com.br\/workshop-gestao-da-imagem__1733916?share_id=0\" target=\"_blank\" rel=\"noreferrer noopener\">https:\/\/www.sympla.com.br\/workshop-gestao-da-imagem__1733916?share_id=0<\/a><\/p>\n\n\n\n<p><strong>Fabiana Azevedo<\/strong><\/p>\n\n\n\n<p>Assessoria de Imprensa<\/p>\n\n\n\n<p>Primeira Via Comunica\u00e7\u00e3o<\/p>\n\n\n\n<p><br><\/p>\n","protected":false},"excerpt":{"rendered":"<p>Os seis shoppings da companhia ter\u00e3o a\u00e7\u00f5es exclusivas entre 29 de setembro e 9 de&#8230;<\/p>\n","protected":false},"author":3,"featured_media":6339,"comment_status":"closed","ping_status":"open","sticky":false,"template":"","format":"standard","meta":{"om_disable_all_campaigns":false,"_monsterinsights_skip_tracking":false,"_monsterinsights_sitenote_active":false,"_monsterinsights_sitenote_note":"","_monsterinsights_sitenote_category":0,"spay_email":""},"categories":[1],"tags":[],"jetpack_featured_media_url":"https:\/\/vimagazine.com.br\/wp-content\/uploads\/2022\/09\/SilverWeek-modelo-e1664468736203.jpeg","_links":{"self":[{"href":"https:\/\/vimagazine.com.br\/index.php?rest_route=\/wp\/v2\/posts\/6338"}],"collection":[{"href":"https:\/\/vimagazine.com.br\/index.php?rest_route=\/wp\/v2\/posts"}],"about":[{"href":"https:\/\/vimagazine.com.br\/index.php?rest_route=\/wp\/v2\/types\/post"}],"author":[{"embeddable":true,"href":"https:\/\/vimagazine.com.br\/index.php?rest_route=\/wp\/v2\/users\/3"}],"replies":[{"embeddable":true,"href":"https:\/\/vimagazine.com.br\/index.php?rest_route=%2Fwp%2Fv2%2Fcomments&post=6338"}],"version-history":[{"count":1,"href":"https:\/\/vimagazine.com.br\/index.php?rest_route=\/wp\/v2\/posts\/6338\/revisions"}],"predecessor-version":[{"id":6341,"href":"https:\/\/vimagazine.com.br\/index.php?rest_route=\/wp\/v2\/posts\/6338\/revisions\/6341"}],"wp:featuredmedia":[{"embeddable":true,"href":"https:\/\/vimagazine.com.br\/index.php?rest_route=\/wp\/v2\/media\/6339"}],"wp:attachment":[{"href":"https:\/\/vimagazine.com.br\/index.php?rest_route=%2Fwp%2Fv2%2Fmedia&parent=6338"}],"wp:term":[{"taxonomy":"category","embeddable":true,"href":"https:\/\/vimagazine.com.br\/index.php?rest_route=%2Fwp%2Fv2%2Fcategories&post=6338"},{"taxonomy":"post_tag","embeddable":true,"href":"https:\/\/vimagazine.com.br\/index.php?rest_route=%2Fwp%2Fv2%2Ftags&post=6338"}],"curies":[{"name":"wp","href":"https:\/\/api.w.org\/{rel}","templated":true}]}}