{"id":6342,"date":"2022-09-29T13:47:57","date_gmt":"2022-09-29T16:47:57","guid":{"rendered":"https:\/\/vimagazine.com.br\/?p=6342"},"modified":"2022-09-29T13:49:45","modified_gmt":"2022-09-29T16:49:45","slug":"murilo-cunha-e-convidado-para-jurado-em-concurso-da-terceira-idade-em-limeira-sp","status":"publish","type":"post","link":"https:\/\/vimagazine.com.br\/?p=6342","title":{"rendered":"Ator Murilo Cunha \u00e9 convidado para jurado em concurso da terceira idade em Limeira SP"},"content":{"rendered":"\n<p><\/p>\n\n\n\n<p style=\"font-size:18px\">O ator e apresentador Murilo Cunha foi convidado na ultima ter\u00e7a-feira para ser jurado do concurso Miss e Mister da terceira&nbsp;&nbsp;idade em Limeira &#8211; S\u00e3o Paulo.<\/p>\n\n\n\n<p style=\"font-size:18px\">Ao ser apresentado, Murilo foi ovacionado pela plat\u00e9ia. Carism\u00e1tico, logo ap\u00f3s o desfile, posou para as fotos com muitos admiradores e se sentiu muito&nbsp;lisonjeado com o convite. O evento teve a presen\u00e7a de aproximadamente mil pessoas e foi organizado pela prefeitura de Limeira por meio do Fundo Social e Ceprosom.<\/p>\n\n\n\n<p style=\"font-size:18px\">&#8220;A alegr\u00eda e vitalidade de todos os participantes &nbsp;foi contagiante&#8221; declarou Murilo.&nbsp;<\/p>\n\n\n\n<figure class=\"wp-container-2 wp-block-gallery-1 wp-block-gallery columns-2 is-cropped\"><ul class=\"blocks-gallery-grid\"><li class=\"blocks-gallery-item\"><figure><img width=\"768\" height=\"1024\" src=\"https:\/\/vimagazine.com.br\/wp-content\/uploads\/2022\/09\/f753ac5d-dbe6-4b7c-9c23-d82e56e5b7df-768x1024.jpeg\" alt=\"\" data-id=\"6344\" data-full-url=\"https:\/\/vimagazine.com.br\/wp-content\/uploads\/2022\/09\/f753ac5d-dbe6-4b7c-9c23-d82e56e5b7df.jpeg\" data-link=\"https:\/\/vimagazine.com.br\/?attachment_id=6344\" class=\"wp-image-6344\" srcset=\"https:\/\/vimagazine.com.br\/wp-content\/uploads\/2022\/09\/f753ac5d-dbe6-4b7c-9c23-d82e56e5b7df-768x1024.jpeg 768w, https:\/\/vimagazine.com.br\/wp-content\/uploads\/2022\/09\/f753ac5d-dbe6-4b7c-9c23-d82e56e5b7df-225x300.jpeg 225w, https:\/\/vimagazine.com.br\/wp-content\/uploads\/2022\/09\/f753ac5d-dbe6-4b7c-9c23-d82e56e5b7df-1152x1536.jpeg 1152w, https:\/\/vimagazine.com.br\/wp-content\/uploads\/2022\/09\/f753ac5d-dbe6-4b7c-9c23-d82e56e5b7df-1024x1365.jpeg 1024w, https:\/\/vimagazine.com.br\/wp-content\/uploads\/2022\/09\/f753ac5d-dbe6-4b7c-9c23-d82e56e5b7df.jpeg 1200w\" sizes=\"(max-width: 768px) 100vw, 768px\" \/><\/figure><\/li><li class=\"blocks-gallery-item\"><figure><img width=\"610\" height=\"594\" src=\"https:\/\/vimagazine.com.br\/wp-content\/uploads\/2022\/09\/IMG_2328-1.jpeg\" alt=\"\" data-id=\"6345\" data-full-url=\"https:\/\/vimagazine.com.br\/wp-content\/uploads\/2022\/09\/IMG_2328-1.jpeg\" data-link=\"https:\/\/vimagazine.com.br\/?attachment_id=6345\" class=\"wp-image-6345\" srcset=\"https:\/\/vimagazine.com.br\/wp-content\/uploads\/2022\/09\/IMG_2328-1.jpeg 610w, https:\/\/vimagazine.com.br\/wp-content\/uploads\/2022\/09\/IMG_2328-1-300x292.jpeg 300w\" sizes=\"(max-width: 610px) 100vw, 610px\" \/><\/figure><\/li><\/ul><\/figure>\n","protected":false},"excerpt":{"rendered":"<p>O ator e apresentador Murilo Cunha foi convidado na ultima ter\u00e7a-feira para ser jurado do&#8230;<\/p>\n","protected":false},"author":1,"featured_media":6348,"comment_status":"closed","ping_status":"open","sticky":false,"template":"","format":"standard","meta":{"om_disable_all_campaigns":false,"_monsterinsights_skip_tracking":false,"_monsterinsights_sitenote_active":false,"_monsterinsights_sitenote_note":"","_monsterinsights_sitenote_category":0,"spay_email":""},"categories":[1],"tags":[],"jetpack_featured_media_url":"https:\/\/vimagazine.com.br\/wp-content\/uploads\/2022\/09\/4c0ac15b-7967-4ecf-a50d-b3080d9c9758-1.jpeg","_links":{"self":[{"href":"https:\/\/vimagazine.com.br\/index.php?rest_route=\/wp\/v2\/posts\/6342"}],"collection":[{"href":"https:\/\/vimagazine.com.br\/index.php?rest_route=\/wp\/v2\/posts"}],"about":[{"href":"https:\/\/vimagazine.com.br\/index.php?rest_route=\/wp\/v2\/types\/post"}],"author":[{"embeddable":true,"href":"https:\/\/vimagazine.com.br\/index.php?rest_route=\/wp\/v2\/users\/1"}],"replies":[{"embeddable":true,"href":"https:\/\/vimagazine.com.br\/index.php?rest_route=%2Fwp%2Fv2%2Fcomments&post=6342"}],"version-history":[{"count":3,"href":"https:\/\/vimagazine.com.br\/index.php?rest_route=\/wp\/v2\/posts\/6342\/revisions"}],"predecessor-version":[{"id":6350,"href":"https:\/\/vimagazine.com.br\/index.php?rest_route=\/wp\/v2\/posts\/6342\/revisions\/6350"}],"wp:featuredmedia":[{"embeddable":true,"href":"https:\/\/vimagazine.com.br\/index.php?rest_route=\/wp\/v2\/media\/6348"}],"wp:attachment":[{"href":"https:\/\/vimagazine.com.br\/index.php?rest_route=%2Fwp%2Fv2%2Fmedia&parent=6342"}],"wp:term":[{"taxonomy":"category","embeddable":true,"href":"https:\/\/vimagazine.com.br\/index.php?rest_route=%2Fwp%2Fv2%2Fcategories&post=6342"},{"taxonomy":"post_tag","embeddable":true,"href":"https:\/\/vimagazine.com.br\/index.php?rest_route=%2Fwp%2Fv2%2Ftags&post=6342"}],"curies":[{"name":"wp","href":"https:\/\/api.w.org\/{rel}","templated":true}]}}