{"id":6362,"date":"2022-09-29T16:26:44","date_gmt":"2022-09-29T19:26:44","guid":{"rendered":"https:\/\/vimagazine.com.br\/?p=6362"},"modified":"2022-09-29T16:26:47","modified_gmt":"2022-09-29T19:26:47","slug":"ceo-da-raiz-latina-telma-santos-marca-presenca-no-encontro-de-conclusao-de-curso-do-instituto-exito","status":"publish","type":"post","link":"https:\/\/vimagazine.com.br\/?p=6362","title":{"rendered":"CEO da Raiz Latina Telma Santos marca presen\u00e7a no encontro de conclus\u00e3o de curso do Instituto \u00caxito"},"content":{"rendered":"\n<div class=\"wp-block-image\"><figure class=\"aligncenter size-full is-resized\"><img src=\"https:\/\/vimagazine.com.br\/wp-content\/uploads\/2022\/09\/WhatsApp-Image-2022-09-25-at-17.12.05-4.jpeg\" alt=\"\" class=\"wp-image-6363\" width=\"586\" height=\"390\" srcset=\"https:\/\/vimagazine.com.br\/wp-content\/uploads\/2022\/09\/WhatsApp-Image-2022-09-25-at-17.12.05-4.jpeg 1024w, https:\/\/vimagazine.com.br\/wp-content\/uploads\/2022\/09\/WhatsApp-Image-2022-09-25-at-17.12.05-4-300x200.jpeg 300w, https:\/\/vimagazine.com.br\/wp-content\/uploads\/2022\/09\/WhatsApp-Image-2022-09-25-at-17.12.05-4-768x512.jpeg 768w\" sizes=\"(max-width: 586px) 100vw, 586px\" \/><\/figure><\/div>\n\n\n\n<p>A CEO da Raiz Latina Telma Santos e sua filha Paola Nicole Pocardich. estiveram presentes no encontro de conclus\u00e3o de curso do Instituto \u00caxito cuja mentoria foi realizada pelo Presidente Jangui\u00ea Diniz e sua equipe com um grande grupo empreendedor. \u00a0<br>O encontro foi em Muro Alto, em Pernambuco ,com a finalidade de aprender a troca de networking e ajudar os jovens a serem os novos empres\u00e1rios.<br>Telma Santos relata: &#8220;Os mentores ensinaram como encurtar os caminhos com sucesso e prosperidade junto com o fechamento dos neg\u00f3cios, com interesse e, n\u00f3s fomos obstinados ao nosso mentor Jangui\u00ea, com mais de 70 mentores de v\u00e1rios segmentos.<br>Foi impactante para n\u00f3s que estivemos no encontro com muitos ensinamentos incr\u00edveis e vamos trocar sempre conex\u00f5es. Como\u00a0eu sempre quis ter os exemplos de sucesso brasileiros e agora estou com eles. Gratid\u00e3o pelos grandes momentos juntos.&#8221;<\/p>\n\n\n\n<p>sobre o evento do Grupo \u00caxito de Empreendedorismo&nbsp;:- Para conhecimento e troca de experiencia com networks e conex\u00e3o de relacionamento e muita supera\u00e7\u00e3o de adversidade.<\/p>\n","protected":false},"excerpt":{"rendered":"<p>A CEO da Raiz Latina Telma Santos e sua filha Paola Nicole Pocardich. estiveram presentes&#8230;<\/p>\n","protected":false},"author":19,"featured_media":6364,"comment_status":"closed","ping_status":"open","sticky":false,"template":"","format":"standard","meta":{"om_disable_all_campaigns":false,"_monsterinsights_skip_tracking":false,"_monsterinsights_sitenote_active":false,"_monsterinsights_sitenote_note":"","_monsterinsights_sitenote_category":0,"spay_email":""},"categories":[75],"tags":[],"jetpack_featured_media_url":"https:\/\/vimagazine.com.br\/wp-content\/uploads\/2022\/09\/WhatsApp-Image-2022-09-25-at-17.07.04.jpeg","_links":{"self":[{"href":"https:\/\/vimagazine.com.br\/index.php?rest_route=\/wp\/v2\/posts\/6362"}],"collection":[{"href":"https:\/\/vimagazine.com.br\/index.php?rest_route=\/wp\/v2\/posts"}],"about":[{"href":"https:\/\/vimagazine.com.br\/index.php?rest_route=\/wp\/v2\/types\/post"}],"author":[{"embeddable":true,"href":"https:\/\/vimagazine.com.br\/index.php?rest_route=\/wp\/v2\/users\/19"}],"replies":[{"embeddable":true,"href":"https:\/\/vimagazine.com.br\/index.php?rest_route=%2Fwp%2Fv2%2Fcomments&post=6362"}],"version-history":[{"count":2,"href":"https:\/\/vimagazine.com.br\/index.php?rest_route=\/wp\/v2\/posts\/6362\/revisions"}],"predecessor-version":[{"id":6366,"href":"https:\/\/vimagazine.com.br\/index.php?rest_route=\/wp\/v2\/posts\/6362\/revisions\/6366"}],"wp:featuredmedia":[{"embeddable":true,"href":"https:\/\/vimagazine.com.br\/index.php?rest_route=\/wp\/v2\/media\/6364"}],"wp:attachment":[{"href":"https:\/\/vimagazine.com.br\/index.php?rest_route=%2Fwp%2Fv2%2Fmedia&parent=6362"}],"wp:term":[{"taxonomy":"category","embeddable":true,"href":"https:\/\/vimagazine.com.br\/index.php?rest_route=%2Fwp%2Fv2%2Fcategories&post=6362"},{"taxonomy":"post_tag","embeddable":true,"href":"https:\/\/vimagazine.com.br\/index.php?rest_route=%2Fwp%2Fv2%2Ftags&post=6362"}],"curies":[{"name":"wp","href":"https:\/\/api.w.org\/{rel}","templated":true}]}}