{"id":6367,"date":"2022-09-29T18:56:11","date_gmt":"2022-09-29T21:56:11","guid":{"rendered":"https:\/\/vimagazine.com.br\/?p=6367"},"modified":"2022-09-29T18:56:14","modified_gmt":"2022-09-29T21:56:14","slug":"adria-santos-participa-de-roda-de-conversa-no-cras-de-pirabeiraba-em-joinville","status":"publish","type":"post","link":"https:\/\/vimagazine.com.br\/?p=6367","title":{"rendered":"Adria Santos participa de roda de conversa no CRAS de Pirabeiraba, em Joinville"},"content":{"rendered":"\n<p><em>Objetivo da conversa era falar sobre supera\u00e7\u00e3o de dificuldades e \u201cSer Eficiente\u201d<\/em><\/p>\n\n\n\n<p>Adria Santos, a maior velocista paral\u00edmpica brasileira e dona de quatro ouros paral\u00edmpicos, palestrou na manh\u00e3 desta quinta-feira (29) para as pessoas atendidas pelo Centro de Refer\u00eancia de Assist\u00eancia Social (CRAS) de Pirabeiraba, em Joinville. O objetivo do bate-papo, voltado para mulheres em situa\u00e7\u00e3o de vulnerabilidade social e deficientes f\u00edsicos, era falar sobre \u201cSer Eficiente\u201d.<\/p>\n\n\n\n<p>Durante pouco mais de uma hora, a paratleta falou sobre o fato de ter nascido com uma doen\u00e7a degenerativa nos olhos, o que a deixou totalmente cega aos 18 anos, sobre as dificuldades financeiras que passou, especialmente depois de ter a filha, B\u00e1rbara, e de separar do primeiro marido, e sobre as oportunidades que soube aproveitar para se tornar uma das principais atletas da hist\u00f3ria do Brasil.<\/p>\n\n\n\n<p>Entre tantas hist\u00f3rias, contou que entre os treinos, trabalhava como camel\u00f4 nas ruas de Nanuque, em Minas Gerais, onde nasceu. \u201cEu n\u00e3o suportava o fato de depender da caridade das pessoas. Ent\u00e3o eu vendia loteria, andava sempre com as revistinhas de empresas de cosm\u00e9ticos nas m\u00e3os, vendia roupas \u00edntimas. Levava sempre a B\u00e1rbara comigo. Como eu n\u00e3o enxergava, ela me ajudava a dar o troco para os clientes\u201d, contou, emocionada. E confirmou que nenhuma das dificuldades a fez desistir de ser uma atleta de alto rendimento.&nbsp;<\/p>\n\n\n\n<p>Outro momento marcante da conversa foi quando ela contou que sempre lidou bem com o fato de n\u00e3o enxergar, mas que no dia do casamento da filha, em 2015, gostaria de poder ter visto ela de noiva. \u201cFoi um dia t\u00e3o especial, t\u00e3o importante pra mim entrar na igreja com ela, que naquele dia eu gostaria de enxergar pelo menos um pouco para poder registrar aquele momento tamb\u00e9m com os olhos e n\u00e3o s\u00f3 com o cora\u00e7\u00e3o\u201d, relembra.<\/p>\n\n\n\n<p>Ao final da palestra, todos foram recebidos para um caf\u00e9 da manh\u00e3 e cada participante recebeu das m\u00e3os da paratleta uma medalha dourada feita de chocolate, acompanhada de um abra\u00e7o caloroso de agradecimento e de uma mensagem de inspira\u00e7\u00e3o.&nbsp;<\/p>\n\n\n\n<p>\u201cEstou superfeliz de ter tido esse momento para conversar com as pessoas atendidas pelo CRAS, porque eu sei o quanto \u00e9 importante ter algu\u00e9m para se inspirar, para saber que \u00e9 poss\u00edvel, para n\u00e3o desistir. Que bom saber que eu posso ser um exemplo para algu\u00e9m\u201d, ressalta Adria Santos.<\/p>\n\n\n\n<p>Fotos: Vanessa Matos, Instituto Adria Santos, Divulga\u00e7\u00e3o<\/p>\n","protected":false},"excerpt":{"rendered":"<p>Objetivo da conversa era falar sobre supera\u00e7\u00e3o de dificuldades e \u201cSer Eficiente\u201d Adria Santos, a&#8230;<\/p>\n","protected":false},"author":20,"featured_media":6368,"comment_status":"closed","ping_status":"open","sticky":false,"template":"","format":"standard","meta":{"om_disable_all_campaigns":false,"_monsterinsights_skip_tracking":false,"_monsterinsights_sitenote_active":false,"_monsterinsights_sitenote_note":"","_monsterinsights_sitenote_category":0,"spay_email":""},"categories":[1],"tags":[],"jetpack_featured_media_url":"https:\/\/vimagazine.com.br\/wp-content\/uploads\/2022\/09\/29092022-CRAS-Pirabeiraba4.jpeg","_links":{"self":[{"href":"https:\/\/vimagazine.com.br\/index.php?rest_route=\/wp\/v2\/posts\/6367"}],"collection":[{"href":"https:\/\/vimagazine.com.br\/index.php?rest_route=\/wp\/v2\/posts"}],"about":[{"href":"https:\/\/vimagazine.com.br\/index.php?rest_route=\/wp\/v2\/types\/post"}],"author":[{"embeddable":true,"href":"https:\/\/vimagazine.com.br\/index.php?rest_route=\/wp\/v2\/users\/20"}],"replies":[{"embeddable":true,"href":"https:\/\/vimagazine.com.br\/index.php?rest_route=%2Fwp%2Fv2%2Fcomments&post=6367"}],"version-history":[{"count":1,"href":"https:\/\/vimagazine.com.br\/index.php?rest_route=\/wp\/v2\/posts\/6367\/revisions"}],"predecessor-version":[{"id":6369,"href":"https:\/\/vimagazine.com.br\/index.php?rest_route=\/wp\/v2\/posts\/6367\/revisions\/6369"}],"wp:featuredmedia":[{"embeddable":true,"href":"https:\/\/vimagazine.com.br\/index.php?rest_route=\/wp\/v2\/media\/6368"}],"wp:attachment":[{"href":"https:\/\/vimagazine.com.br\/index.php?rest_route=%2Fwp%2Fv2%2Fmedia&parent=6367"}],"wp:term":[{"taxonomy":"category","embeddable":true,"href":"https:\/\/vimagazine.com.br\/index.php?rest_route=%2Fwp%2Fv2%2Fcategories&post=6367"},{"taxonomy":"post_tag","embeddable":true,"href":"https:\/\/vimagazine.com.br\/index.php?rest_route=%2Fwp%2Fv2%2Ftags&post=6367"}],"curies":[{"name":"wp","href":"https:\/\/api.w.org\/{rel}","templated":true}]}}