{"id":6376,"date":"2022-09-30T12:02:58","date_gmt":"2022-09-30T15:02:58","guid":{"rendered":"https:\/\/vimagazine.com.br\/?p=6376"},"modified":"2022-09-30T12:03:03","modified_gmt":"2022-09-30T15:03:03","slug":"michele-da-ros-lanca-podcast-com-conhecimento-e-entretenimento-para-seu-publico","status":"publish","type":"post","link":"https:\/\/vimagazine.com.br\/?p=6376","title":{"rendered":"Michele Da Ros lan\u00e7a podcast com conhecimento e entretenimento para seu p\u00fablico"},"content":{"rendered":"\n<p>Atualmente o podcast \u00e9 um dos formatos de comunica\u00e7\u00e3o que mais cresce e vem se consolidando, sendo um dos meios de comunica\u00e7\u00e3o mais consumidos no pa\u00eds. Podendo ser ouvido, at\u00e9 mesmo visto, na internet em qualquer momento, o formato atinge diversos p\u00fablicos, transmitindo informa\u00e7\u00e3o. Sempre pensando em como ajudar e levar conhecimento para o seu p\u00fablico, Michele Da Ros chega com o seu novo podcast.<\/p>\n\n\n\n<p>Feito especialmente para ajudar e instruir principalmente mulheres, Michele Da Ros vai cumprir com o objetivo de sua cl\u00ednica, a Vittorio Veneto, onde \u00e9 a transforma\u00e7\u00e3o de dentro para fora. Com convidados profissionais e especialistas, os epis\u00f3dios mensais ter\u00e3o temas como: cuidados pessoais, tratamentos est\u00e9ticos, beleza, sa\u00fade e muito mais.&nbsp;<\/p>\n\n\n\n<p>Na entrevista abaixo, Da Ros conta com mais detalhes sobre a nova empreitada.<\/p>\n\n\n\n<p class=\"has-text-align-center\"><strong>Michele, sua Cl\u00ednica Vittorio Veneto est\u00e1 fazendo tanto sucesso que voc\u00ea decidiu lan\u00e7ar um podcast sobre a import\u00e2ncia do autocuidado?\u00a0\u00a0\u00a0<\/strong><br><em>Sim, acho importante que essas informa\u00e7\u00f5es de autocuidado estejam dispon\u00edveis para todas as mulheres, independentemente de frequentarem a cl\u00ednica.\u00a0<\/em><\/p>\n\n\n\n<p class=\"has-text-align-center\"><strong>J\u00e1 tem um nome? Como vai funcionar a din\u00e2mica dos convidados?<\/strong><br><em>J\u00e1 tem nome sim, \u00e9 MicheleTalks e vai ser uma vez ao m\u00eas com convidados profissionais e especialistas de v\u00e1rias \u00e1reas. Ser\u00e1 um papo onde vamos trocar experi\u00eancias pessoais e profissionais, trazendo bastante material rico em informa\u00e7\u00f5es reais para nosso dia a dia e para nossa vida.<\/em><\/p>\n\n\n\n<div class=\"wp-block-image\"><figure class=\"aligncenter size-full is-resized\"><img src=\"https:\/\/vimagazine.com.br\/wp-content\/uploads\/2022\/09\/WhatsApp-Image-2022-09-28-at-16.50.22-6.jpeg\" alt=\"\" class=\"wp-image-6377\" width=\"557\" height=\"836\" srcset=\"https:\/\/vimagazine.com.br\/wp-content\/uploads\/2022\/09\/WhatsApp-Image-2022-09-28-at-16.50.22-6.jpeg 682w, https:\/\/vimagazine.com.br\/wp-content\/uploads\/2022\/09\/WhatsApp-Image-2022-09-28-at-16.50.22-6-200x300.jpeg 200w\" sizes=\"(max-width: 557px) 100vw, 557px\" \/><figcaption>Michele Da Ros &#8211; Foto: Monica Dias<\/figcaption><\/figure><\/div>\n\n\n\n<p class=\"has-text-align-center\"><strong>Al\u00e9m de empres\u00e1ria, voc\u00ea se v\u00ea como uma comunicadora? Ou este projeto tem uma fun\u00e7\u00e3o espec\u00edfica de comunicar com seu p\u00fablico?\u00a0<\/strong><br><em>N\u00e3o, n\u00e3o, risos. \u00c9 apenas usar essa ferramenta de comunica\u00e7\u00e3o para levar informa\u00e7\u00f5es relevantes para nosso cotidiano e exemplos de vida, acredito que minha hist\u00f3ria e a experi\u00eancia de vida dos convidados podem ajudar muitas mulheres que nem imaginam que seus problemas tamb\u00e9m acontecem com outras mulheres.\u00a0<\/em><\/p>\n\n\n\n<p class=\"has-text-align-center\"><strong>Quais s\u00e3o os assuntos que voc\u00ea pretende tratar no podcast?\u00a0<\/strong><br><em>V\u00e1rios assuntos bem presentes na vida de muitas mulheres, como depress\u00e3o, autocuidado, baixa autoestima, emagrecimento, mulheres no mercado de trabalho, fam\u00edlia, espiritualidade, amizade e muito mais. Sempre temas bem reais e pr\u00e1ticos, que geram conex\u00e3o verdadeira com as mulheres.\u00a0<\/em><\/p>\n\n\n\n<p class=\"has-text-align-center\"><strong>Como o p\u00fablico da cidade de interior se comporta com rela\u00e7\u00e3o ao autocuidado na \u00e1rea da est\u00e9tica?<\/strong><br><em>Acredito que a est\u00e9tica perdeu seu real significado, indiferente de ser aqui em Sorocaba ou em outro local, pois est\u00e1 elevando a altera\u00e7\u00e3o e transforma\u00e7\u00e3o a qualquer pre\u00e7o. Esse n\u00e3o \u00e9 o caminho, a est\u00e9tica \u00e9 a percep\u00e7\u00e3o, sensa\u00e7\u00e3o, sensibilidade, pois cada qual tem sua beleza e n\u00e3o necessariamente precisamos modific\u00e1-la para ficar igual a todas. Pelo contr\u00e1rio, precisamos enaltecer a beleza de cada indiv\u00edduo, trazendo suas qualidades e o autocuidado, tratando a pele, utilizando o produto ou procedimento correto para aquela pessoa e n\u00e3o igualar ela a todas, mas ela sendo \u00fanica e exclusiva, pois nem tudo bom para mim, vai ser bom para outra pessoa e vice-versa.<\/em><\/p>\n","protected":false},"excerpt":{"rendered":"<p>Atualmente o podcast \u00e9 um dos formatos de comunica\u00e7\u00e3o que mais cresce e vem se&#8230;<\/p>\n","protected":false},"author":18,"featured_media":6378,"comment_status":"closed","ping_status":"open","sticky":false,"template":"","format":"standard","meta":{"om_disable_all_campaigns":false,"_monsterinsights_skip_tracking":false,"_monsterinsights_sitenote_active":false,"_monsterinsights_sitenote_note":"","_monsterinsights_sitenote_category":0,"spay_email":""},"categories":[1],"tags":[443,420,343,444],"jetpack_featured_media_url":"https:\/\/vimagazine.com.br\/wp-content\/uploads\/2022\/09\/WhatsApp-Image-2022-09-28-at-16.50.22-5.jpeg","_links":{"self":[{"href":"https:\/\/vimagazine.com.br\/index.php?rest_route=\/wp\/v2\/posts\/6376"}],"collection":[{"href":"https:\/\/vimagazine.com.br\/index.php?rest_route=\/wp\/v2\/posts"}],"about":[{"href":"https:\/\/vimagazine.com.br\/index.php?rest_route=\/wp\/v2\/types\/post"}],"author":[{"embeddable":true,"href":"https:\/\/vimagazine.com.br\/index.php?rest_route=\/wp\/v2\/users\/18"}],"replies":[{"embeddable":true,"href":"https:\/\/vimagazine.com.br\/index.php?rest_route=%2Fwp%2Fv2%2Fcomments&post=6376"}],"version-history":[{"count":1,"href":"https:\/\/vimagazine.com.br\/index.php?rest_route=\/wp\/v2\/posts\/6376\/revisions"}],"predecessor-version":[{"id":6379,"href":"https:\/\/vimagazine.com.br\/index.php?rest_route=\/wp\/v2\/posts\/6376\/revisions\/6379"}],"wp:featuredmedia":[{"embeddable":true,"href":"https:\/\/vimagazine.com.br\/index.php?rest_route=\/wp\/v2\/media\/6378"}],"wp:attachment":[{"href":"https:\/\/vimagazine.com.br\/index.php?rest_route=%2Fwp%2Fv2%2Fmedia&parent=6376"}],"wp:term":[{"taxonomy":"category","embeddable":true,"href":"https:\/\/vimagazine.com.br\/index.php?rest_route=%2Fwp%2Fv2%2Fcategories&post=6376"},{"taxonomy":"post_tag","embeddable":true,"href":"https:\/\/vimagazine.com.br\/index.php?rest_route=%2Fwp%2Fv2%2Ftags&post=6376"}],"curies":[{"name":"wp","href":"https:\/\/api.w.org\/{rel}","templated":true}]}}