{"id":6396,"date":"2022-10-04T22:05:18","date_gmt":"2022-10-05T01:05:18","guid":{"rendered":"https:\/\/vimagazine.com.br\/?p=6396"},"modified":"2022-10-04T22:05:22","modified_gmt":"2022-10-05T01:05:22","slug":"a-incrivel-aventura-de-sofia-e-vovo-ludovico","status":"publish","type":"post","link":"https:\/\/vimagazine.com.br\/?p=6396","title":{"rendered":"A Incr\u00edvel Aventura de Sofia e Vov\u00f4 Ludovico"},"content":{"rendered":"\n<p><\/p>\n\n\n\n<p style=\"font-size:22px\">Produzido de forma independente pela BN Produ\u00e7\u00f5es e Barrac\u00e3o EnCena Produ\u00e7\u00f5es, o espet\u00e1culo traz uma experi\u00eancia linda e divertida para toda fam\u00edlia.\u00a0<\/p>\n\n\n\n<p><\/p>\n\n\n\n<p style=\"font-size:18px\">A hist\u00f3ria, criada por William Barbier, gira em torno de uma garotinha sapeca chamada Sofia que embarca numa viagem fant\u00e1stica pelo mundo da imagina\u00e7\u00e3o com seu Vov\u00f4 Ludovico. A encena\u00e7\u00e3o criada pelo diretor e dramaturgo Roberto Innocente \u00e9 din\u00e2mica e envolvente e narra as perip\u00e9cias dos personagens de uma forma bastante l\u00fadica, divertida e recheada de encanto, levando as crian\u00e7as e todo o p\u00fablico a brincarem e imaginarem. A sonoplastia e trilha sonora, criadas por Paulo Chierentini, s\u00e3o executadas ao vivo, atrav\u00e9s de instrumentos musicais, objetos alternativos e muitos personagens curiosos. A intera\u00e7\u00e3o e aten\u00e7\u00e3o das crian\u00e7as est\u00e3o garantidas!<\/p>\n\n\n\n<p style=\"font-size:18px\">O espet\u00e1culo tamb\u00e9m nos mostra como pode ser divertido deixar um pouco de lado os games, o celular e as m\u00eddias virtuais para voltar a brincar com aqueles velhos brinquedos que antigamente nossos av\u00f3s constru\u00edam, \u00e0s vezes, com suas pr\u00f3prias m\u00e3os.<\/p>\n\n\n\n<p style=\"font-size:18px\">Todos podemos voltar a ser um &#8220;pouco mais&#8221; crian\u00e7as. E cantar, dan\u00e7ar, brincar com o pr\u00f3prio corpo, dar cambalhotas, sujar a roupa e lembrar que outros passaram antes de n\u00f3s, pelas mesmas emo\u00e7\u00f5es, pelos mesmos desejos, pelas mesmas tristezas e que um av\u00f4 \u00e9 uma coisa grande; \u00e9 a continuidade da vida; \u00e9 a hist\u00f3ria da nossa hist\u00f3ria.<\/p>\n\n\n\n<p style=\"font-size:18px\">A Incr\u00edvel Aventura de Sofia e Vov\u00f4 Ludovico teve sua estreia em 2018 e nesses 4 anos de trajet\u00f3ria j\u00e1 realizou diversas apresenta\u00e7\u00f5es em festivais de teatro, escolas, temporadas, aprova\u00e7\u00e3o em editais e recebeu duas indica\u00e7\u00f5es para os dois atores do espet\u00e1culo na categoria melhor ator na 38\u00b0 edi\u00e7\u00e3o do trof\u00e9u Gralha Azul, maior premia\u00e7\u00e3o do Teatro Paranaense; levando o pr\u00eamio para o ator Paulo Chierentini.<\/p>\n\n\n\n<p style=\"font-size:18px\">N\u00e3o percam a oportunidade de viver essa experi\u00eancia!!!!<\/p>\n\n\n\n<p style=\"font-size:22px\">Sinopse<\/p>\n\n\n\n<p style=\"font-size:18px\">Vov\u00f4 Ludovico e sua neta Sofia antes de dormirem fazem aquela antiga brincadeira de contar hist\u00f3rias. Os dois juntos ir\u00e3o em busca do mundo da fantasia, para que todos possam se divertir novamente. Por\u00e9m, essa busca n\u00e3o ser\u00e1 t\u00e3o f\u00e1cil: eles enfrentar\u00e3o diversas aventuras perigosas. Assim, av\u00f4 e neta, convidam a todos a embarcarem nesse fant\u00e1stico mundo da imagina\u00e7\u00e3o!!\u00a0 \u00a0<\/p>\n\n\n\n<figure class=\"wp-container-2 wp-block-gallery-1 wp-block-gallery columns-3 is-cropped\"><ul class=\"blocks-gallery-grid\"><li class=\"blocks-gallery-item\"><figure><img width=\"1024\" height=\"682\" src=\"https:\/\/vimagazine.com.br\/wp-content\/uploads\/2022\/10\/WhatsApp-Image-2022-10-03-at-17.22.05-1024x682.jpeg\" alt=\"\" data-id=\"6397\" data-full-url=\"https:\/\/vimagazine.com.br\/wp-content\/uploads\/2022\/10\/WhatsApp-Image-2022-10-03-at-17.22.05.jpeg\" data-link=\"https:\/\/vimagazine.com.br\/?attachment_id=6397\" class=\"wp-image-6397\" srcset=\"https:\/\/vimagazine.com.br\/wp-content\/uploads\/2022\/10\/WhatsApp-Image-2022-10-03-at-17.22.05-1024x682.jpeg 1024w, https:\/\/vimagazine.com.br\/wp-content\/uploads\/2022\/10\/WhatsApp-Image-2022-10-03-at-17.22.05-300x200.jpeg 300w, https:\/\/vimagazine.com.br\/wp-content\/uploads\/2022\/10\/WhatsApp-Image-2022-10-03-at-17.22.05-768x512.jpeg 768w, https:\/\/vimagazine.com.br\/wp-content\/uploads\/2022\/10\/WhatsApp-Image-2022-10-03-at-17.22.05.jpeg 1322w\" sizes=\"(max-width: 1024px) 100vw, 1024px\" \/><\/figure><\/li><li class=\"blocks-gallery-item\"><figure><img width=\"1024\" height=\"683\" src=\"https:\/\/vimagazine.com.br\/wp-content\/uploads\/2022\/10\/WhatsApp-Image-2022-10-03-at-17.22.06-1024x683.jpeg\" alt=\"\" data-id=\"6398\" data-full-url=\"https:\/\/vimagazine.com.br\/wp-content\/uploads\/2022\/10\/WhatsApp-Image-2022-10-03-at-17.22.06.jpeg\" data-link=\"https:\/\/vimagazine.com.br\/?attachment_id=6398\" class=\"wp-image-6398\" srcset=\"https:\/\/vimagazine.com.br\/wp-content\/uploads\/2022\/10\/WhatsApp-Image-2022-10-03-at-17.22.06-1024x683.jpeg 1024w, https:\/\/vimagazine.com.br\/wp-content\/uploads\/2022\/10\/WhatsApp-Image-2022-10-03-at-17.22.06-300x200.jpeg 300w, https:\/\/vimagazine.com.br\/wp-content\/uploads\/2022\/10\/WhatsApp-Image-2022-10-03-at-17.22.06-768x512.jpeg 768w, https:\/\/vimagazine.com.br\/wp-content\/uploads\/2022\/10\/WhatsApp-Image-2022-10-03-at-17.22.06.jpeg 1293w\" sizes=\"(max-width: 1024px) 100vw, 1024px\" \/><\/figure><\/li><li class=\"blocks-gallery-item\"><figure><img width=\"1024\" height=\"682\" src=\"https:\/\/vimagazine.com.br\/wp-content\/uploads\/2022\/10\/WhatsApp-Image-2022-10-03-at-17.22.06-1-1024x682.jpeg\" alt=\"\" data-id=\"6399\" data-full-url=\"https:\/\/vimagazine.com.br\/wp-content\/uploads\/2022\/10\/WhatsApp-Image-2022-10-03-at-17.22.06-1.jpeg\" data-link=\"https:\/\/vimagazine.com.br\/?attachment_id=6399\" class=\"wp-image-6399\" srcset=\"https:\/\/vimagazine.com.br\/wp-content\/uploads\/2022\/10\/WhatsApp-Image-2022-10-03-at-17.22.06-1-1024x682.jpeg 1024w, https:\/\/vimagazine.com.br\/wp-content\/uploads\/2022\/10\/WhatsApp-Image-2022-10-03-at-17.22.06-1-300x200.jpeg 300w, https:\/\/vimagazine.com.br\/wp-content\/uploads\/2022\/10\/WhatsApp-Image-2022-10-03-at-17.22.06-1-768x512.jpeg 768w, https:\/\/vimagazine.com.br\/wp-content\/uploads\/2022\/10\/WhatsApp-Image-2022-10-03-at-17.22.06-1-1536x1023.jpeg 1536w, https:\/\/vimagazine.com.br\/wp-content\/uploads\/2022\/10\/WhatsApp-Image-2022-10-03-at-17.22.06-1.jpeg 1600w\" sizes=\"(max-width: 1024px) 100vw, 1024px\" \/><\/figure><\/li><\/ul><\/figure>\n\n\n\n<p><\/p>\n\n\n\n<p style=\"font-size:18px\"><strong>Ficha T\u00e9cnica<\/strong><\/p>\n\n\n\n<p style=\"font-size:18px\">Texto: William Barbier&nbsp;<\/p>\n\n\n\n<p style=\"font-size:18px\">Dramaturgia e dire\u00e7\u00e3o: Roberto Innocente<\/p>\n\n\n\n<p style=\"font-size:18px\">Elenco: Edy Nascimento, Paulo Chierentini e William Barbier&nbsp;<\/p>\n\n\n\n<p style=\"font-size:18px\">Ilumina\u00e7\u00e3o: Clever d&#8217;Freitas<\/p>\n\n\n\n<p style=\"font-size:18px\">Composi\u00e7\u00e3o Musical: Paulo Chierentini&nbsp;<\/p>\n\n\n\n<p style=\"font-size:18px\">Cenografia: Juscelino Z\u00edlio e Roberto Innocente<\/p>\n\n\n\n<p style=\"font-size:18px\">Figurino e adere\u00e7os: Marcelo Salles&nbsp;<\/p>\n\n\n\n<p style=\"font-size:18px\">Realiza\u00e7\u00e3o: BN Produ\u00e7\u00f5es e Barrac\u00e3o EnCena Produ\u00e7\u00f5es&nbsp;<\/p>\n\n\n\n<p style=\"font-size:18px\">Fotos: Gabriel Rega<\/p>\n\n\n\n<p style=\"font-size:18px\">Servi\u00e7o:<\/p>\n\n\n\n<p style=\"font-size:18px\">Data: 12 de outubro &#8211; quarta-feira&nbsp;<\/p>\n\n\n\n<p style=\"font-size:18px\">Hor\u00e1rios: Ser\u00e3o duas Sess\u00f5es, \u00e0s 11h e \u00e0s 15h<\/p>\n\n\n\n<p style=\"font-size:18px\">Local: Teatro Barrac\u00e3o Encena \u2013 Rua Treze de Maio, 160 \u2013 Centro.<\/p>\n\n\n\n<p style=\"font-size:18px\">Classifica\u00e7\u00e3o et\u00e1ria: Livre&nbsp;&nbsp;<\/p>\n\n\n\n<p style=\"font-size:18px\">Dura\u00e7\u00e3o: 45 minutos<\/p>\n\n\n\n<p style=\"font-size:18px\">Ingressos: R$ 50,00 inteira e R$ 25,00 meia entrada<\/p>\n\n\n\n<p style=\"font-size:18px\">A meia entrada \u00e9 v\u00e1lida para estudantes, professores, idosos, pessoas com necessidades especiais, professores e doadores de sangue que comprovem doa\u00e7\u00e3o no \u00faltimo ano. Todos os grupos devem apresentar documentos comprobat\u00f3rios.<\/p>\n\n\n\n<p style=\"font-size:18px\">Os ingressos podem ser comprados na Bilheteria do Teatro Barrac\u00e3o Encena e no site da Sympla.<\/p>\n\n\n\n<p>Link da Sympla&nbsp;<\/p>\n\n\n\n<p>Ingressos sess\u00e3o das 11h&nbsp;<\/p>\n\n\n\n<figure class=\"wp-block-embed\"><div class=\"wp-block-embed__wrapper\">\nhttps:\/\/www.sympla.com.br\/evento\/a-incrivel-aventura-de-sofia-e-vovo-ludovico\/1739121\n<\/div><\/figure>\n\n\n\n<p>Ingressos sess\u00e3o das 15h&nbsp;<\/p>\n\n\n\n<figure class=\"wp-block-embed\"><div class=\"wp-block-embed__wrapper\">\nhttps:\/\/www.sympla.com.br\/evento\/a-incrivel-aventura-de-sofia-e-vovo-ludovico\/1739131\n<\/div><\/figure>\n\n\n\n<p>PROMO\u00c7\u00c3O: At\u00e9 o dia 08 de outubro, voc\u00ea pode utilizar o c\u00f3digo promocional BARRACAO20 e ganhar 20% de desconto na compra do ingresso inteiro na Sympla.<\/p>\n","protected":false},"excerpt":{"rendered":"<p>Produzido de forma independente pela BN Produ\u00e7\u00f5es e Barrac\u00e3o EnCena Produ\u00e7\u00f5es, o espet\u00e1culo traz uma&#8230;<\/p>\n","protected":false},"author":1,"featured_media":6400,"comment_status":"closed","ping_status":"open","sticky":false,"template":"","format":"standard","meta":{"om_disable_all_campaigns":false,"_monsterinsights_skip_tracking":false,"_monsterinsights_sitenote_active":false,"_monsterinsights_sitenote_note":"","_monsterinsights_sitenote_category":0,"spay_email":""},"categories":[27],"tags":[],"jetpack_featured_media_url":"https:\/\/vimagazine.com.br\/wp-content\/uploads\/2022\/10\/WhatsApp-Image-2022-10-03-at-17.22.05-1.jpeg","_links":{"self":[{"href":"https:\/\/vimagazine.com.br\/index.php?rest_route=\/wp\/v2\/posts\/6396"}],"collection":[{"href":"https:\/\/vimagazine.com.br\/index.php?rest_route=\/wp\/v2\/posts"}],"about":[{"href":"https:\/\/vimagazine.com.br\/index.php?rest_route=\/wp\/v2\/types\/post"}],"author":[{"embeddable":true,"href":"https:\/\/vimagazine.com.br\/index.php?rest_route=\/wp\/v2\/users\/1"}],"replies":[{"embeddable":true,"href":"https:\/\/vimagazine.com.br\/index.php?rest_route=%2Fwp%2Fv2%2Fcomments&post=6396"}],"version-history":[{"count":1,"href":"https:\/\/vimagazine.com.br\/index.php?rest_route=\/wp\/v2\/posts\/6396\/revisions"}],"predecessor-version":[{"id":6401,"href":"https:\/\/vimagazine.com.br\/index.php?rest_route=\/wp\/v2\/posts\/6396\/revisions\/6401"}],"wp:featuredmedia":[{"embeddable":true,"href":"https:\/\/vimagazine.com.br\/index.php?rest_route=\/wp\/v2\/media\/6400"}],"wp:attachment":[{"href":"https:\/\/vimagazine.com.br\/index.php?rest_route=%2Fwp%2Fv2%2Fmedia&parent=6396"}],"wp:term":[{"taxonomy":"category","embeddable":true,"href":"https:\/\/vimagazine.com.br\/index.php?rest_route=%2Fwp%2Fv2%2Fcategories&post=6396"},{"taxonomy":"post_tag","embeddable":true,"href":"https:\/\/vimagazine.com.br\/index.php?rest_route=%2Fwp%2Fv2%2Ftags&post=6396"}],"curies":[{"name":"wp","href":"https:\/\/api.w.org\/{rel}","templated":true}]}}