{"id":6405,"date":"2022-10-05T02:50:43","date_gmt":"2022-10-05T05:50:43","guid":{"rendered":"https:\/\/vimagazine.com.br\/?p=6405"},"modified":"2022-10-05T02:50:47","modified_gmt":"2022-10-05T05:50:47","slug":"deputado-eleito-na-italia-faz-uma-analise-do-momento-atual-e-fala-das-suas-perspectivas","status":"publish","type":"post","link":"https:\/\/vimagazine.com.br\/?p=6405","title":{"rendered":"Deputado eleito na It\u00e1lia faz uma an\u00e1lise do momento atual e fala das suas perspectivas"},"content":{"rendered":"\n<p><\/p>\n\n\n\n<p><strong>&nbsp;&nbsp;&nbsp; Fabio Porta<\/strong> nasceu em Caltagirone, na Sic\u00edlia \u2013 It\u00e1lia, \u00e9 formado em Sociologia Econ\u00f4mica na <strong>Universidade La Sapienza<\/strong> em Roma, com louvor, possui especializa\u00e7\u00e3o \u201cEduca\u00e7\u00e3o de Adultos\u201d na <strong>Universidade de Firenze<\/strong>. \u00c9 autor de numerosos artigos e publica\u00e7\u00f5es em jornais italianos e estrangeiros. De 1982 a 1986 foi Secret\u00e1rio Nacional do Movimento Estudantil de A\u00e7\u00e3o Cat\u00f3lica Italiana.<\/p>\n\n\n\n<p>&nbsp;&nbsp;&nbsp; Para falar sobre a sua vit\u00f3ria na candidatura a deputado na It\u00e1lia, avaliar as elei\u00e7\u00f5es italianas e a pol\u00edtica mundial, que eu entrevistei com exclusividade, o Deputado, <strong>Fabio Porta<\/strong>.<\/p>\n\n\n\n<p><strong><em>Como foi ganhar as elei\u00e7\u00f5es para deputado na It\u00e1lia?<\/em><\/strong><\/p>\n\n\n\n<p><strong>&nbsp; R:<\/strong> Foi uma enorme satisfa\u00e7\u00e3o, tendo em vista que foi uma competi\u00e7\u00e3o muito dif\u00edcil, ap\u00f3s a redu\u00e7\u00e3o pela metade do n\u00famero de parlamentares eleitos na Am\u00e9rica do Sul; os italianos com direito ao voto no Brasil \u00e9 metade daqueles que vivem na Argentina e sab\u00edamos que seria muito dif\u00edcil manter, pelo menos, um dos tr\u00eas postos designados no Parlamento. Estou feliz de ter tido sucesso, gra\u00e7as tamb\u00e9m ao nosso candidato ao Senado, Andrea Matarazzo e ao \u00f3timo resultado da lista do Partido Democr\u00e1tico na Am\u00e9rica do Sul.<\/p>\n\n\n\n<p><strong><em>Quais as principais propostas do seu programa de governo que ser\u00e3o implementadas no in\u00edcio do seu mandato?<\/em><\/strong><\/p>\n\n\n\n<p>&nbsp; <strong>&nbsp;&nbsp;R:<\/strong> &nbsp;Quero me concentrar na melhoria dos servi\u00e7os consulares, aumentando os recursos destinados ao \u201cfundo para a cidadania\u201d que eu criei em 2016, utilizando 30% dos valores arrecadados pelos Consulados. Uma outra prioridade, \u00e9 a aprova\u00e7\u00e3o da minha lei sobre o ensino das migra\u00e7\u00f5es nas escolas, para favorecer, na It\u00e1lia, a cultura da inclus\u00e3o e conhecer e apreciar as nossas grandes comunidades no exterior. Vou trabalhar com afinco para apoiar o \u201cturismo de ra\u00edzes\u201d, ocasi\u00e3o para redescobrir os pontos de origem de nossa emigra\u00e7\u00e3o e oportunidade de desenvolvimento para a It\u00e1lia. Incentivar o estudo da l\u00edngua italiana e os interc\u00e2mbios de jovens entre os italianos no mundo, como tamb\u00e9m os acordos entre pequenas e m\u00e9dias empresas dentro e fora da It\u00e1lia.<\/p>\n\n\n\n<p><strong><em>Na sua avalia\u00e7\u00e3o, como foram as elei\u00e7\u00f5es para o parlamento italiano no dia (25\/09) e como o senhor analisa a perda do pleito por parte de Andrea Matarazzo?<\/em><\/strong><\/p>\n\n\n\n<p>&nbsp; <strong>&nbsp;&nbsp;R:<\/strong> &nbsp;O Partido Democr\u00e1tico firmou-se, entre os italianos no mundo, como o primeiro partido, elegendo sete dos doze parlamentares. Um resultado importante, que confirma o grande consenso e o reconhecimento dos italianos no exterior em rela\u00e7\u00e3o ao nosso constante e coerente trabalho. A candidatura de Andrea Matarazzo foi um sucesso, com mais de 32 mil votos e o apoio determinante para a conquista para uma cadeira na C\u00e2mara dos Deputados por parte do PD e por minha parte. Sab\u00edamos que seria muito dif\u00edcil conquistar tamb\u00e9m a cadeira do Senado, conhecendo a for\u00e7a hist\u00f3ria do MAIE na Am\u00e9rica do Sul e o seu grande radicamento na Argentina. Tenho certeza de que esse resultado \u00e9 a base para a constru\u00e7\u00e3o de um grande trabalho nos pr\u00f3ximos anos, com a grande coletividade italiana do Brasil e da Am\u00e9rica do Sul, n\u00e3o s\u00f3 no campo pol\u00edtico.<\/p>\n\n\n\n<p><strong><em>Qual a sua an\u00e1lise sobre a vit\u00f3ria da extrema direita na It\u00e1lia e no que isso muda o cen\u00e1rio pol\u00edtico mundial?<\/em><\/strong><\/p>\n\n\n\n<p>&nbsp;<strong>&nbsp; R:<\/strong> A vit\u00f3ria da extrema direita na It\u00e1lia era prevista. O partido de <strong>Giorgia Meloni<\/strong> beneficiou-se do fato de que, na legislatura passada, esteve sempre na oposi\u00e7\u00e3o, tanto aos governos de direita quanto aos de esquerda. Veremos agora o que saber\u00e1 fazer no governo, visto que governar \u00e9 diferente de protestar. Nos preocupam algumas posi\u00e7\u00f5es euro c\u00e9ticas, as atitudes fortemente xen\u00f3fobas e as alian\u00e7as desse partido na Europa e no mundo com organiza\u00e7\u00f5es de extrema direita que se distinguem por atitudes de intoler\u00e2ncia e radicalismo religioso. Esperamos que essas tend\u00eancias n\u00e3o prevale\u00e7am no governo italiano e, por isso, ser\u00e1 importante a oposi\u00e7\u00e3o firme e respons\u00e1vel do Partido Democr\u00e1tico.<\/p>\n\n\n\n<p><strong><em>Como o senhor avalia o cen\u00e1rio de polariza\u00e7\u00e3o pol\u00edtica vivido no Brasil?<\/em><\/strong><\/p>\n\n\n\n<p>&nbsp; <strong>&nbsp;&nbsp;R:<\/strong> &nbsp;A polariza\u00e7\u00e3o e o extremismo do confronto pol\u00edtico n\u00e3o s\u00e3o, infelizmente, um fen\u00f4meno somente brasileiro; trata-se de uma tend\u00eancia mundial, acentuada pelo uso distorcido e manipulado das redes sociais que favoreceram a simplifica\u00e7\u00e3o do debate pol\u00edtico e a radicaliza\u00e7\u00e3o da rela\u00e7\u00e3o entre os partidos. No Brasil, a elei\u00e7\u00e3o de Bolsonaro em 2018 representou o momento mais alto dessa tend\u00eancia \u00e0 polariza\u00e7\u00e3o e, pelo que vi, a tend\u00eancia piorou nos anos subsequentes justamente devido \u00e0 maneira demag\u00f3gica e provocat\u00f3ria do Presidente de compreender o seu mandato.&nbsp; Espero que o Brasil e o mundo possam logo voltar a um confronto pol\u00edtico baseado no respeito ao advers\u00e1rio, a um confronto entre propostas diferentes e \u00e0 busca de solu\u00e7\u00f5es comuns para o bem do Pa\u00eds.<\/p>\n\n\n\n<p><strong><em>Como o senhor classifica os discursos de \u00f3dio disseminados nas redes sociais e o aumento das \u201cfake News\u201d?<\/em><\/strong><\/p>\n\n\n\n<p>&nbsp;<strong>&nbsp; R:<\/strong> &nbsp;Considero as \u2018fakes news\u2019 o pior efeito da polariza\u00e7\u00e3o do debate pol\u00edtico. Infelizmente, foram utilizadas de forma sistem\u00e1tica e agressiva; tivemos um exemplo com a Brexit, na Gr\u00e3 Bretanha, e depois com a elei\u00e7\u00e3o de Trump, nos Estados Unidos. A campanha de Bolsonaro, e a sua presid\u00eancia tamb\u00e9m, me parece, foram caracterizadas pelo recurso cont\u00ednuo a informa\u00e7\u00f5es falsas ou instrumentalmente distorcidas. Infelizmente, tamb\u00e9m nas elei\u00e7\u00f5es italianas, principalmente na Am\u00e9rica do Sul, manifestaram-se essas \u201canomalias democr\u00e1ticas\u201d. Pessoalmente e, como Partido, temos sido continuamente objeto de \u201cfake News\u201d por parte de nossos concorrentes, principalmente por partidos de extrema direita.<\/p>\n\n\n\n<p><strong><em>Na sua opini\u00e3o quem ganhar\u00e1 as elei\u00e7\u00f5es presidenciais no Brasil e quais os principais desafios que o presidente eleito ter\u00e1?<\/em><\/strong><\/p>\n\n\n\n<p>&nbsp; <strong>&nbsp;&nbsp;R:<\/strong> A poucas horas do voto posso somente dizer que todas as pesquisas apontam Lula Presidente, no primeiro e segundo turnos. Os desafios s\u00e3o enormes, do mesmo tamanho do Brasil. N\u00e3o ser\u00e1 somente reconstruir um Pa\u00eds atormentado pela Covid, pela crescente pobreza e pela devasta\u00e7\u00e3o ambiental. Deve-se, acredito, reconstruir tamb\u00e9m o senso c\u00edvico de um Pa\u00eds dividido que deve voltar a ser unido em torno dos princ\u00edpios inspiradores da Constitui\u00e7\u00e3o e dos valores de comunidade que, ultimamente, vejo cada vez mais fracos e divididos.<\/p>\n\n\n\n<p><strong><em>Quais s\u00e3o as p\u00e1ginas em que as pessoas podem acompanhar os seus trabalhos?<\/em><\/strong><\/p>\n\n\n\n<p>&nbsp;&nbsp; <strong>&nbsp;&nbsp;R:<\/strong> &nbsp;O meu site: <a href=\"http:\/\/www.fabioporta.com\">www.fabioporta.com<\/a>, mas tamb\u00e9m os meus perfis das redes sociais. Facebook: Fabio Porta \/ <strong>Instagram<\/strong>: <a href=\"https:\/\/www.instagram.com\/f.porta\/\">https:\/\/www.instagram.com\/f.porta\/<\/a> <strong>Twitter<\/strong>: porta2020<\/p>\n\n\n\n<p><strong><em>Quais as suas considera\u00e7\u00f5es finais?<\/em><\/strong><\/p>\n\n\n\n<p>&nbsp; <strong>&nbsp;&nbsp;R:<\/strong> &nbsp;Quero simplesmente agradecer os milhares de pessoas que apresentaram sua confian\u00e7a e confirmaram seu apoio em mim para que possa mais uma vez represent\u00e1-los no Parlamento Italiano. Estou feliz de n\u00e3o os ter desiludido e me comprometo desde agora a ser a voz de todos os italianos do Brasil, da Am\u00e9rica Meridional e do Mundo na C\u00e2mara dos Deputados. Colocarei toda minha paix\u00e3o, meu empenho e a minha compet\u00eancia.<\/p>\n","protected":false},"excerpt":{"rendered":"<p>&nbsp;&nbsp;&nbsp; Fabio Porta nasceu em Caltagirone, na Sic\u00edlia \u2013 It\u00e1lia, \u00e9 formado em Sociologia Econ\u00f4mica&#8230;<\/p>\n","protected":false},"author":2,"featured_media":6406,"comment_status":"closed","ping_status":"open","sticky":false,"template":"","format":"standard","meta":{"om_disable_all_campaigns":false,"_monsterinsights_skip_tracking":false,"_monsterinsights_sitenote_active":false,"_monsterinsights_sitenote_note":"","_monsterinsights_sitenote_category":0,"spay_email":""},"categories":[31],"tags":[451,432,452],"jetpack_featured_media_url":"https:\/\/vimagazine.com.br\/wp-content\/uploads\/2022\/10\/Porta-2022-AS-Studio-Foto-e-Video-033.jpg","_links":{"self":[{"href":"https:\/\/vimagazine.com.br\/index.php?rest_route=\/wp\/v2\/posts\/6405"}],"collection":[{"href":"https:\/\/vimagazine.com.br\/index.php?rest_route=\/wp\/v2\/posts"}],"about":[{"href":"https:\/\/vimagazine.com.br\/index.php?rest_route=\/wp\/v2\/types\/post"}],"author":[{"embeddable":true,"href":"https:\/\/vimagazine.com.br\/index.php?rest_route=\/wp\/v2\/users\/2"}],"replies":[{"embeddable":true,"href":"https:\/\/vimagazine.com.br\/index.php?rest_route=%2Fwp%2Fv2%2Fcomments&post=6405"}],"version-history":[{"count":1,"href":"https:\/\/vimagazine.com.br\/index.php?rest_route=\/wp\/v2\/posts\/6405\/revisions"}],"predecessor-version":[{"id":6407,"href":"https:\/\/vimagazine.com.br\/index.php?rest_route=\/wp\/v2\/posts\/6405\/revisions\/6407"}],"wp:featuredmedia":[{"embeddable":true,"href":"https:\/\/vimagazine.com.br\/index.php?rest_route=\/wp\/v2\/media\/6406"}],"wp:attachment":[{"href":"https:\/\/vimagazine.com.br\/index.php?rest_route=%2Fwp%2Fv2%2Fmedia&parent=6405"}],"wp:term":[{"taxonomy":"category","embeddable":true,"href":"https:\/\/vimagazine.com.br\/index.php?rest_route=%2Fwp%2Fv2%2Fcategories&post=6405"},{"taxonomy":"post_tag","embeddable":true,"href":"https:\/\/vimagazine.com.br\/index.php?rest_route=%2Fwp%2Fv2%2Ftags&post=6405"}],"curies":[{"name":"wp","href":"https:\/\/api.w.org\/{rel}","templated":true}]}}