{"id":6486,"date":"2022-10-05T23:41:57","date_gmt":"2022-10-06T02:41:57","guid":{"rendered":"https:\/\/vimagazine.com.br\/?p=6486"},"modified":"2022-10-06T08:51:27","modified_gmt":"2022-10-06T11:51:27","slug":"palhacos-patati-patata-alegra-o-palco-do-vem-com-gente-de-gardenia-cavalcanti","status":"publish","type":"post","link":"https:\/\/vimagazine.com.br\/?p=6486","title":{"rendered":"Palha\u00e7os Patati Patat\u00e1 alegram o palco do &#8220;Vem Com Gente&#8221; de Gard\u00eania Cavalcanti"},"content":{"rendered":"\n<p>Nesta quarta-feira (5) os palha\u00e7os Patati Patat\u00e1 marcou presen\u00e7a no palco do programa Ven Vem Com A Gente, da Band, para alegria da crian\u00e7ada. O Circo Show estar\u00e1 no estacionamento do shopping Via Parque, na Barra da Tijuca.<\/p>\n\n\n\n<p><em>\u201cAs fam\u00edlias amam o Patati Patat\u00e1 Circo Show, durante a pandemia recebemos milhares de mensagens pedindo a volta dos espet\u00e1culos. Estamos muito felizes por estarmos de volta, seguindo todas as medidas necess\u00e1rias para oferecer um entretenimento divertido, alegre e, sobretudo, seguro e confort\u00e1vel para as fam\u00edlias. Temos certeza que pais e filhos ir\u00e3o se divertir muito no nosso Circo\u201d,<\/em> afirma Igor Faria, criador do projeto Patati Patat\u00e1 Circo Show.<\/p>\n\n\n\n<figure class=\"wp-container-2 wp-block-gallery-1 wp-block-gallery columns-2 is-cropped\"><ul class=\"blocks-gallery-grid\"><li class=\"blocks-gallery-item\"><figure><img width=\"768\" height=\"1024\" src=\"https:\/\/vimagazine.com.br\/wp-content\/uploads\/2022\/10\/WhatsApp-Image-2022-10-05-at-16.42.02-768x1024.jpeg\" alt=\"\" data-id=\"6489\" data-full-url=\"https:\/\/vimagazine.com.br\/wp-content\/uploads\/2022\/10\/WhatsApp-Image-2022-10-05-at-16.42.02.jpeg\" data-link=\"https:\/\/vimagazine.com.br\/?attachment_id=6489\" class=\"wp-image-6489\" srcset=\"https:\/\/vimagazine.com.br\/wp-content\/uploads\/2022\/10\/WhatsApp-Image-2022-10-05-at-16.42.02-768x1023.jpeg 768w, https:\/\/vimagazine.com.br\/wp-content\/uploads\/2022\/10\/WhatsApp-Image-2022-10-05-at-16.42.02-225x300.jpeg 225w, https:\/\/vimagazine.com.br\/wp-content\/uploads\/2022\/10\/WhatsApp-Image-2022-10-05-at-16.42.02-1153x1536.jpeg 1153w, https:\/\/vimagazine.com.br\/wp-content\/uploads\/2022\/10\/WhatsApp-Image-2022-10-05-at-16.42.02-1024x1364.jpeg 1024w, https:\/\/vimagazine.com.br\/wp-content\/uploads\/2022\/10\/WhatsApp-Image-2022-10-05-at-16.42.02.jpeg 1200w\" sizes=\"(max-width: 768px) 100vw, 768px\" \/><\/figure><\/li><li class=\"blocks-gallery-item\"><figure><img width=\"768\" height=\"1024\" src=\"https:\/\/vimagazine.com.br\/wp-content\/uploads\/2022\/10\/WhatsApp-Image-2022-10-05-at-16.42.02-1-768x1024.jpeg\" alt=\"\" data-id=\"6488\" data-full-url=\"https:\/\/vimagazine.com.br\/wp-content\/uploads\/2022\/10\/WhatsApp-Image-2022-10-05-at-16.42.02-1.jpeg\" data-link=\"https:\/\/vimagazine.com.br\/?attachment_id=6488\" class=\"wp-image-6488\" srcset=\"https:\/\/vimagazine.com.br\/wp-content\/uploads\/2022\/10\/WhatsApp-Image-2022-10-05-at-16.42.02-1-768x1023.jpeg 768w, https:\/\/vimagazine.com.br\/wp-content\/uploads\/2022\/10\/WhatsApp-Image-2022-10-05-at-16.42.02-1-225x300.jpeg 225w, https:\/\/vimagazine.com.br\/wp-content\/uploads\/2022\/10\/WhatsApp-Image-2022-10-05-at-16.42.02-1-1153x1536.jpeg 1153w, https:\/\/vimagazine.com.br\/wp-content\/uploads\/2022\/10\/WhatsApp-Image-2022-10-05-at-16.42.02-1-1024x1364.jpeg 1024w, https:\/\/vimagazine.com.br\/wp-content\/uploads\/2022\/10\/WhatsApp-Image-2022-10-05-at-16.42.02-1.jpeg 1200w\" sizes=\"(max-width: 768px) 100vw, 768px\" \/><\/figure><\/li><\/ul><\/figure>\n\n\n\n<p><em>\u201cQueremos celebrar o m\u00eas das crian\u00e7as aqui no programa e o circo traz um universo cheio de encanto e magia onde as crian\u00e7as podem ser crian\u00e7as, sorrir e brincar! Amo assistir espet\u00e1culos circenses e os personagens que fazem sucesso na TV: Nutr\u00edcia, Quasi, Floffy, Alegra, Amarga e Azedo\u201d,<\/em> disse Gard\u00eania.<\/p>\n\n\n\n<p><strong>Servi\u00e7o<\/strong><\/p>\n\n\n\n<p>O programa das tardes da Band Rio \u00e9 exibido<strong> <\/strong>ao vivo, de segunda a sexta-feira, das 13h30 \u00e0s 14h30. O programa ao vivo \u00e9 exibido para todo o estado do Rio de Janeiro atrav\u00e9s da Band Rio e para todo o Brasil e mundo atrav\u00e9s do canal do \u201cVem com a Gente\u201d no YouTube da Band Rio: Vem com a Gente \u2013 YouTube.<\/p>\n","protected":false},"excerpt":{"rendered":"<p>Nesta quarta-feira (5) os palha\u00e7os Patati Patat\u00e1 marcou presen\u00e7a no palco do programa Ven Vem&#8230;<\/p>\n","protected":false},"author":18,"featured_media":6487,"comment_status":"closed","ping_status":"open","sticky":false,"template":"","format":"standard","meta":{"om_disable_all_campaigns":false,"_monsterinsights_skip_tracking":false,"_monsterinsights_sitenote_active":false,"_monsterinsights_sitenote_note":"","_monsterinsights_sitenote_category":0,"spay_email":""},"categories":[1],"tags":[359,453,357,354,353,358],"jetpack_featured_media_url":"https:\/\/vimagazine.com.br\/wp-content\/uploads\/2022\/10\/WhatsApp-Image-2022-10-05-at-16.42.02-2.jpeg","_links":{"self":[{"href":"https:\/\/vimagazine.com.br\/index.php?rest_route=\/wp\/v2\/posts\/6486"}],"collection":[{"href":"https:\/\/vimagazine.com.br\/index.php?rest_route=\/wp\/v2\/posts"}],"about":[{"href":"https:\/\/vimagazine.com.br\/index.php?rest_route=\/wp\/v2\/types\/post"}],"author":[{"embeddable":true,"href":"https:\/\/vimagazine.com.br\/index.php?rest_route=\/wp\/v2\/users\/18"}],"replies":[{"embeddable":true,"href":"https:\/\/vimagazine.com.br\/index.php?rest_route=%2Fwp%2Fv2%2Fcomments&post=6486"}],"version-history":[{"count":2,"href":"https:\/\/vimagazine.com.br\/index.php?rest_route=\/wp\/v2\/posts\/6486\/revisions"}],"predecessor-version":[{"id":6491,"href":"https:\/\/vimagazine.com.br\/index.php?rest_route=\/wp\/v2\/posts\/6486\/revisions\/6491"}],"wp:featuredmedia":[{"embeddable":true,"href":"https:\/\/vimagazine.com.br\/index.php?rest_route=\/wp\/v2\/media\/6487"}],"wp:attachment":[{"href":"https:\/\/vimagazine.com.br\/index.php?rest_route=%2Fwp%2Fv2%2Fmedia&parent=6486"}],"wp:term":[{"taxonomy":"category","embeddable":true,"href":"https:\/\/vimagazine.com.br\/index.php?rest_route=%2Fwp%2Fv2%2Fcategories&post=6486"},{"taxonomy":"post_tag","embeddable":true,"href":"https:\/\/vimagazine.com.br\/index.php?rest_route=%2Fwp%2Fv2%2Ftags&post=6486"}],"curies":[{"name":"wp","href":"https:\/\/api.w.org\/{rel}","templated":true}]}}